{"id":14632,"date":"2024-10-30T16:24:36","date_gmt":"2024-10-30T16:24:36","guid":{"rendered":"http:\/\/revistalaneta.com.mx\/?p=14632"},"modified":"2024-10-30T16:25:17","modified_gmt":"2024-10-30T16:25:17","slug":"inaugura-gobernador-complejo-de-seguridad","status":"publish","type":"post","link":"http:\/\/revistalaneta.com.mx\/?p=14632","title":{"rendered":"INAUGURA GOBERNADOR COMPLEJO DE SEGURIDAD"},"content":{"rendered":"\n<p><br>En gira de trabajo por el municipio de San Fernando, el gobernador Am\u00e9rico Villarreal Anaya, puso en marcha el complejo de seguridad p\u00fablica El Tej\u00f3n, una obra de 6,779 metros cuadrados, que no solo representa una nueva y moderna infraestructura en materia de seguridad en la entidad, sino que es adem\u00e1s un s\u00edmbolo del compromiso firme que el actual gobierno estatal ha asumido con la protecci\u00f3n y bienestar de los ciudadanos. Y es que dicha obra aparte de mejorar las condiciones operativas de las fuerzas de seguridad, representa tambi\u00e9n un paso firme hacia la consolidaci\u00f3n de un estado m\u00e1s seguro, y con lo que se busca garantizar la tranquilidad de las familias tamaulipecas. Cabe indicar que en esta gira el mandatario estatal tambi\u00e9n acompa\u00f1\u00f3 a su esposa, la se\u00f1ora Mar\u00eda Santiago de Villarreal, presidenta del Sistema DIF Tamaulipas, en la puesta en marcha de la \u201cBrigada Transformando Familias\u201d, y mediante la cual se llevan servicios y beneficios del gobierno a todas las regiones, acercando soluciones a quienes m\u00e1s lo necesitan.<\/p>\n\n\n\n<p>REALIZAR\u00c1N CONGRESO INTERNACIONAL DE URBANISMO<br \/>Con el prop\u00f3sito de conocer a fondo hacia donde van nuestras ciudades y como lograr que sean m\u00e1s sostenibles, habitables y responsables con el medio ambiente, la Secretar\u00eda de Desarrollo Urbano y Medio Ambiente (SEDUMA), en coordinaci\u00f3n con la Universidad Aut\u00f3noma de Tamaulipas (UAT) y la colaboraci\u00f3n de la Facultad de Arquitectura, Dise\u00f1o y Urbanismo, llevar\u00e1n a cabo el Primer Congreso Internacional de Urbanismo \u201cCiudades en Transformaci\u00f3n\u201d, a celebrarse los d\u00edas 7 y 8 de noviembre en el Centro de Excelencia de la Universidad Aut\u00f3noma de Tamaulipas (UAT), campus Tampico. Al respecto la titular de la SEDUMA, Karina Lizeth Sald\u00edvar Lartigue, destac\u00f3 que la planificaci\u00f3n urbana es clave para el desarrollo sostenible, contribuyendo a mejorar la calidad de vida, por lo que consider\u00f3 que dicho evento ser\u00e1 una plataforma esencial para reflexionar sobre c\u00f3mo nuestras ciudades deben adaptarse a los retos del futuro, y sobre todo en plena armon\u00eda con el medio ambiente.<\/p>\n\n\n\n<p>TOMAN PROTESTA A COMIT\u00c9 DE TRANSPARENCIA<br \/>Bajo el firme prop\u00f3sito de garantizar el ejercicio efectivo del derecho de acceso a la informaci\u00f3n p\u00fablica, la Presidenta Municipal de Nuevo Laredo, Carmen Lilia Canturosas Villarreal, tom\u00f3 protesta al Comit\u00e9 de Transparencia, cuyos integrantes se encargar\u00e1n de establecer pol\u00edticas que faciliten a la ciudadan\u00eda la obtenci\u00f3n de datos relevantes. Dicho comit\u00e9 lo preside Estuardo \u00c1lvarez, actual director de Asuntos Internos; en tanto que como secretario qued\u00f3 el director jur\u00eddico Rogelio Ram\u00edrez S\u00e1nchez, director Jur\u00eddico, y como vocal el director de Ingresos, Mart\u00edn Reynaldo Garza Garc\u00eda. Correspondi\u00f3 a la propia alcaldesa tomarles la protesta de rigor, y conminarlos a realizar el mejor trabajo posible en beneficio de la ciudadan\u00eda. Cabe indicar que dicho comit\u00e9 estar\u00e1 encargado de promover la apertura y el manejo adecuado de la informaci\u00f3n, as\u00ed como de supervisar el cumplimiento de las normativas relacionadas para mantener a la ciudadan\u00eda bien informada sobre el uso del presupuesto p\u00fablico.<\/p>\n\n\n\n<p>VIGENTE LA CAMPA\u00d1A DE REGISTRO DE NACIMIENTOS<br \/>Sigue vigente la \u201cBrigada para el Registro Oportuno de Nacimientos de Ni\u00f1as, Ni\u00f1os y Adolescentes\u201d, misma que se desarrolla en las cuatro oficial\u00edas del registro civil de esta ciudad, y la cual es totalmente gratuita, pues el objetivo es facilitar el registro de quienes lo requieran. Los requisitos son original y copia del certificado de nacimiento, certificaci\u00f3n del acta de matrimonio de los padres o acta de nacimiento en caso de no estar casados, identificaci\u00f3n oficial del padre, madre o qui\u00e9n comparezca y del comprobante de domicilio. La papeler\u00eda se puede presentar en cualquiera de las cuatro oficial\u00edas, record\u00e1ndose que la Oficial\u00eda Primera se ubica en el Palacio Federal; la Segunda en Washington y Aquiles Serd\u00e1n; la Tercera en Mendoza 1111 y la Cuarta en Revoluci\u00f3n 1204, y todas operan en horario de ocho de la ma\u00f1ana a tres y media de la tarde. La campa\u00f1a se mantendr\u00e1 hasta el mes de noviembre.<\/p>\n\n\n\n<p>HABR\u00c1 EMPLEO EN TU COLONIA<br \/>Este viernes 25 de octubre se llevar\u00e1 a cabo el evento \u201cEmpleo en T\u00fa Colonia\u201d en la plaza \u201cEsteban Baca Calder\u00f3n\u201d, frente a la Presidencia Municipal. Se estar\u00e1n ofertando variadas vacantes en empresas como maquiladoras, agencias transportistas, agencias aduanales, comercios, de servicios y dem\u00e1s. La atenci\u00f3n a la ciudadan\u00eda ser\u00e1 de nueve de la ma\u00f1ana a una de la tarde, pidi\u00e9ndoseles que lleven sus solicitudes de empleo ya elaboradas, para agilizar los tr\u00e1mites. Cabe indicar que este tipo de eventos son de amplio beneficio para aquellas personas que no cuentan con un empleo, pues por lo normal consiguen uno a trav\u00e9s de dichas ferias.<\/p>\n\n\n\n<p>ESTUDIANTES DE LA UTNL VISITAN STEREO 91<br \/>Alumnos de la Universidad Tecnol\u00f3gica de Nuevo Laredo visitaron las instalaciones de Stereo 91 a fin de conocer el funcionamiento de una de las empresas l\u00edderes en esta ciudad fronteriza en cuanto al servicio radiof\u00f3nico se refiere. Cabe indicar que este tipo de actividades son comunes por parte de la UTNL, pues forma parte de la labora extracurricular que llevan a cabo los alumnos, esto a fin de adentrarse en la labor que realizan las empresas locales, y as\u00ed tener una idea m\u00e1s objetiva de la labor que van a emprender una vez que se grad\u00faen y entren de lleno al mercado laboral. Esto es parte fundamental del sistema acad\u00e9mico de la UTNL. Cabe indicar que en su recorrido por Stereo 91 los universitarios fueron atendidos por el ingeniero No\u00e9 Xicot\u00e9ncatl Sep\u00falveda Medina, director operativo de la prestigiada estaci\u00f3n de radio.<\/p>\n\n\n\n<p>PERDI\u00c9NDOSE LOS OFICIOS<br \/>Parece mentira, pero cada vez batalla m\u00e1s la gente para encontrar plomeros, carpinteros y herreros, pues cada vez es menos la gente que se dedica a esos oficios, pues las nuevas generaciones prefieren andar de \u201ctiktokeros\u201d, \u201cyoutuberos\u201d y \u201cperdiendotiemperos\u201d, con el sue\u00f1o guajiro de hacerse ricos de la noche a la ma\u00f1ana. Al paso que vamos en 20 a\u00f1os muchos oficios van a desaparecer, y a ver qui\u00e9n carajos arreglar\u00e1 todas las broncas que se nos vengan encima por la ausencia de conocedores de esos ramos, que muchos tiran a le\u00f3n, pero que son por dem\u00e1s importantes. De hecho, actualmente hasta est\u00e1n siendo bien pagados, precisamente ante la alta demanda de trabajos, y la poca oferta de mano de obra.<\/p>\n\n\n\n<p>VA LA UAT POR M\u00c1S Y MEJORES SERVICIOS EDUCATIVOS<br \/>En el marco de la Octava Reuni\u00f3n Ordinaria del Colegio de Directores de la UAT, el rector D\u00e1maso Anaya Alvarado anunci\u00f3 el impulso a nuevos proyectos en la m\u00e1xima casa de estudios que responden al compromiso de contribuir, desde la academia y la investigaci\u00f3n, al desarrollo de la entidad. En dicha reuni\u00f3n, que congreg\u00f3 a los directivos de las 26 dependencias acad\u00e9micas de la Universidad Aut\u00f3noma de Tamaulipas, se presentaron variadas propuestas enfocadas al fortalecimiento institucional, a la vez que se dej\u00f3 en claro la meta de ampliar la oferta educativa de licenciatura, ofreciendo programas pertinentes e innovadores que respondan a las demandas de los sectores productivos. A la vez se presentaron nuevas estrategias para la titulaci\u00f3n y asuntos relacionados con el cierre del programa presupuestal.<\/p>\n\n\n\n<p>LO \u00daLTIMO<br \/>La Escuela Norma \u201cCuauht\u00e9moc\u201d se encuentra celebrado 72 a\u00f1os de servicio a la comunidad neolaredense, forjando educadores que han sido a su vez forjadores de miles de profesionistas en la localidad. \u00a1Enhorabuena!\u2026 Poco a poco va mejorando el flujo vehicular en la autopista Nuevo Laredo-Monterrey. No obstante las obras de restauraci\u00f3n de dicha carretera van a continuar, por lo que tal vez m\u00e1s adelante vuelvan los congestionamientos\u2026 Un notable avance presenta la obra de construcci\u00f3n de lo que ser\u00e1 la nueva tienda Soriana que se ubicar\u00e1 en Anzures y Prolongaci\u00f3n Monterrey al sur de la ciudad, y que muy probablemente pueda estarse inaugurando a fines del presente a\u00f1o\u2026 Tambi\u00e9n se est\u00e1 construyendo otro gran local comercial en el complejo de Smart La Fe, situado en Eva Samano y Calzada de los H\u00e9roes. Una gran tienda va a estar en ese lugar.<\/p>\n","protected":false},"excerpt":{"rendered":"<p>En gira de trabajo por el municipio de San Fernando, el gobernador Am\u00e9rico Villarreal Anaya, puso en marcha el complejo de seguridad p\u00fablica El Tej\u00f3n, una obra de 6,779 metros &hellip; <a href=\"http:\/\/revistalaneta.com.mx\/?p=14632\" class=\"more-link\">Leer m\u00e1s<\/a><\/p>\n","protected":false},"author":1,"featured_media":14631,"comment_status":"open","ping_status":"open","sticky":false,"template":"","format":"standard","meta":{"footnotes":""},"categories":[2],"tags":[],"class_list":["post-14632","post","type-post","status-publish","format-standard","has-post-thumbnail","hentry","category-chismorreo","entry"],"_links":{"self":[{"href":"http:\/\/revistalaneta.com.mx\/index.php?rest_route=\/wp\/v2\/posts\/14632","targetHints":{"allow":["GET"]}}],"collection":[{"href":"http:\/\/revistalaneta.com.mx\/index.php?rest_route=\/wp\/v2\/posts"}],"about":[{"href":"http:\/\/revistalaneta.com.mx\/index.php?rest_route=\/wp\/v2\/types\/post"}],"author":[{"embeddable":true,"href":"http:\/\/revistalaneta.com.mx\/index.php?rest_route=\/wp\/v2\/users\/1"}],"replies":[{"embeddable":true,"href":"http:\/\/revistalaneta.com.mx\/index.php?rest_route=%2Fwp%2Fv2%2Fcomments&post=14632"}],"version-history":[{"count":1,"href":"http:\/\/revistalaneta.com.mx\/index.php?rest_route=\/wp\/v2\/posts\/14632\/revisions"}],"predecessor-version":[{"id":14633,"href":"http:\/\/revistalaneta.com.mx\/index.php?rest_route=\/wp\/v2\/posts\/14632\/revisions\/14633"}],"wp:featuredmedia":[{"embeddable":true,"href":"http:\/\/revistalaneta.com.mx\/index.php?rest_route=\/wp\/v2\/media\/14631"}],"wp:attachment":[{"href":"http:\/\/revistalaneta.com.mx\/index.php?rest_route=%2Fwp%2Fv2%2Fmedia&parent=14632"}],"wp:term":[{"taxonomy":"category","embeddable":true,"href":"http:\/\/revistalaneta.com.mx\/index.php?rest_route=%2Fwp%2Fv2%2Fcategories&post=14632"},{"taxonomy":"post_tag","embeddable":true,"href":"http:\/\/revistalaneta.com.mx\/index.php?rest_route=%2Fwp%2Fv2%2Ftags&post=14632"}],"curies":[{"name":"wp","href":"https:\/\/api.w.org\/{rel}","templated":true}]}}