{"id":14638,"date":"2024-10-30T16:35:49","date_gmt":"2024-10-30T16:35:49","guid":{"rendered":"http:\/\/revistalaneta.com.mx\/?p=14638"},"modified":"2024-10-30T16:36:20","modified_gmt":"2024-10-30T16:36:20","slug":"gran-inauguracion-del-festival-cultural-tamaulipeco","status":"publish","type":"post","link":"http:\/\/revistalaneta.com.mx\/?p=14638","title":{"rendered":"GRAN INAUGURACI\u00d3N DEL FESTIVAL CULTURAL TAMAULIPECO"},"content":{"rendered":"\n<p><br>Con un gran espect\u00e1culo se llev\u00f3 a cabo la inauguraci\u00f3n del XXII Festival Internacional de la Costa del Seno Mexicano que el Gobierno del Estado de Tamaulipas que dirige Am\u00e9rico Villarreal Anaya, y el cual se puso en marcha este viernes por la noche. El evento principal se llev\u00f3 a cabo en Ciudad Victoria, donde la presentaci\u00f3n estuvo a cargo del director del Instituto Tamaulipeco de Cultura y las Artes (ITCA), H\u00e9ctor Romero Lecanda, quien tras detallar pormenores de tan importante evento dio la palabra al mandatario estatal, quien record\u00f3 que dicho festival se rescat\u00f3 desde el a\u00f1o pasado para celebrar la riqueza cultural que distingue a Tamaulipas, a la vez que dijo que dicho encuentro es una ventana abierta al mundo donde las tradiciones se entrelazan con la modernidad, y que abre la oportunidad de fortalecer la identidad de los tamaulipecos, agregando que representa un desarrollo econ\u00f3mico para la regi\u00f3n y fortalece la cultura de la entidad. Finalmente agradeci\u00f3 a todos los participantes hacer posible dicho encuentro, que indudablemente hace que Tamaulipas se ponga en el panorama internacional en el \u00e1mbito de la cultura y las artes.<\/p>\n\n\n\n<p>EN NUEVO LAREDO TAMBI\u00c9N SE PUSO EN MARCHA EL FESTIVAL<br \/>Y en Nuevo Laredo tambi\u00e9n se llev\u00f3 a cabo la inauguraci\u00f3n del referido festival, esto como parte de las diversas actividades que se desarrollar\u00e1n en todos los municipios, dentro del gran festejo que durar\u00e1 hasta el 3 de noviembre. En la localidad la actividad cultural fue pues en marcha por la alcaldesa Carmen Lilia Canturosas Villarreal, en el teatro principal del Centro Cultural de Nuevo Laredo, donde toda la semana se van a estar desarrollando diversas actividades, al igual que en la explanada Independencia de la plaza Hidalgo. Toda una gran cartelera se ha programado para esta ciudad fronteriza, que bien vale la pena que los neolaredenses acudan a presenciar los diversos eventos.<\/p>\n\n\n\n<p>INTEGRA CCR TRES IMPORTANTES COMISIONES<br \/>Tras aprobarse la conformaci\u00f3n de 34 comisiones legislativas al interior de la C\u00e1mara de Diputados, el diputado federal por Nuevo Laredo, Carlos Canturosas Villarreal, logr\u00f3 quedar como secretario de la importante Comisi\u00f3n de Gobernaci\u00f3n, as\u00ed como integrante de las tambi\u00e9n relevante de Hacienda y Cr\u00e9dito P\u00fablico, adem\u00e1s de la de Seguridad P\u00fablica. Tras esto CCR se comprometi\u00f3 a trabajar en cada comisi\u00f3n con mucha responsabilidad. Cabe indicar que como secretario de la Comisi\u00f3n de Gobernaci\u00f3n, Carlos Canturosas Villarreal tendr\u00e1 una posici\u00f3n clave en la evaluaci\u00f3n de modificaciones y proyectos de la organizaci\u00f3n pol\u00edtica y administrativa del gobierno como la reforma pol\u00edtica, la conformaci\u00f3n de poderes y el fortalecimiento de la democracia, mientras que como miembro de la Comisi\u00f3n de Hacienda y Cr\u00e9dito P\u00fablico, analizar\u00e1 y discutir\u00e1 aspectos relacionados con la pol\u00edtica fiscal, la distribuci\u00f3n de recursos y la supervisi\u00f3n del gasto p\u00fablico y en la Comisi\u00f3n de Seguridad P\u00fablica contribuir\u00e1 en temas relacionados con la protecci\u00f3n ciudadana, la mejora de la justicia y en promover un ambiente seguro para los ciudadanos. Bien por CCR.<\/p>\n\n\n\n<p>VA IETAM POR 392 MILLONES DE PRESUPUESTO<br \/>Un total de 392 millones 098 mil pesos es lo que est\u00e1 solicitando el Instituto Electoral de Tamaulipas, el IETAM; como presupuesto para el 2025, aunque ojo, dicha cantidad no considera lo concerniente a la celebraci\u00f3n de la anunciada elecci\u00f3n de jueces y magistrados que se tiene programada para el 2 de junio, pues si dicha elecci\u00f3n se llega a concretar, entonces se tendr\u00edan que aplicar recursos adicionales, esto seg\u00fan lo manifestado por Juan Jos\u00e9 Ramos Charre, presidente del IETAM, quien hizo saber que la cantidad mencionada es la del presupuesto normal, para lo que com\u00fanmente se emplea, y donde de hecho del total solicitado, 214 millones de pesos ser\u00edan destinados a los partidos pol\u00edticos, lo que representa el 53 por ciento del total de lo que se va a recibir. O sea que como siempre, los partidos pol\u00edticos van a resultar los ganones de los recursos que reciba dicho \u00f3rgano electoral, y eso que no hay programadas elecciones normales, es decir de alcald\u00edas, diputaciones locales o federales u otras, esas fueron precisamente este a\u00f1o.<\/p>\n\n\n\n<p>DAN ALTERNATIVAS A CAMIONEROS<br \/>Ante los trabajos de rehabilitaci\u00f3n del Segundo Anillo Perif\u00e9rico, en su tramo de Bulevar Rea a la carretera a Piedras Negras, la alcaldesa Carmen Lilia Canturosas Villarreal, dictamin\u00f3 que los operadores de camiones de carga pesada pueden utilizar la carretera Aeropuerto y Piedras Negras en ambos sentidos, adem\u00e1s de la carretera An\u00e1huac para poder llegar al Puente 3 de manera temporal sin verse sujetos a infracci\u00f3n alguna por elementos de Tr\u00e1nsito y Vialidad, ante el uso de dicha v\u00eda alterna por el tiempo que dure la referida rehabilitaci\u00f3n. Pues bien por Carmen Lilia, que atiende las necesidades de los ch\u00f3feres de camiones ante tal situaci\u00f3n. Por cierto que la carretera Mex-Dos se est\u00e1 saturando ante tales trabajos, pero igualmente agentes viales est\u00e1n dando el respecto desfogue en dicho camino.<\/p>\n\n\n\n<p>NI\u00d1O GOLFISTA NEOLAREDENSE GANA TORNEO<br \/>Muchas felicidades al peque\u00f1o golfista Diego L\u00f3pez, originario de Nuevo Laredo, y quien acaba de ganar un importante torneo de golf infantil celebrado en la ciudad de Torre\u00f3n, Coahuila. Con solo nueve a\u00f1os de edad el mencionado compiti\u00f3 junto a cerca de 40 jugadores de su categor\u00eda de 8-9 a\u00f1os originarios de Coahuila, San Lu\u00eds Potos\u00ed, Nuevo Le\u00f3n y Tamaulipas y donde logr\u00f3 quedar campe\u00f3n, con el respaldo de su maestro Jos\u00e9 Luis P\u00e9rez \u201cLa Hormiga\u201d. Bien por este jovencito, que se ve que tiene un gran futuro por delante en el apasionante juego del golf.<\/p>\n\n\n\n<p>FIRMA CONVENIO LA UAT CON MUNICIPIO DE MADERO<br \/>Un importante convenio de colaboraci\u00f3n llev\u00f3 a cabo la Universidad Aut\u00f3noma de Tamaulipas (UAT) con el municipio de Madero, consistente en fortalecer la cooperaci\u00f3n en programas conjuntos de car\u00e1cter acad\u00e9mico, cient\u00edfico y cultural, que aporten al bienestar y progreso de los habitantes de dicha poblaci\u00f3n. El referido acuerdo fue firmado por el rector de la UAT, D\u00e1maso Anaya Alvarado, as\u00ed como por el alcalde de Ciudad Madero, Erasmo Gonz\u00e1lez Robledo, con la asistencia del subsecretario de gobierno, Tom\u00e1s Gloria Requena, como testigo de honor, en representaci\u00f3n del gobernador Am\u00e9rico Villarreal Anaya. En su mensaje D\u00e1maso Anaya destac\u00f3 la disposici\u00f3n de la Universidad por colaborar en proyectos de impacto en la comunidad y de contribuir, desde la educaci\u00f3n superior, al bienestar y el progreso social, a la vez que dijo que mediante esta vinculaci\u00f3n, la UAT se compromete a poner al servicio del municipio su capacidad acad\u00e9mica, cient\u00edfica y de vinculaci\u00f3n social, a trav\u00e9s de sus programas educativos, proyectos de investigaci\u00f3n y el servicio comunitario, contribuyendo en \u00e1reas como el turismo, la sostenibilidad ambiental, la salud p\u00fablica y la tecnolog\u00eda. Bien por ello.<\/p>\n\n\n\n<p>CHISTECILLOS<br \/>Un d\u00eda se encuentran Manolo y Venancio en la \u00f3ptica y le pregunta Manolo a Venancio: \u201c\u00bfVenancio, porque vienes vestido de smoking a la \u00f3ptica?\u201dY Venancio le responde: \u201cES QUE VENGO A LA GRADUACI\u00d3N DE MIS LENTES\u201d.<\/p>\n\n\n\n<p>TARJETA<br \/>El hijo le pregunta al padre: &#8220;Pap\u00e1, pap\u00e1 \u00bfhas encontrado ya la tarjeta de cr\u00e9dito?&#8221;El padre le contesta: &#8220;No\u201dLe vuelve a preguntar el hijo: &#8220;\u00bfY por qu\u00e9 no vas a la polic\u00eda y denuncias el robo de la tarjeta?&#8221;Y le dice el padre: \u201cCalla, calla, que no te escuchen, QUE EL LADR\u00d3N GASTA MENOS QUE TU MADRE.&#8221;<\/p>\n\n\n\n<p>CRIMEN<br \/>El juez se dirige al acusado: &#8220;A ver, cu\u00e9nteme su versi\u00f3n de los hechos&#8221;.&#8221;Ver\u00e1, estaba yo en la cocina con el cuchillo de cortar jam\u00f3n. En eso que entra mi mujer, tropieza, cae sobre el cuchillo y se lo clava en el pecho&#8221;.&#8221;Ya, siga.&#8221;&#8221;PUES AS\u00cd, SIETE VECES&#8221;.<\/p>\n\n\n\n<p>NECESIDAD<br \/>\u201cAve, C\u00e9sar, necesitamos Centuriones\u201d<br \/>\u201c\u00bfA qu\u00e9 se debe, General?\u201d<br \/>\u201c\u00a1A QUE SE NOS CAEN LOS PANTALIONES!\u201d.<\/p>\n","protected":false},"excerpt":{"rendered":"<p>Con un gran espect\u00e1culo se llev\u00f3 a cabo la inauguraci\u00f3n del XXII Festival Internacional de la Costa del Seno Mexicano que el Gobierno del Estado de Tamaulipas que dirige Am\u00e9rico &hellip; <a href=\"http:\/\/revistalaneta.com.mx\/?p=14638\" class=\"more-link\">Leer m\u00e1s<\/a><\/p>\n","protected":false},"author":1,"featured_media":14637,"comment_status":"open","ping_status":"open","sticky":false,"template":"","format":"standard","meta":{"footnotes":""},"categories":[2],"tags":[],"class_list":["post-14638","post","type-post","status-publish","format-standard","has-post-thumbnail","hentry","category-chismorreo","entry"],"_links":{"self":[{"href":"http:\/\/revistalaneta.com.mx\/index.php?rest_route=\/wp\/v2\/posts\/14638","targetHints":{"allow":["GET"]}}],"collection":[{"href":"http:\/\/revistalaneta.com.mx\/index.php?rest_route=\/wp\/v2\/posts"}],"about":[{"href":"http:\/\/revistalaneta.com.mx\/index.php?rest_route=\/wp\/v2\/types\/post"}],"author":[{"embeddable":true,"href":"http:\/\/revistalaneta.com.mx\/index.php?rest_route=\/wp\/v2\/users\/1"}],"replies":[{"embeddable":true,"href":"http:\/\/revistalaneta.com.mx\/index.php?rest_route=%2Fwp%2Fv2%2Fcomments&post=14638"}],"version-history":[{"count":1,"href":"http:\/\/revistalaneta.com.mx\/index.php?rest_route=\/wp\/v2\/posts\/14638\/revisions"}],"predecessor-version":[{"id":14639,"href":"http:\/\/revistalaneta.com.mx\/index.php?rest_route=\/wp\/v2\/posts\/14638\/revisions\/14639"}],"wp:featuredmedia":[{"embeddable":true,"href":"http:\/\/revistalaneta.com.mx\/index.php?rest_route=\/wp\/v2\/media\/14637"}],"wp:attachment":[{"href":"http:\/\/revistalaneta.com.mx\/index.php?rest_route=%2Fwp%2Fv2%2Fmedia&parent=14638"}],"wp:term":[{"taxonomy":"category","embeddable":true,"href":"http:\/\/revistalaneta.com.mx\/index.php?rest_route=%2Fwp%2Fv2%2Fcategories&post=14638"},{"taxonomy":"post_tag","embeddable":true,"href":"http:\/\/revistalaneta.com.mx\/index.php?rest_route=%2Fwp%2Fv2%2Ftags&post=14638"}],"curies":[{"name":"wp","href":"https:\/\/api.w.org\/{rel}","templated":true}]}}