{"id":14641,"date":"2024-10-30T16:38:51","date_gmt":"2024-10-30T16:38:51","guid":{"rendered":"http:\/\/revistalaneta.com.mx\/?p=14641"},"modified":"2024-10-30T16:39:27","modified_gmt":"2024-10-30T16:39:27","slug":"tendra-la-uat-de-nuevo-laredo-nueva-carrera","status":"publish","type":"post","link":"http:\/\/revistalaneta.com.mx\/?p=14641","title":{"rendered":"TENDR\u00c1 LA UAT DE NUEVO LAREDO NUEVA CARRERA"},"content":{"rendered":"\n<p><br>La Facultad de Comercio, Administraci\u00f3n y Ciencias Sociales (FCACS) de la Universidad Aut\u00f3noma de Tamaulipas, con sede en Nuevo Laredo, tendr\u00e1 una nueva carrera, siendo esta la de Licenciatura en Autotransporte de Carga, cuya modalidad ser\u00e1 escolarizada y tendr\u00e1 periodicidad semestral, y su vigencia ser\u00e1 a partir del 2025. De esta manera la UAT ofrecer\u00e1 en esta ciudad fronteriza una carrera muy acorde a las necesidades del sector empresarial, pues en este sentido hay que considerar que hay muchas compa\u00f1\u00edas transportistas en la ciudad. La aprobaci\u00f3n de esta nueva carrera se dio durante la asamblea de la UAT encabezada por el rector D\u00e1maso Anaya Alvarado, y donde los asamble\u00edstas de las 26 \u00e1reas acad\u00e9micas que integran la m\u00e1xima casa de estudios de la entidad, dieron el visto bueno a tal acci\u00f3n, as\u00ed como tambi\u00e9n aprobaron otra nueva carrera que ser\u00e1 la Licenciatura en Ingenier\u00eda en Ciencias de Datos, que impartir\u00e1 la Facultad de Ingenier\u00eda y Ciencias de Ciudad Victoria, en modalidad no escolarizada y con periodicidad cuatrimestral, e igualmente con vigencia a partir de 2025.<\/p>\n\n\n\n<p>APRUEBA UAT APERTURA DE PREPARATORIA EN NUEVO LAREDO<br \/>Y en esa misma asamblea de la UAT, se aprob\u00f3 tambi\u00e9n la apertura de la Escuela Preparatoria UAT Nuevo Laredo, esto conforme al decreto n\u00famero 65-918, mediante el cual se autoriza al Ayuntamiento de Nuevo Laredo el comodato de un bien inmueble propiedad municipal, adem\u00e1s de su equipamiento a favor de la Universidad Aut\u00f3noma de Tamaulipas, por el t\u00e9rmino de 20 a\u00f1os, destinado para la nueva preparatoria municipal, mismas que fue inaugurada la semana pasada por la Presidenta Municipal de Nuevo Laredo, Carmen Lilia Canturosas Villarreal, aunque este lunes a las 10 de la ma\u00f1ana ser\u00e1 puesta en marcha de manera oficial por los directivos de la UAT. En su intervenci\u00f3n del rector D\u00e1maso Anaya Alvarado hizo hincapi\u00e9 en que el avance en materia acad\u00e9mica, con todos estos cambios, le va a permitir a la UAT consolidar la calidad de los programas que ofrece a los j\u00f3venes tamaulipecos, quienes, dicho sea de paso, buscan opciones id\u00f3neas para formarse profesionalmente.<\/p>\n\n\n\n<p>CONSTRUIR\u00c1N ENORME MONUMENTO DE LA VIRGEN EN \u201cEL CHORRITO\u201d<br \/>Un monumento de 30 metros con la imagen de la Virgen de \u201cEl Chorrito\u201d ser\u00e1 colocada en el centro religioso \u201cEl Chorrito\u201d del municipio de Hidalgo, Tamaulipas, esto por parte del gobierno del estado, a fin de promover el turismo religioso y con ello detonar la econom\u00eda de dicha zona rural. La obra ya est\u00e1 en marcha, y de hecho ya se construye el enorme monumento, que va a ser el m\u00e1s alto de todo el estado, y que tiene la misma altura del famoso Cristo Redentor de Brasil, aunque no por ello va a ser el m\u00e1s grande de M\u00e9xico. La estatua se colocar\u00e1 en el cerro del \u00e1rea, cerca de la ic\u00f3nica cascada del centro religioso, y donde adem\u00e1s se construir\u00e1 una plazoleta y un mirador, as\u00ed como una zona comercial, todo esto a fin de atraer m\u00e1s turismo a dicha zona de la entidad. Justamente este fin de semana el gobernador Am\u00e9rico Villarreal Anaya acudi\u00f3 a supervisar las obras de construcci\u00f3n del monumento, que se espera quede instalado el a\u00f1o venidero.<\/p>\n\n\n\n<p>INTEGRAN NUEVO CONSEJO DE ADMINISTRACI\u00d3N DE LA COMAPA<br \/>Qued\u00f3 conformado el nuevo Consejo de Administraci\u00f3n de la Comisi\u00f3n Municipal de Agua Potable y Alcantarillado (COMAPA) de Nuevo Laredo, para el per\u00edodo 2024-2027, y el cual ahora contar\u00e1 con funcionarios estatales como integrantes. Fue el pasado viernes que se llev\u00f3 a cabo la sesi\u00f3n de instalaci\u00f3n de dicho consejo, convocada por la alcaldesa Carmen Lilia Canturosas Villarreal y el secretario de Recursos Hidr\u00e1ulicos para el Desarrollo Social del Gobierno del Estado Ra\u00fal Quiroga \u00c1lvarez. El referido consejo queda integrado de la siguiente forma: como presidenta del organismo, Carmen Lilia Canturosas Villarreal, y como integrantes, Francisco Javier Guerrero Cabrieles, director De Fondos y Control Presupuestal en representaci\u00f3n de Enrique \u00c1lvarez del Castillo Rojas, secretario de Tesorer\u00eda y Finanzas; Ignacio Qui\u00f1ones, director de Proyectos en representaci\u00f3n de Carlos de Anda, secretario de Obras P\u00fablicas; Miguel \u00c1ngel Carrillo Barrios, director de Bienestar Social en representaci\u00f3n de Liliana Arjona Barocio, secretaria de Bienestar Social. Asimismo Ra\u00fal Quiroga \u00c1lvarez, secretario de Recursos Hidr\u00e1ulico para el Desarrollo Social; Mario Rebolledo Urcadiz, director de Promoci\u00f3n de la Salud en representaci\u00f3n de Vicente Joel Hern\u00e1ndez Navarro, secretario de Salud del Estado de Tamaulipas; Mayra Alejandra Garc\u00eda Molina, subdirectora de Seguimiento a Organismos P\u00fablicos Descentralizados en representaci\u00f3n de Karina Lizeth Saldivar Lartigue, secretaria de Desarrollo Urbano y Medio Ambiente del Estado de Tamaulipas; adem\u00e1s de los diputados locales Gabriela Regalado, Ana Laura Huerta y Sergio Ojeda. Dicho consejo tendr\u00e1 como objetivo establecer acciones y definir las normas y criterios necesarios para la prestaci\u00f3n eficiente del servicio de agua potable y drenaje y la realizaci\u00f3n de obras necesarias.<\/p>\n\n\n\n<p>EXITOSO DESFILE DE ESCOLTAR Y BANDAS DEL TEC<br \/>Todo un gran espect\u00e1culo result\u00f3 el desfile de Escoltas y Bandas de Guerra celebrado este domingo por la ma\u00f1ana sobre las primeras cuadras de la avenida Guerrero, y que represent\u00f3 la clausura del \u201cIX Encuentro Regional de Escoltas y Bandas de Guerra del TecNM 2024\u201d, organizado por el Instituto Tecnol\u00f3gico de Nuevo Laredo, en el marco del 60 aniversario de su fundaci\u00f3n. M\u00e1s de 20 bandas de guerra de Tecnol\u00f3gicos de la regi\u00f3n y otra gran cantidad de escoltas, incluyendo de la localidad, participaron en este gran evento que estuvo encabezado por la maestra Cecilia Salas Del Campo, representante del Tecnol\u00f3gico Nacional de M\u00e9xico, y donde el anfitri\u00f3n fue el ingeniero Benito S\u00e1nchez Raya, director del Tec de Nuevo Laredo. De esta manera culminan las celebraciones por las seis d\u00e9cadas de fundaci\u00f3n de tan prestigiosa casa de estudios de este puerto fronterizo.<\/p>\n\n\n\n<p>ALUMNOS DE LA UT DE NUEVO LAREDO VIAJAN A CHILE<br \/>Cuatro alumnos de la Universidad Tecnol\u00f3gica de Nuevo Laredo partieron con rumbo a Chile, para hacer una pasant\u00eda t\u00e9cnica en la Universidad Aut\u00f3noma de Chile, campus Talca, donde aprender\u00e1n nuevas t\u00e9cnicas y participar\u00e1n en diferentes eventos. Los alumnos son: Irving Gabriel Gonz\u00e1lez P\u00e9rez, Higinio Abimael Hern\u00e1ndez Castillo, Mar\u00eda Fernanda Salazar Mel\u00e9ndez y Ad\u00e1n Osbaldo P\u00e9rez Ortega todos ellos del d\u00e9cimo cuatrimestre de la carrera de ingenier\u00eda en mantenimiento industrial de la UTNL, y quienes fueron despedidos por el rector Jos\u00e9 Antonio Tovar Lara, quien les dese\u00f3 el mejor de los \u00e9xitos. Se espera que el 12 de noviembre est\u00e9n de regreso. Buen viaje.<\/p>\n\n\n\n<p>FESTEJO DE SAN JUDAS TADEO<br \/>Este lunes es el tradicional festejo a San Judas Tadeo, que como se sabe congrega a muchos fieles del santo patrono de los casos dif\u00edciles y desesperados. Para el caso de Nuevo Laredo el punto de reuni\u00f3n es la iglesia de San Judas Tadeo situada en la colonia Fovissste, y donde toda la semana anterior ha habido peregrinaciones, que se intensificaron este domingo, y ser\u00e1n mucho m\u00e1s justamente este lunes, pues muchos ir\u00e1n a ponerle su veladora y rezarle a quien seg\u00fan algunos creyentes era el primo hermano de Jes\u00fas. Sea pues, haya nos vemos.<\/p>\n\n\n\n<p>\u00bfLLUVIA PARA HALLOWEEN Y D\u00cdA DE MUERTOS?<br \/>A ver si no se ceba el festejo de Halloween en Nuevo Laredo y la regi\u00f3n, ya que para el jueves por la noche hay pronosticadas lluvias, escasas, de apenas un 20 por ciento, pero est\u00e1n previstas. Lo que a la mejor s\u00ed se ceba es la ida a los panteones, ya que para el viernes y s\u00e1bado aumentan las posibilidades de chubascos. As\u00ed que hay que estar atentos a las condiciones del clima para esta semana, porque s\u00ed anda merodeando el agua. Eso s\u00ed, el clima va a estar muy agradable toda la semana entre los 23 y 34 grados cent\u00edgrados.<\/p>\n\n\n\n<p>LO \u00daLTIMO<br \/>Falleci\u00f3 el ingeniero Jes\u00fas Homero Anzald\u00faa Guti\u00e9rrez, esposo de nuestra estimada amiga Ana Laura Garc\u00eda Rodr\u00edguez. Nuestro m\u00e1s sentido p\u00e9same a ella y dem\u00e1s familiares. \u00a1Descanse en paz!\u2026 Olinia se llamar\u00e1 el auto el\u00e9ctrico que el gobierno de M\u00e9xico que preside Claudia Sheinbaum Pardo pretende poner en circulaci\u00f3n en el pa\u00eds en corto plazo. La idea es que sea un auto c\u00f3modo, pero sobre todo econ\u00f3mico, pues la idea es que cueste menos de medio mill\u00f3n de pesos. Suena bien el proyecto\u2026 Por si no lo saben desde el 2013 en Ciudad Madero, Tamaulipas, se celebra el D\u00eda del Marciano. Y este a\u00f1o no ser\u00e1 la excepci\u00f3n, pues se tiene programado un gran festival a celebrarse en la playa Miramar de dicha ciudad portuaria, y donde est\u00e1n bien convencidos que los marcianos los protegen, de ah\u00ed que justamente los celebren. Bueno, todo sea por promover la econom\u00eda de la entidad.<\/p>\n","protected":false},"excerpt":{"rendered":"<p>La Facultad de Comercio, Administraci\u00f3n y Ciencias Sociales (FCACS) de la Universidad Aut\u00f3noma de Tamaulipas, con sede en Nuevo Laredo, tendr\u00e1 una nueva carrera, siendo esta la de Licenciatura en &hellip; <a href=\"http:\/\/revistalaneta.com.mx\/?p=14641\" class=\"more-link\">Leer m\u00e1s<\/a><\/p>\n","protected":false},"author":1,"featured_media":14640,"comment_status":"open","ping_status":"open","sticky":false,"template":"","format":"standard","meta":{"footnotes":""},"categories":[2],"tags":[],"class_list":["post-14641","post","type-post","status-publish","format-standard","has-post-thumbnail","hentry","category-chismorreo","entry"],"_links":{"self":[{"href":"http:\/\/revistalaneta.com.mx\/index.php?rest_route=\/wp\/v2\/posts\/14641","targetHints":{"allow":["GET"]}}],"collection":[{"href":"http:\/\/revistalaneta.com.mx\/index.php?rest_route=\/wp\/v2\/posts"}],"about":[{"href":"http:\/\/revistalaneta.com.mx\/index.php?rest_route=\/wp\/v2\/types\/post"}],"author":[{"embeddable":true,"href":"http:\/\/revistalaneta.com.mx\/index.php?rest_route=\/wp\/v2\/users\/1"}],"replies":[{"embeddable":true,"href":"http:\/\/revistalaneta.com.mx\/index.php?rest_route=%2Fwp%2Fv2%2Fcomments&post=14641"}],"version-history":[{"count":1,"href":"http:\/\/revistalaneta.com.mx\/index.php?rest_route=\/wp\/v2\/posts\/14641\/revisions"}],"predecessor-version":[{"id":14642,"href":"http:\/\/revistalaneta.com.mx\/index.php?rest_route=\/wp\/v2\/posts\/14641\/revisions\/14642"}],"wp:featuredmedia":[{"embeddable":true,"href":"http:\/\/revistalaneta.com.mx\/index.php?rest_route=\/wp\/v2\/media\/14640"}],"wp:attachment":[{"href":"http:\/\/revistalaneta.com.mx\/index.php?rest_route=%2Fwp%2Fv2%2Fmedia&parent=14641"}],"wp:term":[{"taxonomy":"category","embeddable":true,"href":"http:\/\/revistalaneta.com.mx\/index.php?rest_route=%2Fwp%2Fv2%2Fcategories&post=14641"},{"taxonomy":"post_tag","embeddable":true,"href":"http:\/\/revistalaneta.com.mx\/index.php?rest_route=%2Fwp%2Fv2%2Ftags&post=14641"}],"curies":[{"name":"wp","href":"https:\/\/api.w.org\/{rel}","templated":true}]}}