{"id":14644,"date":"2024-10-31T07:40:31","date_gmt":"2024-10-31T07:40:31","guid":{"rendered":"http:\/\/revistalaneta.com.mx\/?p=14644"},"modified":"2024-10-31T07:40:48","modified_gmt":"2024-10-31T07:40:48","slug":"implementa-gobierno-municipal-taller-de-concientizacion-de-la-mariposa-monarca","status":"publish","type":"post","link":"http:\/\/revistalaneta.com.mx\/?p=14644","title":{"rendered":"Implementa Gobierno Municipal taller de concientizaci\u00f3n de la mariposa Monarca"},"content":{"rendered":"\n<p><\/p>\n\n\n\n<p>Nuevo Laredo, Tamps.- El Gobierno Municipal, a trav\u00e9s de la Coordinaci\u00f3n General de Gesti\u00f3n Ambiental, ha puesto en marcha el taller \u201cMonarcas en Vuelo\u201d, un espacio educativo y de concientizaci\u00f3n enfocado en la ruta migratoria de la mariposa monarca.<\/p>\n\n\n\n<p>Este taller tiene como principal objetivo resaltar la importancia ecol\u00f3gica de esta especie emblem\u00e1tica, su ciclo migratorio que cubre miles de kil\u00f3metros y las acciones fundamentales que todos podemos implementar para su conservaci\u00f3n.<\/p>\n\n\n\n<p>La iniciativa incluye un stand informativo dise\u00f1ado para acercar a la poblaci\u00f3n a la vida y traves\u00eda de la mariposa monarca que se ubica en el Zool\u00f3gico de la ciudad, donde los asistentes podr\u00e1n explorar distintos materiales educativos, participar en mesas interactivas y visores de realidad virtual para conocer el rol crucial de esta mariposa en los ecosistemas.<\/p>\n\n\n\n<p>Por medio de esta experiencia el taller busca no solo informar, sino tambi\u00e9n inspirar un sentido de responsabilidad y compromiso con la protecci\u00f3n de la mariposa monarca y su entorno, promoviendo as\u00ed un cambio hacia pr\u00e1cticas m\u00e1s sostenibles y respetuosas con la naturaleza.<\/p>\n\n\n\n<p>Esta actividad del Gobierno Municipal brinda la oportunidad de que la comunidad conozca y valore la biodiversidad, y se convierta en una aliada en la preservaci\u00f3n de esta especie, as\u00ed como contribuir a las acciones a favor de la flora y fauna.<\/p>\n\n\n\n<p>Este programa estar\u00e1 disponible \u00fanicamente los fines de semana en las instalaciones del Zool\u00f3gico y las actividades se retirar\u00e1 a partir de la segunda semana de noviembre.<\/p>\n","protected":false},"excerpt":{"rendered":"<p>Nuevo Laredo, Tamps.- El Gobierno Municipal, a trav\u00e9s de la Coordinaci\u00f3n General de Gesti\u00f3n Ambiental, ha puesto en marcha el taller \u201cMonarcas en Vuelo\u201d, un espacio educativo y de concientizaci\u00f3n &hellip; <a href=\"http:\/\/revistalaneta.com.mx\/?p=14644\" class=\"more-link\">Leer m\u00e1s<\/a><\/p>\n","protected":false},"author":1,"featured_media":14643,"comment_status":"open","ping_status":"open","sticky":false,"template":"","format":"standard","meta":{"footnotes":""},"categories":[4],"tags":[],"class_list":["post-14644","post","type-post","status-publish","format-standard","has-post-thumbnail","hentry","category-nuevo-laredo","entry"],"_links":{"self":[{"href":"http:\/\/revistalaneta.com.mx\/index.php?rest_route=\/wp\/v2\/posts\/14644","targetHints":{"allow":["GET"]}}],"collection":[{"href":"http:\/\/revistalaneta.com.mx\/index.php?rest_route=\/wp\/v2\/posts"}],"about":[{"href":"http:\/\/revistalaneta.com.mx\/index.php?rest_route=\/wp\/v2\/types\/post"}],"author":[{"embeddable":true,"href":"http:\/\/revistalaneta.com.mx\/index.php?rest_route=\/wp\/v2\/users\/1"}],"replies":[{"embeddable":true,"href":"http:\/\/revistalaneta.com.mx\/index.php?rest_route=%2Fwp%2Fv2%2Fcomments&post=14644"}],"version-history":[{"count":1,"href":"http:\/\/revistalaneta.com.mx\/index.php?rest_route=\/wp\/v2\/posts\/14644\/revisions"}],"predecessor-version":[{"id":14645,"href":"http:\/\/revistalaneta.com.mx\/index.php?rest_route=\/wp\/v2\/posts\/14644\/revisions\/14645"}],"wp:featuredmedia":[{"embeddable":true,"href":"http:\/\/revistalaneta.com.mx\/index.php?rest_route=\/wp\/v2\/media\/14643"}],"wp:attachment":[{"href":"http:\/\/revistalaneta.com.mx\/index.php?rest_route=%2Fwp%2Fv2%2Fmedia&parent=14644"}],"wp:term":[{"taxonomy":"category","embeddable":true,"href":"http:\/\/revistalaneta.com.mx\/index.php?rest_route=%2Fwp%2Fv2%2Fcategories&post=14644"},{"taxonomy":"post_tag","embeddable":true,"href":"http:\/\/revistalaneta.com.mx\/index.php?rest_route=%2Fwp%2Fv2%2Ftags&post=14644"}],"curies":[{"name":"wp","href":"https:\/\/api.w.org\/{rel}","templated":true}]}}