{"id":14647,"date":"2024-10-31T07:42:23","date_gmt":"2024-10-31T07:42:23","guid":{"rendered":"http:\/\/revistalaneta.com.mx\/?p=14647"},"modified":"2024-10-31T07:42:37","modified_gmt":"2024-10-31T07:42:37","slug":"viven-neolaredenses-tarde-de-danza-y-teatro","status":"publish","type":"post","link":"http:\/\/revistalaneta.com.mx\/?p=14647","title":{"rendered":"Viven neolaredenses tarde de danza y teatro"},"content":{"rendered":"\n<p><\/p>\n\n\n\n<p>Nuevo Laredo, Tamps.- Las instalaciones del Centro Cultural de Nuevo Laredo se llenaron de familias que disfrutaron de dos espect\u00e1culos art\u00edsticos encabezados por talentos locales, uno de danza folcl\u00f3rica y otro m\u00e1s de teatro.<\/p>\n\n\n\n<p>En el teatro principal, el Grupo de Danza Mextli, ofreci\u00f3 un colorido recorrido por las diferentes regiones del pa\u00eds a trav\u00e9s de bailables tradicionales que cautivaron al p\u00fablico.<\/p>\n\n\n\n<p>Mientras que en el Teatro Experimental la Compa\u00f1\u00eda de Teatro HIJK, present\u00f3 la obra \u201cMucho Ruido y Pocas Nueces\u201d, una adaptaci\u00f3n del cl\u00e1sico hom\u00f3nimo de William Shakespeare.<\/p>\n","protected":false},"excerpt":{"rendered":"<p>Nuevo Laredo, Tamps.- Las instalaciones del Centro Cultural de Nuevo Laredo se llenaron de familias que disfrutaron de dos espect\u00e1culos art\u00edsticos encabezados por talentos locales, uno de danza folcl\u00f3rica y &hellip; <a href=\"http:\/\/revistalaneta.com.mx\/?p=14647\" class=\"more-link\">Leer m\u00e1s<\/a><\/p>\n","protected":false},"author":1,"featured_media":14646,"comment_status":"open","ping_status":"open","sticky":false,"template":"","format":"standard","meta":{"footnotes":""},"categories":[4],"tags":[],"class_list":["post-14647","post","type-post","status-publish","format-standard","has-post-thumbnail","hentry","category-nuevo-laredo","entry"],"_links":{"self":[{"href":"http:\/\/revistalaneta.com.mx\/index.php?rest_route=\/wp\/v2\/posts\/14647","targetHints":{"allow":["GET"]}}],"collection":[{"href":"http:\/\/revistalaneta.com.mx\/index.php?rest_route=\/wp\/v2\/posts"}],"about":[{"href":"http:\/\/revistalaneta.com.mx\/index.php?rest_route=\/wp\/v2\/types\/post"}],"author":[{"embeddable":true,"href":"http:\/\/revistalaneta.com.mx\/index.php?rest_route=\/wp\/v2\/users\/1"}],"replies":[{"embeddable":true,"href":"http:\/\/revistalaneta.com.mx\/index.php?rest_route=%2Fwp%2Fv2%2Fcomments&post=14647"}],"version-history":[{"count":1,"href":"http:\/\/revistalaneta.com.mx\/index.php?rest_route=\/wp\/v2\/posts\/14647\/revisions"}],"predecessor-version":[{"id":14648,"href":"http:\/\/revistalaneta.com.mx\/index.php?rest_route=\/wp\/v2\/posts\/14647\/revisions\/14648"}],"wp:featuredmedia":[{"embeddable":true,"href":"http:\/\/revistalaneta.com.mx\/index.php?rest_route=\/wp\/v2\/media\/14646"}],"wp:attachment":[{"href":"http:\/\/revistalaneta.com.mx\/index.php?rest_route=%2Fwp%2Fv2%2Fmedia&parent=14647"}],"wp:term":[{"taxonomy":"category","embeddable":true,"href":"http:\/\/revistalaneta.com.mx\/index.php?rest_route=%2Fwp%2Fv2%2Fcategories&post=14647"},{"taxonomy":"post_tag","embeddable":true,"href":"http:\/\/revistalaneta.com.mx\/index.php?rest_route=%2Fwp%2Fv2%2Ftags&post=14647"}],"curies":[{"name":"wp","href":"https:\/\/api.w.org\/{rel}","templated":true}]}}