{"id":14674,"date":"2024-11-03T12:10:30","date_gmt":"2024-11-03T12:10:30","guid":{"rendered":"http:\/\/revistalaneta.com.mx\/?p=14674"},"modified":"2024-11-03T12:11:03","modified_gmt":"2024-11-03T12:11:03","slug":"en-marcha-la-nueva-preparatoria-uat-nuevo-laredo","status":"publish","type":"post","link":"http:\/\/revistalaneta.com.mx\/?p=14674","title":{"rendered":"EN MARCHA LA NUEVA PREPARATORIA UAT NUEVO LAREDO"},"content":{"rendered":"\n<p><br>En visita a Nuevo Laredo, el rector de la Universidad Aut\u00f3noma de Tamaulipas (UAT), D\u00e1maso Anaya Alvarado, inaugur\u00f3 oficialmente la nueva Preparatoria UAT Nuevo Laredo a la vez que puso en marcha el nuevo ciclo escolar en ese mismo centro educativo, en lo cual estuvo acompa\u00f1ado de la alcaldesa Carmen Lilia Canturosas Villarreal y el rector de la Universidad Tecnol\u00f3gica de Nuevo Laredo (UTNL), quien tuvo la representaci\u00f3n del gobernador Am\u00e9rico Villarreal Anaya. En el mismo acto el rector de la UAT entreg\u00f3 nombramiento a C\u00e9sar Hern\u00e1ndez Ancona como director fundador de la referida preparatoria, la cual arranca con un primer grupo de alumnos. En su mensaje el rector Anaya Alvarado dijo que esta es la quinta preparatoria que la UAT tiene en el estado, a la vez que agradeci\u00f3 a la alcaldesa Carmen Lilia Canturosas la construcci\u00f3n de la misma y sobre todo que se le hayan dado en comodato las instalaciones a la m\u00e1xima casa de estudios, para manejarla.<\/p>\n\n\n\n<p>UNA GRAN OBRA DEL SECTOR EDUCATIVO<br \/>Durante el evento de inauguraci\u00f3n de la Preparatoria UAT Nuevo Laredo estuvieron tambi\u00e9n en el pres\u00eddium la presidenta de la Fundaci\u00f3n de la Asociaci\u00f3n de Transportistas de Carga en esta ciudad, Ivette Baz\u00e1n M\u00fazquiz, as\u00ed como el Comandante del 16 regimiento de caballer\u00eda motorizada en Nuevo Laredo, coronel Ricardo L\u00f3pez Palafox, adem\u00e1s de contarse tambi\u00e9n con la asistencia de autoridades de los tres niveles de gobierno, entre ellos la diputada local Yuriria Iturbe V\u00e1zquez, presidenta de la Comisi\u00f3n de Educaci\u00f3n en el Congreso del Estado, as\u00ed como representantes de la sociedad civil. Llam\u00f3 la atenci\u00f3n que la alcaldesa Carmen Lilia Canturosas invit\u00f3 tanto a quienes fueron miembros del anterior cabildo, que iniciaron la construcci\u00f3n de la escuela, como los actuales, que la entregaron, a la vez que dijo sentirse orgullosa de dicho proyecto que sin duda va a ser de gran beneficio para Nuevo Laredo, y las futuras generaciones de estudiantes. Y es claro que con dicha obra Carmen Lilia deja su huella en el \u00e1mbito educativo local.<\/p>\n\n\n\n<p>NO HAY CLASES EL VIERNES<br \/>Ya es oficial, este pr\u00f3ximo viernes 1 de noviembre no habr\u00e1 clases en ninguno de los niveles educativos del estado de Tamaulipas. Esto es debido a que el gobernador Am\u00e9rico Villarreal Anaya decidi\u00f3 brindarles tal d\u00eda a los maestros, en sustituci\u00f3n del D\u00eda de los Muertos, que cae en s\u00e1bado, y con lo cual se busca fomentar las tradiciones mexicanas y a la vez se promueve la cultura en la entidad. As\u00ed que ya lo saben, esta semana habr\u00e1 clases hasta el jueves, y luego se viene un gran puente y se reanudan las actividades escolares hasta el lunes 4 de noviembre, y por cierto ya con cambio de horario.<\/p>\n\n\n\n<p>INAUGURAN MUSEO DE DINOSAURIOS<br \/>De manera oficial fue inaugurada la exhibici\u00f3n \u201cTierra de Dinosaurios: Museo Itinerante\u201d, esto por parte de la alcaldesa Carmen Lilia Canturosas Villarreal en el Polyforum La Fe, y con la presencia de ni\u00f1os del albergue Semillas de Amor, de la Casa Hogar DIF Nuevo Laredo, as\u00ed como alumnos de la escuela primaria \u201cEutimio Rodr\u00edguez Caballero\u201d. Cabe indicar que, aunque se cobra la entrada a dicho espect\u00e1culo, el costo del boleto es accesible, pues solo vale 99 pesos, y eso es porque Carmen Lilia logr\u00f3 un convenio con los directivos del museo para prestarles el espacio, a cambio justamente de que el acceso sea econ\u00f3mico, y de hecho a diario se estar\u00e1 llevando a alumnos de diversas escuelas de manera gratuita, esto a fin de que aprendan m\u00e1s sobre la paleontolog\u00eda y la era de los dinosaurios. Bien por eso.<\/p>\n\n\n\n<p>TIENE \u00c9XITO EL FESTIVAL CULTURAL DE LA COSTA DEL SENO MEXICANO<br \/>M\u00e1s de 26 mil espectadores se han tenido en los primeros cuatro d\u00edas de eventos art\u00edsticos dentro del Festival Cultural de la Costa del Seno Mexicano, a lo largo y ancho del estado. Esto demuestra el \u00e9xito de este festival, revivido por el gobernador Am\u00e9rico Villarreal Anaya, y mediante el cual se logra que la cultura llegue a todos los rincones de la entidad, y que no solo enriquecen la vida de los tamaulipecos, sino que tambi\u00e9n proyectan una imagen positiva y humana del estado. Y en el transcurso de la semana contin\u00faan los eventos, por lo que se mantiene la invitaci\u00f3n a la poblaci\u00f3n tamaulipeca en general para que acudan a verlos en sus respectivos municipios. En lo que concierne a Nuevo Laredo para este fin de semana vienen importantes eventos, tanto en el teatro del Centro Cultural como en otros espacios que se han establecido para ello.<\/p>\n\n\n\n<p>\u00c1GIL EL TRAMITE DE PASAPORTE EN EL CONSULADO DE M\u00c9XICO<br \/>Muy ciertas las declaraciones del C\u00f3nsul de M\u00e9xico en Laredo, Texas, Juan Carlos Mendoza S\u00e1nchez, en sentido de que ya est\u00e1 m\u00e1s \u00e1gil el sistema de citas para tramitar el pasaporte en la oficina consular de la vecina ciudad. Y s\u00ed, yo la semana pasada hice el tr\u00e1mite y me dieron la cita para el siguiente d\u00eda, y lo mejor es que fui al consulado y no me tard\u00e9 ni una hora en hacer el tr\u00e1mite y tener el documento en mis manos. As\u00ed que aquellos a los que se les va a vencer la visa pronto, bien pueden aprovechar para hacer el tr\u00e1mite en la oficina del consulado, para que as\u00ed lo tengan listo y luego no anden batallando.<\/p>\n\n\n\n<p>GRAN \u00c9XITO DE MARAT\u00d3N INTERNACIONAL DE CICLISMO<br \/>Todo un \u00e9xito result\u00f3 el Internacional Marat\u00f3n Ventana al Cielo 2024 en su sexta edici\u00f3n celebrado el pasado domingo en Candela, Coahuila, y donde participaron m\u00e1s de 120 ciclistas de la regi\u00f3n, entre hombres y mujeres, que volvieron a hacer de este evento una magnifica competencia. Enhorabuena pues para todos los participantes, y en especial para el ex alcalde neolaredense Daniel Pe\u00f1a Trevi\u00f1o, de los principales organizadores, y que ha hecho que este marat\u00f3n cada vez tenga m\u00e1s convocatoria.<\/p>\n\n\n\n<p>LO \u00daLTIMO<br \/>Aun cuando el covid ya es pr\u00e1cticamente una infecci\u00f3n estacional, que afecta m\u00e1s en oto\u00f1o e invierno, en el Centro de Salud no se cuenta con suficientes vacunas contra dicho mal. Incluso en las farmacias privadas no hay mucho abasto de las mismas, y de hecho ni siquiera demanda. \u00a1Dios nos libre!\u2026 Ocho mujeres que tomaron el curso de manejo de camiones de carga pesada que imparti\u00f3 el Centro de Capacitaci\u00f3n para el Trabajo Industrial (CECATI), culminaron exitosamente dicho estudio, motivo por el cual recibieron el certificado que acredita su aprendizaje. Cabe indicar que esas mujeres fueron apoyadas con una beca del 100 por ciento por el Instituto Municipal de la Mujer, que preside Cinthia Canturosas Villarreal, para recibir la ense\u00f1anza, y as\u00ed poder incorporarse al ramo transportista\u2026 Un total de 258 educadores de diferentes COBAT\u00b4s de la entidad, recibieron sus nombramientos de homologaci\u00f3n y renivelaci\u00f3n docente en un acto encabezado por la secretaria de Educaci\u00f3n de Tamaulipas, Luc\u00eda Aim\u00e9 Castillo Pastor, quien por instrucciones del gobernador Am\u00e9rico Villarreal Anaya brinda certeza laboral a los beneficiados. Entre ellos hay varios de los COBAT\u00b4s de Nuevo Laredo\u2026 Un altar de muertos en honor de los profesores Ricardo Garza Wong y Rodrigo Tavarez Garc\u00eda ser\u00e1 colocado en el sal\u00f3n de evento del SARTET, en la capital del estado, por parte del comit\u00e9 ejecutivo del Sindicato Nacional de Trabajadores de la Educaci\u00f3n (SNTE) que dirige el profesor Arnulfo Rodr\u00edguez Trevi\u00f1o. El evento de puesta en marcha ser\u00e1 el mi\u00e9rcoles 30 de octubre a las 10 de la ma\u00f1ana.<\/p>\n","protected":false},"excerpt":{"rendered":"<p>En visita a Nuevo Laredo, el rector de la Universidad Aut\u00f3noma de Tamaulipas (UAT), D\u00e1maso Anaya Alvarado, inaugur\u00f3 oficialmente la nueva Preparatoria UAT Nuevo Laredo a la vez que puso &hellip; <a href=\"http:\/\/revistalaneta.com.mx\/?p=14674\" class=\"more-link\">Leer m\u00e1s<\/a><\/p>\n","protected":false},"author":1,"featured_media":14673,"comment_status":"open","ping_status":"open","sticky":false,"template":"","format":"standard","meta":{"footnotes":""},"categories":[2,3],"tags":[],"class_list":["post-14674","post","type-post","status-publish","format-standard","has-post-thumbnail","hentry","category-chismorreo","category-opinion","entry"],"_links":{"self":[{"href":"http:\/\/revistalaneta.com.mx\/index.php?rest_route=\/wp\/v2\/posts\/14674","targetHints":{"allow":["GET"]}}],"collection":[{"href":"http:\/\/revistalaneta.com.mx\/index.php?rest_route=\/wp\/v2\/posts"}],"about":[{"href":"http:\/\/revistalaneta.com.mx\/index.php?rest_route=\/wp\/v2\/types\/post"}],"author":[{"embeddable":true,"href":"http:\/\/revistalaneta.com.mx\/index.php?rest_route=\/wp\/v2\/users\/1"}],"replies":[{"embeddable":true,"href":"http:\/\/revistalaneta.com.mx\/index.php?rest_route=%2Fwp%2Fv2%2Fcomments&post=14674"}],"version-history":[{"count":1,"href":"http:\/\/revistalaneta.com.mx\/index.php?rest_route=\/wp\/v2\/posts\/14674\/revisions"}],"predecessor-version":[{"id":14675,"href":"http:\/\/revistalaneta.com.mx\/index.php?rest_route=\/wp\/v2\/posts\/14674\/revisions\/14675"}],"wp:featuredmedia":[{"embeddable":true,"href":"http:\/\/revistalaneta.com.mx\/index.php?rest_route=\/wp\/v2\/media\/14673"}],"wp:attachment":[{"href":"http:\/\/revistalaneta.com.mx\/index.php?rest_route=%2Fwp%2Fv2%2Fmedia&parent=14674"}],"wp:term":[{"taxonomy":"category","embeddable":true,"href":"http:\/\/revistalaneta.com.mx\/index.php?rest_route=%2Fwp%2Fv2%2Fcategories&post=14674"},{"taxonomy":"post_tag","embeddable":true,"href":"http:\/\/revistalaneta.com.mx\/index.php?rest_route=%2Fwp%2Fv2%2Ftags&post=14674"}],"curies":[{"name":"wp","href":"https:\/\/api.w.org\/{rel}","templated":true}]}}