{"id":14692,"date":"2024-11-03T12:31:19","date_gmt":"2024-11-03T12:31:19","guid":{"rendered":"http:\/\/revistalaneta.com.mx\/?p=14692"},"modified":"2024-11-03T12:31:55","modified_gmt":"2024-11-03T12:31:55","slug":"concreta-americo-acuerdos-con-sener-pemex-cfe-y-anam","status":"publish","type":"post","link":"http:\/\/revistalaneta.com.mx\/?p=14692","title":{"rendered":"CONCRETA AM\u00c9RICO ACUERDOS CON SENER, PEMEX, CFE Y ANAM"},"content":{"rendered":"\n<p><br>En su \u00faltimo d\u00eda de gira de trabajo por la capital del pa\u00eds el gobernador Am\u00e9rico Villarreal Anaya logr\u00f3 entrevistarse con la titular de la Secretar\u00eda de Energ\u00eda (SENER), Luz Elena Gonz\u00e1lez, as\u00ed como con el director general de Petr\u00f3leos Mexicanos (PEMEX), V\u00edctor Rodr\u00edguez Padilla, y la directora de la Comisi\u00f3n Federal de Electricidad (CFE), Emilia Esther Calleja, quienes respaldaron a las inversiones en gas y petr\u00f3leo que est\u00e1n por iniciar en el estado y que consolidar\u00e1n el liderazgo de Tamaulipas en el sector energ\u00e9tico nacional e incluso internacional. Y es que no es para menos, puesto que las inversiones que se proyectan en este sentido alcanzan m\u00e1s de 16 mil millones de d\u00f3lares gracias a la colaboraci\u00f3n de empresas globales como Woodside, New Fortress y TC Energ\u00eda. Igualmente sostuvo un encuentro con el director general de la Agencia Nacional de Aduanas de M\u00e9xico (ANAM), Andre Foullon Van Lissum, ante quien consigui\u00f3 la promesa de que se acelerar\u00e1n los trabajos del recinto fiscal estrat\u00e9gico en Ciudad Victoria, as\u00ed como los proyectos de ampliaci\u00f3n en los puentes de Nuevo Laredo y Reynosa, con lo cual se busca enfilar a Tamaulipas como un centro clave para el comercio internacional. De esta manera el gobernador Am\u00e9rico Villarreal Anaya fortaleci\u00f3 el plan integral de desarrollo en Tamaulipas que abarca log\u00edstica, energ\u00eda, y comercio, en tan productiva gira de trabajo por la CDMX, y donde se reuni\u00f3 con miembros del gabinete federal. Esto demuestra una vez m\u00e1s la visi\u00f3n del doctor Am\u00e9rico, respaldada por el equipo de la presidenta Claudia Sheinbaum, y que tiene como objetivo fundamental erigir una entidad con infraestructura de alto nivel que responda a las demandas de la econom\u00eda global, atrayendo inversi\u00f3n extranjera y generando miles de empleos para beneficio de los tamaulipecos.<\/p>\n\n\n\n<p>CONFIRMAN CREACI\u00d3N DE NUEVA FEDERACI\u00d3N DE TRABAJADORES<br \/>Federaci\u00f3n \u00danica de Trabajadores de Nuevo Laredo es el nombre que llevar\u00e1 la nueva central obrera adherida a la Confederaci\u00f3n de Trabajadores de M\u00e9xico (CTM) que operar\u00e1 en esta ciudad fronteriza, y ser\u00e1 totalmente ajena a la Federaci\u00f3n de Trabajadores de Nuevo Laredo (FTNL). Esto ha sido confirmado por H\u00e9ctor Mart\u00ednez Vigil, secretario general del Sindicato de Alba\u00f1iles de Nuevo Laredo, quien indic\u00f3 que ya se hizo el tr\u00e1mite correspondiente para la creaci\u00f3n de la nueva federaci\u00f3n obrera y se est\u00e1 a la espera de la toma de nota para oficializarlo. Mart\u00ednez Vigil, quien encabezar\u00e1 el organismo, dijo que de entrada cinco gremios sindicales conformar\u00e1n la nueva federaci\u00f3n, y se espera que se agreguen de los que est\u00e1n en la actual, a la vez que se crear\u00e1n nuevos sindicatos, muchos de ellos acorde a las nuevas oportunidades laborales que hay en la ciudad.<\/p>\n\n\n\n<p>LISTOS LOS PANTEONES MUNICIPALES PARA LAS VISITAS<br \/>Listos se encuentran los panteones municipales para recibir a los visitantes tanto este viernes como el s\u00e1bado, con motivo de las conmemoraciones del D\u00eda de Todos los Santos y el D\u00eda de los Fieles Difuntos. Con anticipaci\u00f3n cuadrillas de trabajadores de Servicios P\u00fablicos Primarios llevaron a cabo tareas de limpieza en los cementerios, esto a fin de erradicar la basura y sobre todo los moscos y alima\u00f1as, aparte de que el propio personal de los panteones tambi\u00e9n mantiene llenas las piletas para el abastecimiento de agua y ha establecido una serie de acciones para atender a quienes acuden, tal y como sucede a\u00f1o con a\u00f1o, a visitar las tumbas de sus familiares. Sea pues.<\/p>\n\n\n\n<p>REGIDOR ANDA MUY ACTIVO<br \/>Quien sigue muy activo es el regidor Enrique Figueroa Rocha, y prueba de esto es que en las dos \u00faltimas semanas sostuvo un encuentro con 50 pastores de comunidades religiosas, tuvo una reuni\u00f3n con vecinos de la colonia Palmares para conocer de sus necesidades y buscar soluciones a las mismas, as\u00ed como visit\u00f3 las primarias \u201c\u00c1lvaro Obreg\u00f3n\u201d, situada en Granjas Econ\u00f3micas y \u201cJos\u00e9 M. Serratos\u201d de Valles Elizondo, para de la misma forma atenderlos en sus peticiones, que por cierto son muchas. As\u00ed que bien por Figueroa, quien est\u00e1 demostrando que no se equivocaron al considerarlo para la reelecci\u00f3n de su cargo.<\/p>\n\n\n\n<p>TENDR\u00c1N REUNIONES SENADORES CON ORGANISMOS FRONTERIZOS<br \/>De acuerdo con la senadora Olga Sosa Ruiz, los miembros de la Comisi\u00f3n de Asuntos de la Frontera Norte en el Senado de la Rep\u00fablica organizar\u00e1n reuniones con representantes de la sociedad civil de diversas ciudades fronterizas, para escuchar las problem\u00e1ticas que afrontan y darles atenci\u00f3n. Bueno, esperamos que se contemple a Nuevo Laredo en tales reuniones, sobre todo considerando que la senadora Imelda Sanmiguel S\u00e1nchez, nativa de esta ciudad, forma parte de dicha comisi\u00f3n, y evidentemente pugnar\u00e1 por ello, al igual que la propia Olga Sosa, que aunque no es de esta ciudad fronteriza, es tamaulipeca y tiene cari\u00f1o por esta ciudad fronteriza, y como secretaria de la referida comisi\u00f3n puede agendar la reuni\u00f3n.<\/p>\n\n\n\n<p>GAS DEL NORTE, LA MEJOR OPCI\u00d3N EN GAS LP<br \/>De todas las empresas que ofrecen el servicio de gas LP en Nuevo Laredo, sin duda alguna Gas del Norte es de las m\u00e1s eficientes, pues se ocupan y preocupan en tener personal debidamente calificado y capacitado en el manejo de los cilindros de gas y el llenado de los mismos, tanto en sus plantas como en las pipas que ofrecen el servicio a lo largo y ancho de la ciudad. Adem\u00e1s, el personal siempre es atento y servicial, as\u00ed que sin duda esto es un gran punto a favor de dicha empresa, y por lo que evidentemente tiene la preferencia de los usuarios del tambi\u00e9n denominado gas butano. As\u00ed que aquellos que quieren deshacerse del car\u00edsimo gas natural, y cambiar al servicio de gas LP, en Gas del Norte pueden encontrar la mejor opci\u00f3n para tal acci\u00f3n.<\/p>\n\n\n\n<p>CONMEMORA UAT D\u00cdA DE MUERTOS<br \/>Bajo la premisa de preservar las tradiciones mexicanas y la identidad cultural, la comunidad estudiantil de la Universidad Aut\u00f3noma de Tamaulipas (UAT) particip\u00f3 en la instalaci\u00f3n de altares en diferentes escenarios y en la realizaci\u00f3n de concursos de catrinas y calaveritas literarias, unidos para preservar las costumbres que forman parte de la mexicanidad y recordar a nuestros difuntos. Estas acciones se llevaron a cabo pr\u00e1cticamente en todos los campus universitarios de la m\u00e1xima casa de estudios, pero fue en el Centro de Gesti\u00f3n del Conocimiento, de la capital del estado, donde el rector de la UAT, D\u00e1maso Anaya Alvarado, acompa\u00f1ado de su esposa, Isolda Rend\u00f3n de Anaya, presidenta de Familia UAT, tomaron parte en tal actividad, y donde agradecieron la continuidad de las tradiciones mexicanas y destacando la importancia de los altares de muertos en la cultura del pa\u00eds.<\/p>\n\n\n\n<p>LO \u00daLTIMO<br \/>Ninguna observaci\u00f3n registr\u00f3 la cuenta p\u00fablica correspondiente al 2023 del Gobierno del Estado de Tamaulipas, esto seg\u00fan David Colmenares P\u00e1ramo, representante de la Auditor\u00eda Superior de la Federaci\u00f3n (ASF), +\u00f3rgano que llev\u00f3 a cabo la revisi\u00f3n correspondiente. Y bueno esto sin duda es un gran logro para el gobierno de Am\u00e9rico Villarreal Anaya, que demuestra a la vez el manejo honesto, responsable y transparente de los recursos p\u00fablicos\u2026 M\u00e1s de 3 mil 200 habitantes de la regi\u00f3n Ribere\u00f1a se vieron beneficiados con la entrega de 27 mil 782 apoyos y servicios que se brindaron mediante la brigada \u201cTransformando Familias\u201d que llev\u00f3 a cabo el Sistema para el Desarrollo Integral de la Familia de Tamaulipas, que preside la doctora Mar\u00eda de Villarreal, quien encabez\u00f3 dicho evento y convivi\u00f3 con las familias favorecidas, en un acto celebrado en el poblado de Miguel Alem\u00e1n, pero donde se congregaron habitantes de otros pueblos circunvecinos\u2026 Llega el mes de noviembre, y nada que se va el calor. Es incre\u00edble que sigamos teniendo altas temperaturas transcurridos diez meses del a\u00f1o. Nada vale que para los siguientes d\u00edas seguir\u00e1 el calor. Todo esto es, claro est\u00e1, consecuencia del cambio clim\u00e1tico. Van a ver como en abril todav\u00eda vamos a tener d\u00edas fr\u00edos.<\/p>\n","protected":false},"excerpt":{"rendered":"<p>En su \u00faltimo d\u00eda de gira de trabajo por la capital del pa\u00eds el gobernador Am\u00e9rico Villarreal Anaya logr\u00f3 entrevistarse con la titular de la Secretar\u00eda de Energ\u00eda (SENER), Luz &hellip; <a href=\"http:\/\/revistalaneta.com.mx\/?p=14692\" class=\"more-link\">Leer m\u00e1s<\/a><\/p>\n","protected":false},"author":1,"featured_media":14691,"comment_status":"open","ping_status":"open","sticky":false,"template":"","format":"standard","meta":{"footnotes":""},"categories":[2,3],"tags":[],"class_list":["post-14692","post","type-post","status-publish","format-standard","has-post-thumbnail","hentry","category-chismorreo","category-opinion","entry"],"_links":{"self":[{"href":"http:\/\/revistalaneta.com.mx\/index.php?rest_route=\/wp\/v2\/posts\/14692","targetHints":{"allow":["GET"]}}],"collection":[{"href":"http:\/\/revistalaneta.com.mx\/index.php?rest_route=\/wp\/v2\/posts"}],"about":[{"href":"http:\/\/revistalaneta.com.mx\/index.php?rest_route=\/wp\/v2\/types\/post"}],"author":[{"embeddable":true,"href":"http:\/\/revistalaneta.com.mx\/index.php?rest_route=\/wp\/v2\/users\/1"}],"replies":[{"embeddable":true,"href":"http:\/\/revistalaneta.com.mx\/index.php?rest_route=%2Fwp%2Fv2%2Fcomments&post=14692"}],"version-history":[{"count":1,"href":"http:\/\/revistalaneta.com.mx\/index.php?rest_route=\/wp\/v2\/posts\/14692\/revisions"}],"predecessor-version":[{"id":14693,"href":"http:\/\/revistalaneta.com.mx\/index.php?rest_route=\/wp\/v2\/posts\/14692\/revisions\/14693"}],"wp:featuredmedia":[{"embeddable":true,"href":"http:\/\/revistalaneta.com.mx\/index.php?rest_route=\/wp\/v2\/media\/14691"}],"wp:attachment":[{"href":"http:\/\/revistalaneta.com.mx\/index.php?rest_route=%2Fwp%2Fv2%2Fmedia&parent=14692"}],"wp:term":[{"taxonomy":"category","embeddable":true,"href":"http:\/\/revistalaneta.com.mx\/index.php?rest_route=%2Fwp%2Fv2%2Fcategories&post=14692"},{"taxonomy":"post_tag","embeddable":true,"href":"http:\/\/revistalaneta.com.mx\/index.php?rest_route=%2Fwp%2Fv2%2Ftags&post=14692"}],"curies":[{"name":"wp","href":"https:\/\/api.w.org\/{rel}","templated":true}]}}