{"id":14695,"date":"2024-11-03T12:33:06","date_gmt":"2024-11-03T12:33:06","guid":{"rendered":"http:\/\/revistalaneta.com.mx\/?p=14695"},"modified":"2024-11-03T12:33:37","modified_gmt":"2024-11-03T12:33:37","slug":"pronto-detenciones-contra-ex-cabecistas","status":"publish","type":"post","link":"http:\/\/revistalaneta.com.mx\/?p=14695","title":{"rendered":"PRONTO, DETENCIONES CONTRA EX CABECISTAS"},"content":{"rendered":"\n<p><\/p>\n\n\n\n<p>-Anuncia Tania Contreras<\/p>\n\n\n\n<p>-Dos a\u00f1os estancadas investigaciones<\/p>\n\n\n\n<p>-Morena ya es una dictadura legal<\/p>\n\n\n\n<p>Tiempo de opinar<\/p>\n\n\n\n<p>Ra\u00fal Hern\u00e1ndez Moreno<\/p>\n\n\n\n<p>1-noviembre-2024<\/p>\n\n\n\n<p>La consejera jur\u00eddica del gobierno del estado, la abogada Tania Contreras, revel\u00f3 que hay \u00f3rdenes de aprehensi\u00f3n giradas en contra de dos ex funcionarios del gobierno cabecista, acusados de mal uso de recursos p\u00fablicos del orden de los 600 millones de pesos.<\/p>\n\n\n\n<p>No dio nombres, pero s\u00ed revel\u00f3 que en uno de los casos se trata de un funcionario de la Sabien que autoriz\u00f3 la compra indebida de despensas por el orden de 125 millones de pesos.<\/p>\n\n\n\n<p>De acuerdo con la funcionaria, en los dos casos los indiciados se han negado a comparecer ante el juez de la causa para rendir testimonio sobre las imputaciones que se les hacen.<\/p>\n\n\n\n<p>A dos a\u00f1os del inicio del gobierno del doctor Am\u00e9rico Villarreal Anaya se han presentado 58 denuncias formales en contra de funcionarios del sexenio cabecista. Ha habido algunas sanciones, como inhabilitaciones para ocupar cargos p\u00fablicos, pero hasta ahora ninguna sentencia delicada.<\/p>\n\n\n\n<p>Contreras se ha quejado p\u00fablicamente de que el ex gobernador dej\u00f3 en puestos claves, dedicados a la impartici\u00f3n de la justicia y combate a la corrupci\u00f3n, a funcionarios afines: Irving Barrios M\u00f3jica en la Fiscal\u00eda de Justicia; Ra\u00fal Ram\u00edrez en la Fiscal\u00eda Anticorrupci\u00f3n; y Jorge Espino Ascanio, en la Auditor\u00eda Superior del Estado, que obstaculizaron el avance en las investigaciones contra ex cabecistas.<\/p>\n\n\n\n<p>Jorge Espino fue destituido y Ra\u00fal Ram\u00edrez renunci\u00f3, pero la justicia avanza a paso de tortuga.<\/p>\n\n\n\n<p>Por otra parte, menos de 24 horas bastaron para que Morena y sus aliados aprobaran la supremac\u00eda constitucional, con la cual ninguna reforma constitucional podr\u00e1 ser atacada legalmente. Con esta reforma nos hemos convertido en una dictadura legal y el tiempo dir\u00e1 si seremos una dictablanda o una dictadura a secas.<\/p>\n\n\n\n<p>El que Morena se diga de izquierda, suena a la posibilidad de convertirnos en una dictadura staliniana, pero para disgusto de los morenos, enfrente tienen al polic\u00eda del mundo, a los Estados Unidos, que encima es su principal socio comercial y los va a estar vigilando.<\/p>\n\n\n\n<p>Con la supremac\u00eda constitucional se termin\u00f3 el juicio de amparo, que podr\u00e1 ser invocado cuando se trate de impugnar leyes secundarias, pero no a la Carta Magna.&nbsp; Morena est\u00e1 en condiciones de legalizar la tortura, terminar con la propiedad privada o expropiar las empresas extranjeras, mediante reformas constitucionales, y los afectados no tendr\u00e1 ning\u00fan instrumento legal para oponerse.<\/p>\n\n\n\n<p>Insistimos: el tiempo dir\u00e1 qu\u00e9 tipo de dictadura quiere Morena.<\/p>\n\n\n\n<p>Debemos recordar que no es la primera vez en la historia nacional en que se corre el riesgo de una dictadura: igual pas\u00f3 en los tiempos en que el PRI controlaba los tres poderes, pero el PRI nunca ejerci\u00f3 una dictadura feroz. Es cierto que fue muy en\u00e9rgico, y hasta criminal, en el combate a algunos opositores y ah\u00ed est\u00e1n las represiones al movimiento ferrocarrilero, al de los m\u00e9dicos, a los universitarios en el 68 o a los guerrilleros en la d\u00e9cada de los setentas. Pero a\u00fan en esos d\u00edas oscuros, el PRI les ofreci\u00f3 a los opositores escoger entre la zanahoria o el garrote y hubo quienes optaron por traicionar sus ideales, aceptando las canonj\u00edas ofrecidas.<\/p>\n\n\n\n<p>Igual y Morena decide utilizar su avasallante poder para gobernar bien y beneficiar a las mayor\u00edas. Hay que darle tiempo al tiempo.<\/p>\n","protected":false},"excerpt":{"rendered":"<p>-Anuncia Tania Contreras -Dos a\u00f1os estancadas investigaciones -Morena ya es una dictadura legal Tiempo de opinar Ra\u00fal Hern\u00e1ndez Moreno 1-noviembre-2024 La consejera jur\u00eddica del gobierno del estado, la abogada Tania &hellip; <a href=\"http:\/\/revistalaneta.com.mx\/?p=14695\" class=\"more-link\">Leer m\u00e1s<\/a><\/p>\n","protected":false},"author":1,"featured_media":14694,"comment_status":"open","ping_status":"open","sticky":false,"template":"","format":"standard","meta":{"footnotes":""},"categories":[2],"tags":[],"class_list":["post-14695","post","type-post","status-publish","format-standard","has-post-thumbnail","hentry","category-chismorreo","entry"],"_links":{"self":[{"href":"http:\/\/revistalaneta.com.mx\/index.php?rest_route=\/wp\/v2\/posts\/14695","targetHints":{"allow":["GET"]}}],"collection":[{"href":"http:\/\/revistalaneta.com.mx\/index.php?rest_route=\/wp\/v2\/posts"}],"about":[{"href":"http:\/\/revistalaneta.com.mx\/index.php?rest_route=\/wp\/v2\/types\/post"}],"author":[{"embeddable":true,"href":"http:\/\/revistalaneta.com.mx\/index.php?rest_route=\/wp\/v2\/users\/1"}],"replies":[{"embeddable":true,"href":"http:\/\/revistalaneta.com.mx\/index.php?rest_route=%2Fwp%2Fv2%2Fcomments&post=14695"}],"version-history":[{"count":1,"href":"http:\/\/revistalaneta.com.mx\/index.php?rest_route=\/wp\/v2\/posts\/14695\/revisions"}],"predecessor-version":[{"id":14696,"href":"http:\/\/revistalaneta.com.mx\/index.php?rest_route=\/wp\/v2\/posts\/14695\/revisions\/14696"}],"wp:featuredmedia":[{"embeddable":true,"href":"http:\/\/revistalaneta.com.mx\/index.php?rest_route=\/wp\/v2\/media\/14694"}],"wp:attachment":[{"href":"http:\/\/revistalaneta.com.mx\/index.php?rest_route=%2Fwp%2Fv2%2Fmedia&parent=14695"}],"wp:term":[{"taxonomy":"category","embeddable":true,"href":"http:\/\/revistalaneta.com.mx\/index.php?rest_route=%2Fwp%2Fv2%2Fcategories&post=14695"},{"taxonomy":"post_tag","embeddable":true,"href":"http:\/\/revistalaneta.com.mx\/index.php?rest_route=%2Fwp%2Fv2%2Ftags&post=14695"}],"curies":[{"name":"wp","href":"https:\/\/api.w.org\/{rel}","templated":true}]}}