{"id":14713,"date":"2024-11-03T14:15:41","date_gmt":"2024-11-03T14:15:41","guid":{"rendered":"http:\/\/revistalaneta.com.mx\/?p=14713"},"modified":"2024-11-03T14:16:02","modified_gmt":"2024-11-03T14:16:02","slug":"arrancan-programa-de-desarrollo-de-proveedores-del-sector-energetico-de-tamaulipas","status":"publish","type":"post","link":"http:\/\/revistalaneta.com.mx\/?p=14713","title":{"rendered":"Arrancan Programa de Desarrollo de Proveedores del Sector Energ\u00e9tico de Tamaulipas"},"content":{"rendered":"\n<p><\/p>\n\n\n\n<p><\/p>\n\n\n\n<p>Reynosa, Tamaulipas.- Con la participaci\u00f3n de empresas tamaulipecas, la Secretar\u00eda de Desarrollo Energ\u00e9tico, de la mano de la Secretar\u00eda de Trabajo y la Secretar\u00eda de Econom\u00eda dieron el banderazo al Programa de Desarrollo de Proveedores del Sector Energ\u00e9tico de Tamaulipas.<\/p>\n\n\n\n<p>El primer foro de este programa se llev\u00f3 a cabo en la ciudad fronteriza de Reynosa, la cual tuvo gran participaci\u00f3n de empresas para sumarse y trabajar coordinadamente el desarrollo energ\u00e9tico del estado.<\/p>\n\n\n\n<p>Esto busca impulsar y fomentar el aprovechamiento sostenible de los recursos renovables y no renovables del Estado, mediante el desarrollo de pol\u00edticas y programas de aspectos sociales, ambientales y econ\u00f3micos para contribuir al acceso a una energ\u00eda asequible.<\/p>\n\n\n\n<p>Adem\u00e1s, de promover la participaci\u00f3n ciudadana en las actividades del sector energ\u00e9tico, tambi\u00e9n priorizando el ahorro y la eficiencia energ\u00e9tica, as\u00ed como la creaci\u00f3n y operaci\u00f3n de empresas de participaci\u00f3n estatal mayoritaria, organismos, fondos y fideicomisos p\u00fablicos relacionados con el sector energ\u00e9tico.<\/p>\n\n\n\n<p>Al evento asistieron Alejandro Rodr\u00edguez Contreras, secretario t\u00e9cnico y encargado del despacho de la Subsecretar\u00eda de Hidrocarburos de la SEDENER; Abelardo Flores Mendoza, subsecretario del Empleo y Previsi\u00f3n Social de la Secretar\u00eda del Trabajo; Daniel Sosa Carpio, delegado de la zona norte de la Secretar\u00eda de Econom\u00eda de Tamaulipas; Mauricio Trevi\u00f1o Garza, secretario de Desarrollo Econ\u00f3mico y del Empleo de Reynosa; Constantino Castillo Hinojosa, presidente del Cl\u00faster Internacional de Energ\u00eda Tamaulipas-Texas y Miguel Leiva Amour, presidente del Cl\u00faster de Desarrollo Energ\u00e9tico<code> * * *<\/code><\/p>\n","protected":false},"excerpt":{"rendered":"<p>Reynosa, Tamaulipas.- Con la participaci\u00f3n de empresas tamaulipecas, la Secretar\u00eda de Desarrollo Energ\u00e9tico, de la mano de la Secretar\u00eda de Trabajo y la Secretar\u00eda de Econom\u00eda dieron el banderazo al &hellip; <a href=\"http:\/\/revistalaneta.com.mx\/?p=14713\" class=\"more-link\">Leer m\u00e1s<\/a><\/p>\n","protected":false},"author":1,"featured_media":14712,"comment_status":"open","ping_status":"open","sticky":false,"template":"","format":"standard","meta":{"footnotes":""},"categories":[7],"tags":[],"class_list":["post-14713","post","type-post","status-publish","format-standard","has-post-thumbnail","hentry","category-ciudad-victoria","entry"],"_links":{"self":[{"href":"http:\/\/revistalaneta.com.mx\/index.php?rest_route=\/wp\/v2\/posts\/14713","targetHints":{"allow":["GET"]}}],"collection":[{"href":"http:\/\/revistalaneta.com.mx\/index.php?rest_route=\/wp\/v2\/posts"}],"about":[{"href":"http:\/\/revistalaneta.com.mx\/index.php?rest_route=\/wp\/v2\/types\/post"}],"author":[{"embeddable":true,"href":"http:\/\/revistalaneta.com.mx\/index.php?rest_route=\/wp\/v2\/users\/1"}],"replies":[{"embeddable":true,"href":"http:\/\/revistalaneta.com.mx\/index.php?rest_route=%2Fwp%2Fv2%2Fcomments&post=14713"}],"version-history":[{"count":1,"href":"http:\/\/revistalaneta.com.mx\/index.php?rest_route=\/wp\/v2\/posts\/14713\/revisions"}],"predecessor-version":[{"id":14714,"href":"http:\/\/revistalaneta.com.mx\/index.php?rest_route=\/wp\/v2\/posts\/14713\/revisions\/14714"}],"wp:featuredmedia":[{"embeddable":true,"href":"http:\/\/revistalaneta.com.mx\/index.php?rest_route=\/wp\/v2\/media\/14712"}],"wp:attachment":[{"href":"http:\/\/revistalaneta.com.mx\/index.php?rest_route=%2Fwp%2Fv2%2Fmedia&parent=14713"}],"wp:term":[{"taxonomy":"category","embeddable":true,"href":"http:\/\/revistalaneta.com.mx\/index.php?rest_route=%2Fwp%2Fv2%2Fcategories&post=14713"},{"taxonomy":"post_tag","embeddable":true,"href":"http:\/\/revistalaneta.com.mx\/index.php?rest_route=%2Fwp%2Fv2%2Ftags&post=14713"}],"curies":[{"name":"wp","href":"https:\/\/api.w.org\/{rel}","templated":true}]}}