{"id":14725,"date":"2024-11-04T13:21:09","date_gmt":"2024-11-04T13:21:09","guid":{"rendered":"http:\/\/revistalaneta.com.mx\/?p=14725"},"modified":"2024-11-04T13:22:42","modified_gmt":"2024-11-04T13:22:42","slug":"presenta-instituto-tamaulipeco-para-los-migrantes-exposicion-itinerante-de-dibujo-como-vives-la-migracion-desde-donde-estas","status":"publish","type":"post","link":"http:\/\/revistalaneta.com.mx\/?p=14725","title":{"rendered":"Presenta Instituto Tamaulipeco para los Migrantes exposici\u00f3n itinerante de dibujo \u201cC\u00f3mo Vives la Migraci\u00f3n desde D\u00f3nde Est\u00e1s\u201d"},"content":{"rendered":"\n<p><\/p>\n\n\n\n<p><\/p>\n\n\n\n<p>Ciudad Victoria, Tamaulipas.- En el marco de la clausura del Mes Legislativo de la Cultura 2024, el Congreso del Estado Libre y Soberano de Tamaulipas fue sede de la presentaci\u00f3n de la exposici\u00f3n itinerante de dibujo &#8220;C\u00f3mo Vives la Migraci\u00f3n desde D\u00f3nde Est\u00e1s&#8221;, organizada por la Secretar\u00eda General de Gobierno a trav\u00e9s del Instituto Tamaulipeco para los Migrantes (ITM).<\/p>\n\n\n\n<p>La muestra, que refleja la perspectiva sobre la migraci\u00f3n de ni\u00f1as, ni\u00f1os y adolescentes tamaulipecos en contexto de movilidad, tanto dentro como fuera de M\u00e9xico, fue inaugurada por el director general del ITM, Juan Jos\u00e9 Rodr\u00edguez Alvarado.<\/p>\n\n\n\n<p>En su mensaje, el director del ITM destac\u00f3 el compromiso del Gobierno del Estado para reforzar los v\u00ednculos con la comunidad migrante tamaulipeca, subrayando que la migraci\u00f3n &#8220;no es solo una estad\u00edstica, ni un fen\u00f3meno aislado, sino una experiencia humana llena de retos, esperanzas y sacrificios&#8221;.<\/p>\n\n\n\n<p>Rodr\u00edguez Alvarado agreg\u00f3: \u201cMediante estas obras, las y los j\u00f3venes migrantes revelan c\u00f3mo perciben la migraci\u00f3n, su sentido de pertenencia hacia su tierra y c\u00f3mo, a pesar de la distancia, mantienen vivo el lazo con su estado natal\u201d.<\/p>\n\n\n\n<p>Durante el evento estuvieron en el presidium la presidenta de la Mesa Directiva del Congreso, diputada Guillermina Magaly Deandar Robinson; el presidente de la Junta de Gobierno, diputado Humberto Armando Prieto Herrera; el presidente de la Comisi\u00f3n de Asuntos Fronterizos y Migratorios, diputado Sergio Arturo Ojeda Castillo; y la presidenta de la Comisi\u00f3n de Cultura, diputada Blanca Anzald\u00faa N\u00e1jera, junto con una l\u00ednea de diputados del Honorable Congreso del Estado.<\/p>\n\n\n\n<p>En representaci\u00f3n del secretario general de Gobierno, asisti\u00f3 Carlos Ernesto Orozco Morales, acompa\u00f1ado de funcionarios del Gobierno del Estado.<\/p>\n\n\n\n<p>La exposici\u00f3n &#8220;C\u00f3mo Vives la Migraci\u00f3n desde D\u00f3nde Est\u00e1s&#8221; estar\u00e1 abierta al p\u00fablico en el Congreso como testimonio de las vivencias, el arraigo y la identidad de las y los j\u00f3venes tamaulipecos en contexto de migraci\u00f3n, brindando un espacio de reflexi\u00f3n sobre esta realidad que toca a miles de familias de Tamaulipas.<code> * * *<\/code><\/p>\n","protected":false},"excerpt":{"rendered":"<p>Ciudad Victoria, Tamaulipas.- En el marco de la clausura del Mes Legislativo de la Cultura 2024, el Congreso del Estado Libre y Soberano de Tamaulipas fue sede de la presentaci\u00f3n &hellip; <a href=\"http:\/\/revistalaneta.com.mx\/?p=14725\" class=\"more-link\">Leer m\u00e1s<\/a><\/p>\n","protected":false},"author":1,"featured_media":14724,"comment_status":"open","ping_status":"open","sticky":false,"template":"","format":"standard","meta":{"footnotes":""},"categories":[1],"tags":[],"class_list":["post-14725","post","type-post","status-publish","format-standard","has-post-thumbnail","hentry","category-sin-categoria","entry"],"_links":{"self":[{"href":"http:\/\/revistalaneta.com.mx\/index.php?rest_route=\/wp\/v2\/posts\/14725","targetHints":{"allow":["GET"]}}],"collection":[{"href":"http:\/\/revistalaneta.com.mx\/index.php?rest_route=\/wp\/v2\/posts"}],"about":[{"href":"http:\/\/revistalaneta.com.mx\/index.php?rest_route=\/wp\/v2\/types\/post"}],"author":[{"embeddable":true,"href":"http:\/\/revistalaneta.com.mx\/index.php?rest_route=\/wp\/v2\/users\/1"}],"replies":[{"embeddable":true,"href":"http:\/\/revistalaneta.com.mx\/index.php?rest_route=%2Fwp%2Fv2%2Fcomments&post=14725"}],"version-history":[{"count":1,"href":"http:\/\/revistalaneta.com.mx\/index.php?rest_route=\/wp\/v2\/posts\/14725\/revisions"}],"predecessor-version":[{"id":14726,"href":"http:\/\/revistalaneta.com.mx\/index.php?rest_route=\/wp\/v2\/posts\/14725\/revisions\/14726"}],"wp:featuredmedia":[{"embeddable":true,"href":"http:\/\/revistalaneta.com.mx\/index.php?rest_route=\/wp\/v2\/media\/14724"}],"wp:attachment":[{"href":"http:\/\/revistalaneta.com.mx\/index.php?rest_route=%2Fwp%2Fv2%2Fmedia&parent=14725"}],"wp:term":[{"taxonomy":"category","embeddable":true,"href":"http:\/\/revistalaneta.com.mx\/index.php?rest_route=%2Fwp%2Fv2%2Fcategories&post=14725"},{"taxonomy":"post_tag","embeddable":true,"href":"http:\/\/revistalaneta.com.mx\/index.php?rest_route=%2Fwp%2Fv2%2Ftags&post=14725"}],"curies":[{"name":"wp","href":"https:\/\/api.w.org\/{rel}","templated":true}]}}