{"id":14731,"date":"2024-11-06T12:57:30","date_gmt":"2024-11-06T12:57:30","guid":{"rendered":"http:\/\/revistalaneta.com.mx\/?p=14731"},"modified":"2024-11-06T12:57:41","modified_gmt":"2024-11-06T12:57:41","slug":"crea-gobierno-municipal-direccion-de-imagen-y-embellecimiento-urbano-para-realizar-los-espacios-publicos","status":"publish","type":"post","link":"http:\/\/revistalaneta.com.mx\/?p=14731","title":{"rendered":"Crea Gobierno Municipal Direcci\u00f3n de Imagen y Embellecimiento Urbano para realizar los espacios p\u00fablicos"},"content":{"rendered":"\n<p><\/p>\n\n\n\n<p>Nuevo Laredo, Tamps.- El Gobierno Municipal, a trav\u00e9s de la Secretar\u00eda de Servicios P\u00fablicos Primarios, anunci\u00f3 la creaci\u00f3n de la Direcci\u00f3n de Imagen y Embellecimiento Urbano, una nueva \u00e1rea enfocada en mejorar la imagen de la ciudad mediante proyectos de paisajismo.<\/p>\n\n\n\n<p>La presidenta municipal, Carmen Lilia Canturosas Villarreal destac\u00f3 que con esta adhesi\u00f3n, se fortalecer\u00e1n los trabajos que se llevan a cabo para mejorar la infraestructura e imagen urbana de la ciudad.<\/p>\n\n\n\n<p>\u201cNuevo Laredo est\u00e1 creciendo gracias al dinamismo que hemos propiciado y con esta nueva direcci\u00f3n vamos a concretar el trabajo que hemos venido realizando para fortalecer la imagen urbana y que no s\u00f3lo nuestras familias, sino quienes nos visitan, se encuentren con espacios dignos de una frontera como la nuestra\u201d, se\u00f1al\u00f3.<\/p>\n\n\n\n<p>Even Arredondo Bravo, secretario de Servicios P\u00fablicos Primarios, inform\u00f3 que esta direcci\u00f3n aportar\u00e1 un toque est\u00e9tico y revitalizar\u00e1 los espacios p\u00fablicos que hay en la ciudad.<\/p>\n\n\n\n<p>\u201cEsta direcci\u00f3n se va a encargar de recuperar espacios y reforestar, as\u00ed como darle un toque de color, paisajismo; se van a sembrar especies locales y aclimatadas al entorno de la ciudad como arbustos y plantas florales que le den colorido a todos estos espacios\u201d, expres\u00f3 Arredondo Bravo.<\/p>\n\n\n\n<p>La iniciativa busca mejorar la calidad de vida de los ciudadanos mediante espacios m\u00e1s verdes y visualmente atractivos.<\/p>\n\n\n\n<p>Al frente de la Direcci\u00f3n de Imagen y Embellecimiento Urbano estar\u00e1 el arquitecto Jos\u00e9 Valdemar Sandoval Ortega, quien ya se encuentra desarrollando proyectos que pr\u00f3ximamente ser\u00e1n presentados a la ciudadan\u00eda.<\/p>\n\n\n\n<p>Con esta direcci\u00f3n, el Gobierno Municipal reafirma su compromiso de brindar a los ciudadanos un entorno urbano m\u00e1s agradable y atractivo, promoviendo una ciudad que inspire bienestar y orgullo en sus habitantes.<\/p>\n","protected":false},"excerpt":{"rendered":"<p>Nuevo Laredo, Tamps.- El Gobierno Municipal, a trav\u00e9s de la Secretar\u00eda de Servicios P\u00fablicos Primarios, anunci\u00f3 la creaci\u00f3n de la Direcci\u00f3n de Imagen y Embellecimiento Urbano, una nueva \u00e1rea enfocada &hellip; <a href=\"http:\/\/revistalaneta.com.mx\/?p=14731\" class=\"more-link\">Leer m\u00e1s<\/a><\/p>\n","protected":false},"author":1,"featured_media":14730,"comment_status":"open","ping_status":"open","sticky":false,"template":"","format":"standard","meta":{"footnotes":""},"categories":[4],"tags":[],"class_list":["post-14731","post","type-post","status-publish","format-standard","has-post-thumbnail","hentry","category-nuevo-laredo","entry"],"_links":{"self":[{"href":"http:\/\/revistalaneta.com.mx\/index.php?rest_route=\/wp\/v2\/posts\/14731","targetHints":{"allow":["GET"]}}],"collection":[{"href":"http:\/\/revistalaneta.com.mx\/index.php?rest_route=\/wp\/v2\/posts"}],"about":[{"href":"http:\/\/revistalaneta.com.mx\/index.php?rest_route=\/wp\/v2\/types\/post"}],"author":[{"embeddable":true,"href":"http:\/\/revistalaneta.com.mx\/index.php?rest_route=\/wp\/v2\/users\/1"}],"replies":[{"embeddable":true,"href":"http:\/\/revistalaneta.com.mx\/index.php?rest_route=%2Fwp%2Fv2%2Fcomments&post=14731"}],"version-history":[{"count":1,"href":"http:\/\/revistalaneta.com.mx\/index.php?rest_route=\/wp\/v2\/posts\/14731\/revisions"}],"predecessor-version":[{"id":14732,"href":"http:\/\/revistalaneta.com.mx\/index.php?rest_route=\/wp\/v2\/posts\/14731\/revisions\/14732"}],"wp:featuredmedia":[{"embeddable":true,"href":"http:\/\/revistalaneta.com.mx\/index.php?rest_route=\/wp\/v2\/media\/14730"}],"wp:attachment":[{"href":"http:\/\/revistalaneta.com.mx\/index.php?rest_route=%2Fwp%2Fv2%2Fmedia&parent=14731"}],"wp:term":[{"taxonomy":"category","embeddable":true,"href":"http:\/\/revistalaneta.com.mx\/index.php?rest_route=%2Fwp%2Fv2%2Fcategories&post=14731"},{"taxonomy":"post_tag","embeddable":true,"href":"http:\/\/revistalaneta.com.mx\/index.php?rest_route=%2Fwp%2Fv2%2Ftags&post=14731"}],"curies":[{"name":"wp","href":"https:\/\/api.w.org\/{rel}","templated":true}]}}