{"id":14749,"date":"2024-11-07T12:31:07","date_gmt":"2024-11-07T12:31:07","guid":{"rendered":"http:\/\/revistalaneta.com.mx\/?p=14749"},"modified":"2024-11-07T12:31:23","modified_gmt":"2024-11-07T12:31:23","slug":"advierte-proteccion-civil-por-llegada-de-frente-frio-a-nuevo-laredo","status":"publish","type":"post","link":"http:\/\/revistalaneta.com.mx\/?p=14749","title":{"rendered":"Advierte Protecci\u00f3n Civil por llegada de frente fr\u00edo a Nuevo Laredo"},"content":{"rendered":"\n<p><\/p>\n\n\n\n<p>Nuevo Laredo, Tamps.- La Direcci\u00f3n de Protecci\u00f3n Civil y Bomberos (DPCyB) advirti\u00f3 sobre la llegada de un frente fr\u00edo y lluvias a la regi\u00f3n que har\u00e1 que descienda el term\u00f3metro para amanecer el martes entre 12 y 15 grados cent\u00edgrados.<\/p>\n\n\n\n<p>Se trata del frente fr\u00edo n\u00famero 7, de los 59 que se esperan, que ingresa a esta regi\u00f3n y de acuerdo con el Servicio Meteorol\u00f3gico Nacional (SMN), alrededor de la medianoche se intensificar\u00e1 con vientos del norte a una velocidad de 30 kil\u00f3metros por hora y amplias posibilidades de lluvia.<\/p>\n\n\n\n<p>\u201cSer\u00e1 una semana fresca, hay que estar muy atentos a los cambios de temperatura y hay probabilidad de lluvias hoy por la noche, tambi\u00e9n jueves y viernes son probabilidades muy altas\u201d, inform\u00f3 Humberto Fern\u00e1ndez Diez de Pinos, director de PCyB.<\/p>\n\n\n\n<p>Este frente fr\u00edo se mantendr\u00e1 por el resto de la semana y la mitad de la pr\u00f3xima de acuerdo con el monitoreo que se le hace a los canales correspondientes de la temperatura, adem\u00e1s de tomar en cuenta que se sigue en la temporada de ciclones.<\/p>\n\n\n\n<p>Durante el d\u00eda las temperaturas ascender\u00e1n hasta marcar entre 26 y 29 grados cent\u00edgrados y amaneciendo entre 16 y 20 grados.<\/p>\n\n\n\n<p>La DPCyB reforzar\u00e1 la vigilancia con el Operativo Carrusel en \u00e1reas y colonia espec\u00edficas para detectar a personas vulnerables y resguardarlas en sitios seguros.<\/p>\n\n\n\n<p>Adem\u00e1s, est\u00e1n a disposici\u00f3n los 365 d\u00edas del a\u00f1o durante las 24 horas los albergues municipales a donde se pueden acercar las personas que requieran apoyo.<\/p>\n\n\n\n<p>Finalmente el director de PCyB, inform\u00f3 que estos temas, ser\u00e1n abordados durante el establecimiento del Consejo Municipal de Protecci\u00f3n Civil.<\/p>\n","protected":false},"excerpt":{"rendered":"<p>Nuevo Laredo, Tamps.- La Direcci\u00f3n de Protecci\u00f3n Civil y Bomberos (DPCyB) advirti\u00f3 sobre la llegada de un frente fr\u00edo y lluvias a la regi\u00f3n que har\u00e1 que descienda el term\u00f3metro &hellip; <a href=\"http:\/\/revistalaneta.com.mx\/?p=14749\" class=\"more-link\">Leer m\u00e1s<\/a><\/p>\n","protected":false},"author":1,"featured_media":14748,"comment_status":"open","ping_status":"open","sticky":false,"template":"","format":"standard","meta":{"footnotes":""},"categories":[4],"tags":[],"class_list":["post-14749","post","type-post","status-publish","format-standard","has-post-thumbnail","hentry","category-nuevo-laredo","entry"],"_links":{"self":[{"href":"http:\/\/revistalaneta.com.mx\/index.php?rest_route=\/wp\/v2\/posts\/14749","targetHints":{"allow":["GET"]}}],"collection":[{"href":"http:\/\/revistalaneta.com.mx\/index.php?rest_route=\/wp\/v2\/posts"}],"about":[{"href":"http:\/\/revistalaneta.com.mx\/index.php?rest_route=\/wp\/v2\/types\/post"}],"author":[{"embeddable":true,"href":"http:\/\/revistalaneta.com.mx\/index.php?rest_route=\/wp\/v2\/users\/1"}],"replies":[{"embeddable":true,"href":"http:\/\/revistalaneta.com.mx\/index.php?rest_route=%2Fwp%2Fv2%2Fcomments&post=14749"}],"version-history":[{"count":1,"href":"http:\/\/revistalaneta.com.mx\/index.php?rest_route=\/wp\/v2\/posts\/14749\/revisions"}],"predecessor-version":[{"id":14750,"href":"http:\/\/revistalaneta.com.mx\/index.php?rest_route=\/wp\/v2\/posts\/14749\/revisions\/14750"}],"wp:featuredmedia":[{"embeddable":true,"href":"http:\/\/revistalaneta.com.mx\/index.php?rest_route=\/wp\/v2\/media\/14748"}],"wp:attachment":[{"href":"http:\/\/revistalaneta.com.mx\/index.php?rest_route=%2Fwp%2Fv2%2Fmedia&parent=14749"}],"wp:term":[{"taxonomy":"category","embeddable":true,"href":"http:\/\/revistalaneta.com.mx\/index.php?rest_route=%2Fwp%2Fv2%2Fcategories&post=14749"},{"taxonomy":"post_tag","embeddable":true,"href":"http:\/\/revistalaneta.com.mx\/index.php?rest_route=%2Fwp%2Fv2%2Ftags&post=14749"}],"curies":[{"name":"wp","href":"https:\/\/api.w.org\/{rel}","templated":true}]}}