{"id":14752,"date":"2024-11-07T12:33:03","date_gmt":"2024-11-07T12:33:03","guid":{"rendered":"http:\/\/revistalaneta.com.mx\/?p=14752"},"modified":"2024-11-07T12:33:25","modified_gmt":"2024-11-07T12:33:25","slug":"culmina-festival-internacional-en-la-costa-del-seno-mexicano","status":"publish","type":"post","link":"http:\/\/revistalaneta.com.mx\/?p=14752","title":{"rendered":"Culmina Festival Internacional en la Costa del Seno Mexicano"},"content":{"rendered":"\n<p><\/p>\n\n\n\n<p>Nuevo Laredo, Tamps.- Despu\u00e9s de dos semanas, el Festival Internacional en la Costa del Seno Mexicano (FICSM) cerr\u00f3 con broche de oro sus actividades art\u00edsticas y culturales con dos presentaciones en la Explanada de la Independencia y una m\u00e1s en el Teatro Principal del Centro Cultural.<\/p>\n\n\n\n<p>A las 6:00 PM comenzaron las actividades en la explanada, donde se presentaron mayormente artistas locales y en este cierre no fue la excepci\u00f3n; el espect\u00e1culo empez\u00f3 con el Grupo de Danza Folkl\u00f3rica del CBTis #137.<\/p>\n\n\n\n<p>Osvaldo Misael Carrizales Ibarra, encargado del grupo de danza, se\u00f1al\u00f3 que este festival sirvi\u00f3 para promover la cultura local con bailes estilo huapango, norte\u00f1o y otros.<\/p>\n\n\n\n<p>\u201cEs muy importante el apoyo de los gobiernos porque nos dan la oportunidad de mostrar nuestro talento con estos espacios, promover la cultura y que se proyecte el talento que existe en Nuevo Laredo\u201d, expres\u00f3.<\/p>\n\n\n\n<p>Por su parte, la cantante Penny Pacheco, quien cerr\u00f3 el festival en la Explanada de la Independencia, deleit\u00f3 a los asistentes con una presentaci\u00f3n de m\u00fasica electr\u00f3nica con poes\u00eda alta.<\/p>\n\n\n\n<p>\u201cLa expresi\u00f3n cultural necesita el apoyo del gobierno porque facilita la comunicaci\u00f3n y llevar estos mensajes hacia el p\u00fablico y que conozcan los distintos tipos de arte que existen\u201d, manifest\u00f3.<\/p>\n\n\n\n<p>Adem\u00e1s, en el Centro Cultural, se llev\u00f3 a cabo la presentaci\u00f3n \u201cRumb\u00e9ame un Vals, al ritmo del tango: bolero\u201d.<\/p>\n\n\n\n<p>El FICSM se llev\u00f3 a cabo en simult\u00e1neo en m\u00e1s de 30 municipios de Tamaulipas, en los que tambi\u00e9n hubo un gran despliegue de expresiones art\u00edsticas y culturales con talentos locales, nacionales e internacionales.<\/p>\n","protected":false},"excerpt":{"rendered":"<p>Nuevo Laredo, Tamps.- Despu\u00e9s de dos semanas, el Festival Internacional en la Costa del Seno Mexicano (FICSM) cerr\u00f3 con broche de oro sus actividades art\u00edsticas y culturales con dos presentaciones &hellip; <a href=\"http:\/\/revistalaneta.com.mx\/?p=14752\" class=\"more-link\">Leer m\u00e1s<\/a><\/p>\n","protected":false},"author":1,"featured_media":14751,"comment_status":"open","ping_status":"open","sticky":false,"template":"","format":"standard","meta":{"footnotes":""},"categories":[4],"tags":[],"class_list":["post-14752","post","type-post","status-publish","format-standard","has-post-thumbnail","hentry","category-nuevo-laredo","entry"],"_links":{"self":[{"href":"http:\/\/revistalaneta.com.mx\/index.php?rest_route=\/wp\/v2\/posts\/14752","targetHints":{"allow":["GET"]}}],"collection":[{"href":"http:\/\/revistalaneta.com.mx\/index.php?rest_route=\/wp\/v2\/posts"}],"about":[{"href":"http:\/\/revistalaneta.com.mx\/index.php?rest_route=\/wp\/v2\/types\/post"}],"author":[{"embeddable":true,"href":"http:\/\/revistalaneta.com.mx\/index.php?rest_route=\/wp\/v2\/users\/1"}],"replies":[{"embeddable":true,"href":"http:\/\/revistalaneta.com.mx\/index.php?rest_route=%2Fwp%2Fv2%2Fcomments&post=14752"}],"version-history":[{"count":1,"href":"http:\/\/revistalaneta.com.mx\/index.php?rest_route=\/wp\/v2\/posts\/14752\/revisions"}],"predecessor-version":[{"id":14753,"href":"http:\/\/revistalaneta.com.mx\/index.php?rest_route=\/wp\/v2\/posts\/14752\/revisions\/14753"}],"wp:featuredmedia":[{"embeddable":true,"href":"http:\/\/revistalaneta.com.mx\/index.php?rest_route=\/wp\/v2\/media\/14751"}],"wp:attachment":[{"href":"http:\/\/revistalaneta.com.mx\/index.php?rest_route=%2Fwp%2Fv2%2Fmedia&parent=14752"}],"wp:term":[{"taxonomy":"category","embeddable":true,"href":"http:\/\/revistalaneta.com.mx\/index.php?rest_route=%2Fwp%2Fv2%2Fcategories&post=14752"},{"taxonomy":"post_tag","embeddable":true,"href":"http:\/\/revistalaneta.com.mx\/index.php?rest_route=%2Fwp%2Fv2%2Ftags&post=14752"}],"curies":[{"name":"wp","href":"https:\/\/api.w.org\/{rel}","templated":true}]}}