{"id":14773,"date":"2024-11-07T12:44:37","date_gmt":"2024-11-07T12:44:37","guid":{"rendered":"http:\/\/revistalaneta.com.mx\/?p=14773"},"modified":"2024-11-07T12:44:54","modified_gmt":"2024-11-07T12:44:54","slug":"participa-tamaulipas-en-reunion-de-formacion-continua-en-la-ciudad-de-mexico","status":"publish","type":"post","link":"http:\/\/revistalaneta.com.mx\/?p=14773","title":{"rendered":"Participa Tamaulipas en Reuni\u00f3n de Formaci\u00f3n Continua en la Ciudad de M\u00e9xico"},"content":{"rendered":"\n<p><\/p>\n\n\n\n<ul class=\"wp-block-list\">\n<li>Los estados de la zona norte del pa\u00eds abordaron aspectos sobre el Programa para el Desarrollo Profesional Docente para Educaci\u00f3n B\u00e1sica<\/li>\n<\/ul>\n\n\n\n<p><\/p>\n\n\n\n<p>Ciudad de M\u00e9xico.\u2013 Cumpliendo el objetivo de estar actualizados en los procesos y lineamientos en los diferentes niveles educativos, la Secretar\u00eda de Educaci\u00f3n de Tamaulipas particip\u00f3 en la Reuni\u00f3n de Formaci\u00f3n Continua de la zona norte, efectuada en la Ciudad de M\u00e9xico.<\/p>\n\n\n\n<p>La directora de Formaci\u00f3n Continua y Actualizaci\u00f3n Docente, Olga Yaneth Reyes Garc\u00eda, acompa\u00f1ada por su equipo de trabajo, perteneciente a la Subsecretar\u00eda de Educaci\u00f3n B\u00e1sica, asisti\u00f3 a este encuentro en donde se trataron aspectos sobre el Programa para el Desarrollo Profesional Docente (PRODEP) para Educaci\u00f3n B\u00e1sica.<\/p>\n\n\n\n<p>Explic\u00f3 que durante la reuni\u00f3n, las y los participantes compartieron sus experiencias, retos e inquietudes, lo que enriquecer\u00e1 la construcci\u00f3n de los procesos que emanan de la Estrategia Nacional de Formaci\u00f3n Continua, basados en un esquema de corresponsabilidad dentro del Sistema Integral de Formaci\u00f3n, Capacitaci\u00f3n y Actualizaci\u00f3n.<\/p>\n\n\n\n<p>Mencion\u00f3 adem\u00e1s que en el encuentro se hicieron observaciones y propuestas sobre el funcionamiento de los comit\u00e9s estatales y de la Ciudad de M\u00e9xico de Formaci\u00f3n Continua, la convocatoria base, el contexto y mecanismos de la Formaci\u00f3n Continua, el ejercicio del recurso del PRODEP, la validaci\u00f3n de las vertientes y los criterios y los lineamientos acad\u00e9micos, entre otros aspectos.<\/p>\n\n\n\n<p>Recalc\u00f3 la importancia de que Tamaulipas participe en estas reuniones de la zona norte, pues demuestra el compromiso que el Gobierno del Estado, que dirige el doctor Am\u00e9rico Villarreal Anaya, a trav\u00e9s de la Secretar\u00eda de Educaci\u00f3n, conducida por Luc\u00eda Aim\u00e9 Castillo Pastor, tiene hacia la trascendental \u00e1rea del desarrollo y la mejora educativa.<\/p>\n\n\n\n<p>Dijo tambi\u00e9n que el resultado de este di\u00e1logo es el sentar las bases para la Estrategia Nacional de Formaci\u00f3n Continua 2025, la cual fortalecer\u00e1 la formaci\u00f3n continua de las maestras y los maestros de M\u00e9xico y Tamaulipas, y as\u00ed garantizar que contin\u00faen siendo la piedra angular de la transformaci\u00f3n educativa y la consolidaci\u00f3n de la Nueva Escuela Mexicana.<code> * * *<\/code><\/p>\n","protected":false},"excerpt":{"rendered":"<p>Ciudad de M\u00e9xico.\u2013 Cumpliendo el objetivo de estar actualizados en los procesos y lineamientos en los diferentes niveles educativos, la Secretar\u00eda de Educaci\u00f3n de Tamaulipas particip\u00f3 en la Reuni\u00f3n de &hellip; <a href=\"http:\/\/revistalaneta.com.mx\/?p=14773\" class=\"more-link\">Leer m\u00e1s<\/a><\/p>\n","protected":false},"author":1,"featured_media":14772,"comment_status":"open","ping_status":"open","sticky":false,"template":"","format":"standard","meta":{"footnotes":""},"categories":[7],"tags":[],"class_list":["post-14773","post","type-post","status-publish","format-standard","has-post-thumbnail","hentry","category-ciudad-victoria","entry"],"_links":{"self":[{"href":"http:\/\/revistalaneta.com.mx\/index.php?rest_route=\/wp\/v2\/posts\/14773","targetHints":{"allow":["GET"]}}],"collection":[{"href":"http:\/\/revistalaneta.com.mx\/index.php?rest_route=\/wp\/v2\/posts"}],"about":[{"href":"http:\/\/revistalaneta.com.mx\/index.php?rest_route=\/wp\/v2\/types\/post"}],"author":[{"embeddable":true,"href":"http:\/\/revistalaneta.com.mx\/index.php?rest_route=\/wp\/v2\/users\/1"}],"replies":[{"embeddable":true,"href":"http:\/\/revistalaneta.com.mx\/index.php?rest_route=%2Fwp%2Fv2%2Fcomments&post=14773"}],"version-history":[{"count":1,"href":"http:\/\/revistalaneta.com.mx\/index.php?rest_route=\/wp\/v2\/posts\/14773\/revisions"}],"predecessor-version":[{"id":14774,"href":"http:\/\/revistalaneta.com.mx\/index.php?rest_route=\/wp\/v2\/posts\/14773\/revisions\/14774"}],"wp:featuredmedia":[{"embeddable":true,"href":"http:\/\/revistalaneta.com.mx\/index.php?rest_route=\/wp\/v2\/media\/14772"}],"wp:attachment":[{"href":"http:\/\/revistalaneta.com.mx\/index.php?rest_route=%2Fwp%2Fv2%2Fmedia&parent=14773"}],"wp:term":[{"taxonomy":"category","embeddable":true,"href":"http:\/\/revistalaneta.com.mx\/index.php?rest_route=%2Fwp%2Fv2%2Fcategories&post=14773"},{"taxonomy":"post_tag","embeddable":true,"href":"http:\/\/revistalaneta.com.mx\/index.php?rest_route=%2Fwp%2Fv2%2Ftags&post=14773"}],"curies":[{"name":"wp","href":"https:\/\/api.w.org\/{rel}","templated":true}]}}