{"id":14776,"date":"2024-11-07T12:46:39","date_gmt":"2024-11-07T12:46:39","guid":{"rendered":"http:\/\/revistalaneta.com.mx\/?p=14776"},"modified":"2024-11-07T12:47:13","modified_gmt":"2024-11-07T12:47:13","slug":"al-alza-accidentes-de-motociclistas","status":"publish","type":"post","link":"http:\/\/revistalaneta.com.mx\/?p=14776","title":{"rendered":"AL ALZA ACCIDENTES DE MOTOCICLISTAS"},"content":{"rendered":"\n<p><br>En los \u00faltimos d\u00edas se han estado incrementando en Nuevo Laredo los accidentes donde se ven involucrados motociclistas, y esto se debe en gran parte a que muchos de ellos circulan a exceso de velocidad, se atraviesan por doquier y no cumplen con las debidas reglas de tr\u00e1nsito. Lamentablemente en la mayor\u00eda de los casos los conductores resultan gravemente lesionados, y muchos hasta llegan a morir, porque incluso no utilizan casco protector y otras medidas de seguridad. Lo peor del caso es que cada vez hay m\u00e1s gente moviliz\u00e1ndose en motocicletas, ya que estas resultan m\u00e1s econ\u00f3micas que un carro, y no gastan tanta gasolina, por lo que evidentemente los riesgos se incrementan. As\u00ed que algo tienen que hacer las autoridades para regular el uso de las motocicletas, pues de lo contrario seguir\u00e1 habiendo accidentes fatales.<\/p>\n\n\n\n<p>CAMBIO DE HORARIO DESTANTEA<br \/>Destanteados, m\u00e1s no desma\u00f1anados, es como vamos andar esta semana en la frontera, ante el cambio de horario, el cual se mantendr\u00e1 hasta el primer domingo de abril del a\u00f1o entrante, pues en este sentido aunque se dijo que el gobierno federal pretend\u00eda eliminar el horario de verano en la frontera, este va a prevalecer en tanto lo sigan teniendo en Estados Unidos, ya que queramos o no, los fronterizos dependemos de la actividad comercial con los americanos. Y as\u00ed nos siga perjudicando mentalmente y f\u00edsicamente el estar una hora desfasados con el interior del pa\u00eds por siete meses al a\u00f1o, vamos a seguir aguantando tal situaci\u00f3n. Por mientras y por lo tanto a disfrutar tener parejo el horario con la capital del pa\u00eds, aunque solo sea por cinco meses.<\/p>\n\n\n\n<p>RESPALDA \u201cI\u00d1AKI\u201d ZARAGOZA PROYECTO DEL GOBERNADOR<br \/>El reconocido agente aduanal, Jos\u00e9 Ignacio Zaragoza Ambrosi, celebr\u00f3 el hecho de que el gobernador Am\u00e9rico Villarreal Anaya haya asegurado, en su reciente visita a la capital del pa\u00eds, apoyos para construir un recinto fiscal estrat\u00e9gico en Ciudad Victoria, toda vez que esto representar\u00e1 una oportunidad \u00fanica para fortalecer la econom\u00eda local y posicionar a Tamaulipas como un centro log\u00edstico clave. \u201cI\u00f1aki\u201d Zaragoza dijo que dicha infraestructura beneficiar\u00e1 a diversos sectores y preparar\u00e1 a la entidad para afrontar los retos del comercio exterior, consolid\u00e1ndose como un eslab\u00f3n vital entre M\u00e9xico y Estados Unidos, en un contexto de crecimiento y nearshoring aduanera nacional. En este sentido refiri\u00f3 que un recinto fiscal estrat\u00e9gico es una zona especialmente designada y controlada por las autoridades aduaneras, donde las mercanc\u00edas extranjeras pueden ser almacenadas, transformadas o distribuidas sin pagar impuestos de importaci\u00f3n de inmediato, lo que facilita operaciones de comercio exterior bajo condiciones de suspensi\u00f3n de impuestos y exenci\u00f3n arancelaria temporal, lo que ofrece ventajas econ\u00f3micas a las empresas que operan en la importaci\u00f3n y exportaci\u00f3n de productos, lo que permite que las empresas se instalen y lleven a cabo diversas actividades, como la transformaci\u00f3n de productos, ensamblaje, empaque y almacenamiento, antes de que la mercanc\u00eda se distribuya al mercado nacional o internacional. Y s\u00ed, en efecto, dicho proyecto beneficiar\u00e1 a todo el sector aduanero de M\u00e9xico, pero sobre todo de Tamaulipas.<\/p>\n\n\n\n<p>LOS EFECTOS DEL CAMBIO CLIM\u00c1TICO<br \/>Este domingo en Nuevo Laredo tuvimos una temperatura promedio de 30 grados cent\u00edgrados, temperatura que normalmente debemos estar registrando a inicios de septiembre, y no ahorita que deber\u00edamos andar en cuando menos los 20 grados. Pero bueno, ya lo hemos comentado en otras ocasiones, esto es consecuencia del cambio clim\u00e1tico, el cual nos ha desfasado la temperatura por dos meses, por lo que ahora lo que estamos viviendo en la actualidad, en cuanto al clima, debimos estarlo registrando hace dos meses. No s\u00e9 si recuerden que este a\u00f1o todav\u00eda en abril tuvimos un clima frio, y para este a\u00f1o se espera que a inicios de mayo todav\u00eda est\u00e9 el clima g\u00e9lido. As\u00ed que ya no debe sorprendernos esta situaci\u00f3n, es algo que es consecuencia de nuestras propias malas acciones.<\/p>\n\n\n\n<p>EL CAMBIO DE CLIMA AFECTA AL BOLSILLO<br \/>Y ser\u00e1 el sereno, pero el cambio clim\u00e1tico no solo nos afecta en la cuesti\u00f3n de la temperatura, sino tambi\u00e9n en lo econ\u00f3mico, Y digo esto porque el pasado fin de semana se me averi\u00f3 la bater\u00eda de mi carro, que tiene apena cuatro a\u00f1os que lo compr\u00e9. Pero dicha bater\u00eda no ten\u00eda cuatro a\u00f1os de servicio, ten\u00eda menos de dos, ya que cuando apenas ten\u00eda dos a\u00f1os con el veh\u00edculo la pila que tra\u00eda de agencia la unidad, se me descompuso, por lo que tuve que cambiarla, por la que ahora se averi\u00f3. Y cuando fui al AutoZone a hacer valer la supuesta garant\u00eda, me salieron con que ya no hay tal garant\u00eda total, que porque ahora las bater\u00edas de los veh\u00edculos que circulan en nuestro Nuevo Laredo duran menos, por los climas extremos que se viven en la regi\u00f3n, y por lo tanto ya no hay bater\u00edas que den servicio los cuatro a\u00f1os, sino ahora solo dos. \u00bfComo la ven? Y claro que todo esto es en detrimento del bolsillo de los neolaredenses.<\/p>\n\n\n\n<p>LA ELECCI\u00d3N EN USA<br \/>Este pr\u00f3ximo martes 5 de noviembre es la elecci\u00f3n por la Presidencia de Estados Unidos. Y como siempre sucede en cada elecci\u00f3n presidencial americana, los primos de la vecina ciudad andan bien alborotados. Y ya sabemos que Laredo, Texas, es pr\u00e1cticamente una ciudad seguidora del Partido Dem\u00f3crata, aunque en los \u00faltimos a\u00f1os el Partido Republicano ha ido ganando adeptos en dicha poblaci\u00f3n. No obstante, los dem\u00f3cratas se imponen, aunque desgraciadamente los votos que genera Laredo para el partido del burro, no han sido suficientes, al menos en los \u00faltimos a\u00f1os, pues el partido del elefante termina imponi\u00e9ndose en todo Texas. Dicho de mejor forma, Texas es republicano, y sus 38 votos electorales, que son los segundos m\u00e1s importantes a nivel nacional, ir\u00e1n a parar a Donald Trump, y su intento de volver a presidir la naci\u00f3n m\u00e1s importante del mundo. As\u00ed que mis queridos primos, se les reconoce su esfuerzo, pero \u00e9ste no es tan pujante como para marcar una diferencia importante a nivel nacional, en la Uni\u00f3n Americana.<\/p>\n\n\n\n<p>PROMUEVE LA UAT EL ESP\u00cdRITU EMPRENDEDOR ENTRE ALUMNADO<br \/>Bajo el firme prop\u00f3sito de promover la creatividad, el esp\u00edritu emprendedor y la capacidad innovadora estudiantil, la Universidad Aut\u00f3noma de Tamaulipas (UAT), a trav\u00e9s de la Facultad de Comercio y Administraci\u00f3n Victoria (FCAV), celebr\u00f3 el Concurso Anual de Innovaci\u00f3n y Emprendimiento y el Concurso de Innovaci\u00f3n en Proyectos de Tecnolog\u00edas de la Informaci\u00f3n. En lo que compete al Concurso de Innovaci\u00f3n y Emprendimiento, 90 estudiantes presentaron once proyectos que buscan integrar las fortalezas de distintas disciplinas para abordar desaf\u00edos sociales, econ\u00f3micos y ecol\u00f3gicos, aline\u00e1ndose con los Objetivos de Desarrollo Sostenible , mientras que en el Certamen de Innovaci\u00f3n en Proyectos de Tecnolog\u00edas de la Informaci\u00f3n reuni\u00f3 20 equipos y 85 estudiantes que presentaron proyectos de aplicaciones de inteligencia artificial, ciberseguridad y herramientas m\u00f3viles, dirigidas a resolver necesidades tanto empresariales como sociales. Los proyectos triunfadores recibieron reconocimientos de la FCAV.<\/p>\n\n\n\n<p>LO \u00daLTIMO<br \/>Muchas felicidades a mi compa\u00f1ero y amigo comunicador Jorge Gaitanos Chapa, quien este lunes est\u00e1 cumpliendo un a\u00f1o m\u00e1s de vida. \u00a1Muchos m\u00e1s d\u00edas de estos \u201cYorch\u201d!\u2026 Nuestro m\u00e1s sentido p\u00e9same al amigo Virgilio Guarneros Carranza ante el lamentable fallecimiento de su pareja sentimental. \u00a1En paz descanse!\u2026 Con bombo y platillo se llev\u00f3 a efecto la clausura del Festival Internacional de la Costa del Seno Mexicano por parte del gobernador Am\u00e9rico Villarreal Anaya, quien la verdad se apunt\u00f3 un 10, con los grandes eventos culturales realizados a lo largo de dicho festival\u2026 Por cierto que tambi\u00e9n fue un gran \u00e9xito el concurso \u201cCatrinas y Catrines Tradici\u00f3n y Color\u201d que realiz\u00f3 el gobierno estatal el s\u00e1bado por la noche en la capital del estado, tambi\u00e9n como parte de las acciones emprendidas por el mandatario estatal, Am\u00e9rico Villarreal Anaya, para promover la cultura en la entidad, pero sobre todo las tradiciones mexicanas. Bien por ello.<\/p>\n","protected":false},"excerpt":{"rendered":"<p>En los \u00faltimos d\u00edas se han estado incrementando en Nuevo Laredo los accidentes donde se ven involucrados motociclistas, y esto se debe en gran parte a que muchos de ellos &hellip; <a href=\"http:\/\/revistalaneta.com.mx\/?p=14776\" class=\"more-link\">Leer m\u00e1s<\/a><\/p>\n","protected":false},"author":1,"featured_media":14775,"comment_status":"open","ping_status":"open","sticky":false,"template":"","format":"standard","meta":{"footnotes":""},"categories":[2],"tags":[],"class_list":["post-14776","post","type-post","status-publish","format-standard","has-post-thumbnail","hentry","category-chismorreo","entry"],"_links":{"self":[{"href":"http:\/\/revistalaneta.com.mx\/index.php?rest_route=\/wp\/v2\/posts\/14776","targetHints":{"allow":["GET"]}}],"collection":[{"href":"http:\/\/revistalaneta.com.mx\/index.php?rest_route=\/wp\/v2\/posts"}],"about":[{"href":"http:\/\/revistalaneta.com.mx\/index.php?rest_route=\/wp\/v2\/types\/post"}],"author":[{"embeddable":true,"href":"http:\/\/revistalaneta.com.mx\/index.php?rest_route=\/wp\/v2\/users\/1"}],"replies":[{"embeddable":true,"href":"http:\/\/revistalaneta.com.mx\/index.php?rest_route=%2Fwp%2Fv2%2Fcomments&post=14776"}],"version-history":[{"count":1,"href":"http:\/\/revistalaneta.com.mx\/index.php?rest_route=\/wp\/v2\/posts\/14776\/revisions"}],"predecessor-version":[{"id":14777,"href":"http:\/\/revistalaneta.com.mx\/index.php?rest_route=\/wp\/v2\/posts\/14776\/revisions\/14777"}],"wp:featuredmedia":[{"embeddable":true,"href":"http:\/\/revistalaneta.com.mx\/index.php?rest_route=\/wp\/v2\/media\/14775"}],"wp:attachment":[{"href":"http:\/\/revistalaneta.com.mx\/index.php?rest_route=%2Fwp%2Fv2%2Fmedia&parent=14776"}],"wp:term":[{"taxonomy":"category","embeddable":true,"href":"http:\/\/revistalaneta.com.mx\/index.php?rest_route=%2Fwp%2Fv2%2Fcategories&post=14776"},{"taxonomy":"post_tag","embeddable":true,"href":"http:\/\/revistalaneta.com.mx\/index.php?rest_route=%2Fwp%2Fv2%2Ftags&post=14776"}],"curies":[{"name":"wp","href":"https:\/\/api.w.org\/{rel}","templated":true}]}}