{"id":14779,"date":"2024-11-07T12:48:46","date_gmt":"2024-11-07T12:48:46","guid":{"rendered":"http:\/\/revistalaneta.com.mx\/?p=14779"},"modified":"2024-11-07T12:49:15","modified_gmt":"2024-11-07T12:49:15","slug":"tamaulipas-se-suma-a-programa-de-salud-casa-por-casa","status":"publish","type":"post","link":"http:\/\/revistalaneta.com.mx\/?p=14779","title":{"rendered":"TAMAULIPAS SE SUMA A PROGRAMA DE SALUD CASA POR CASA"},"content":{"rendered":"\n<p><\/p>\n\n\n\n<p><\/p>\n\n\n\n<p>-Irving Barrios estar\u00e1 hasta el 2027<\/p>\n\n\n\n<p>Tiempo de opinar<\/p>\n\n\n\n<p>Ra\u00fal Hern\u00e1ndez Moreno<\/p>\n\n\n\n<p>4-noviembre-2024<\/p>\n\n\n\n<p>Tamaulipas se sumar\u00e1 al programa nacional de salud casa por casa, propuesto por la presidenta Claudia Sheinbaum, afirm\u00f3 el gobernador Am\u00e9rico Villarreal Anaya y reiter\u00f3 que la atenci\u00f3n m\u00e9dica est\u00e1 garantizada para todos los tamaulipecos.<\/p>\n\n\n\n<p>El mandatario puso en marcha la campa\u00f1a de vacunaci\u00f3n por la temporada invernal, contra el Covid, influenza, neumococo y t\u00e9tanos.<\/p>\n\n\n\n<p>Reiter\u00f3 que en materia de salud hay un camino definido con rumbo, con metodolog\u00eda, aspiraciones y metas que, a trav\u00e9s del conocimiento cient\u00edfico y de la t\u00e9cnica, nos llevar\u00e1 a mejores niveles de oportunidad de vida y de servicio para los ciudadanos y las ciudadanas.<\/p>\n\n\n\n<p>A su vez, el secretario de Salud, Vicente Joel Hern\u00e1ndez, reconoci\u00f3 el esfuerzo y dedicaci\u00f3n del gobernador Am\u00e9rico Villarreal para construir en Tamaulipas un sistema de salud m\u00e1s fuerte, con dedicaci\u00f3n, emp\u00e1tico y saludable.<\/p>\n\n\n\n<p>Dio a conocer que actualmente en Tamaulipas se cuenta con 527 m\u00e9dicos residentes que realizan sus estudios de posgrado y que, en febrero del 2025, 146 de ellos se graduar\u00e1n, sum\u00e1ndose a los 846 profesionales que ya se han formado en a\u00f1os anteriores.<\/p>\n\n\n\n<p>En otro tema, el pastor de los diputados de Morena, Humberto Prieto, acab\u00f3 con las esperanzas de quienes a dos a\u00f1os de iniciado el actual sexenio, segu\u00edan confiando en que la mayor\u00eda morenista remover\u00eda a Irving Barrios como Procurador de Justicia en Tamaulipas.<\/p>\n\n\n\n<p>Prieto dijo que Barrios seguir\u00e1 en su puesto hasta el 2027 y que en estos momentos no hay ning\u00fan plan para removerlo.<\/p>\n\n\n\n<p>Confi\u00f3, en cambio, en que la Fiscal\u00eda Anticorrupci\u00f3n agilice m\u00e1s de 100 expedientes por actos de corrupci\u00f3n en los que participaron funcionarios del sexenio cabecista.<\/p>\n\n\n\n<p>Barrios Mojica lleg\u00f3 al cargo en el 2016, lleva ya ocho a\u00f1os al frente de la Fiscal\u00eda, a donde lleg\u00f3 invitado por Cabeza de Vaca.<\/p>\n\n\n\n<p>La mayor\u00eda morenista en el Congreso sigue dando palos de ciego, no tienen capacidad pol\u00edtica ni jur\u00eddica para hacer un papel digno. \u00bfO ser\u00e1 que a Prieto lo condena su pasado panista?<\/p>\n\n\n\n<p>En otro tema, al margen de las creencias religiosas que se tengan, o no se tengan, que bonitas son las festividades del d\u00eda de muertos en M\u00e9xico.<\/p>\n\n\n\n<p>Vivimos los \u00faltimos d\u00edas fiestas \u00fanicas en diferentes partes del pa\u00eds, desde el desfile de d\u00eda de muertos en la CdMx, que atrajo a un mill\u00f3n 300 mil personas; la visita a los panteones en Michoac\u00e1n, durante la noche y madrugada; las festividades en Oaxaca, en Aguascalientes, los altares monumentales en Puebla, la limpieza de los huesos de muertos en Campeche.<\/p>\n\n\n\n<p>Todos estos festejos son cat\u00f3licos. No tienen nada de prehisp\u00e1nicos. Son festejos mexicanos que surgieron en el virreinato y que vale la pena preservar, junto con Halloween, que es una fiesta planeada para que todos se diviertan. Ambos festejos se complementan, es la fusi\u00f3n de dos culturas, de dos mundos y se necesita ser fan\u00e1tico religioso para condenar a Halloween, como se necesita ser fan\u00e1tico anticlerical para condenar el recuerdo a los muertos.<\/p>\n\n\n\n<p>Todos los fanatismos, como cualquier exceso, son malos.<\/p>\n","protected":false},"excerpt":{"rendered":"<p>-Irving Barrios estar\u00e1 hasta el 2027 Tiempo de opinar Ra\u00fal Hern\u00e1ndez Moreno 4-noviembre-2024 Tamaulipas se sumar\u00e1 al programa nacional de salud casa por casa, propuesto por la presidenta Claudia Sheinbaum, &hellip; <a href=\"http:\/\/revistalaneta.com.mx\/?p=14779\" class=\"more-link\">Leer m\u00e1s<\/a><\/p>\n","protected":false},"author":1,"featured_media":14778,"comment_status":"open","ping_status":"open","sticky":false,"template":"","format":"standard","meta":{"footnotes":""},"categories":[2],"tags":[],"class_list":["post-14779","post","type-post","status-publish","format-standard","has-post-thumbnail","hentry","category-chismorreo","entry"],"_links":{"self":[{"href":"http:\/\/revistalaneta.com.mx\/index.php?rest_route=\/wp\/v2\/posts\/14779","targetHints":{"allow":["GET"]}}],"collection":[{"href":"http:\/\/revistalaneta.com.mx\/index.php?rest_route=\/wp\/v2\/posts"}],"about":[{"href":"http:\/\/revistalaneta.com.mx\/index.php?rest_route=\/wp\/v2\/types\/post"}],"author":[{"embeddable":true,"href":"http:\/\/revistalaneta.com.mx\/index.php?rest_route=\/wp\/v2\/users\/1"}],"replies":[{"embeddable":true,"href":"http:\/\/revistalaneta.com.mx\/index.php?rest_route=%2Fwp%2Fv2%2Fcomments&post=14779"}],"version-history":[{"count":1,"href":"http:\/\/revistalaneta.com.mx\/index.php?rest_route=\/wp\/v2\/posts\/14779\/revisions"}],"predecessor-version":[{"id":14780,"href":"http:\/\/revistalaneta.com.mx\/index.php?rest_route=\/wp\/v2\/posts\/14779\/revisions\/14780"}],"wp:featuredmedia":[{"embeddable":true,"href":"http:\/\/revistalaneta.com.mx\/index.php?rest_route=\/wp\/v2\/media\/14778"}],"wp:attachment":[{"href":"http:\/\/revistalaneta.com.mx\/index.php?rest_route=%2Fwp%2Fv2%2Fmedia&parent=14779"}],"wp:term":[{"taxonomy":"category","embeddable":true,"href":"http:\/\/revistalaneta.com.mx\/index.php?rest_route=%2Fwp%2Fv2%2Fcategories&post=14779"},{"taxonomy":"post_tag","embeddable":true,"href":"http:\/\/revistalaneta.com.mx\/index.php?rest_route=%2Fwp%2Fv2%2Ftags&post=14779"}],"curies":[{"name":"wp","href":"https:\/\/api.w.org\/{rel}","templated":true}]}}