{"id":14782,"date":"2024-11-07T12:50:41","date_gmt":"2024-11-07T12:50:41","guid":{"rendered":"http:\/\/revistalaneta.com.mx\/?p=14782"},"modified":"2024-11-07T12:51:23","modified_gmt":"2024-11-07T12:51:23","slug":"recibe-claudia-gran-aprobacion-en-primer-mes-de-gestion","status":"publish","type":"post","link":"http:\/\/revistalaneta.com.mx\/?p=14782","title":{"rendered":"RECIBE CLAUDIA GRAN APROBACI\u00d3N EN PRIMER MES DE GESTI\u00d3N"},"content":{"rendered":"\n<p><br>En su primer mes de gobierno, la presidenta de M\u00e9xico, Claudia Sheinbaum Pardo, consigui\u00f3 una destaca aprobaci\u00f3n por parte de la ciudadan\u00eda, esto seg\u00fan encuestas de los peri\u00f3dicos El Economista y El Financiero. Esto significa que Claudia Sheinbaum empez\u00f3 bien su administraci\u00f3n, y sigue teniendo el respaldo de aquellos que votaron por ella. Pero tambi\u00e9n esto es el reflejo del trabajo que la mandataria mexicana ha mostrado tan solo en su primer mes de gesti\u00f3n, y lo cual ha sido respaldado por el trabajo de gobernadores emanados tambi\u00e9n de la Cuarta Transformaci\u00f3n, y donde sin duda destaca el gobernador de Tamaulipas, Am\u00e9rico Villarreal Anaya, quien ha estado trabajando de la mano con la presidenta, y a la par tambi\u00e9n ha sido reconocido como un buen gobernante, y prueba de ello es que recientemente la Auditoria Superior de la Federaci\u00f3n (ASF) revis\u00f3 la cuenta p\u00fablica del 2023 y en la misma no se registraron observaciones, lo cual implica que el doctor Am\u00e9rico est\u00e1 administrando bien los recursos de los tamaulipecos, cumpliendo as\u00ed con la directriz de la doctora Sheinbaum.<\/p>\n\n\n\n<p>AM\u00c9RICO EN SINERG\u00cdA CON LA PRESIDENTA DE M\u00c9XICO<br \/>Y una prueba m\u00e1s de esa sinergia entre el gobierno del estado con el gobierno federal, es que Am\u00e9rico Villarreal Anaya ha anunciado que Tamaulipas se sumar\u00e1 a la campa\u00f1a nacional de salud casa por casa, que justamente ha propuesto la presidenta Claudia Sheinbaum Pardo. Esto lo hizo saber el mandatario tamaulipeco durante los Honores a la Bandera celebrados este lunes en el Palacio de Gobierno, y donde adem\u00e1s puso en marcha una intensa campa\u00f1a de vacunaci\u00f3n para reforzar la inmunizaci\u00f3n entre la comunidad tamaulipeca, principalmente contra covid, influenza, neumococo y t\u00e9tanos, siendo el objetivo que nadie se quede sin vacunar, de ah\u00ed que se visitar\u00e1 casa por casa. Durante el evento tambi\u00e9n se hizo saber que actualmente Tamaulipas cuenta con 527 m\u00e9dicos residentes que realizan sus estudios de posgrado y que, en febrero del 2025, 146 de ellos se graduar\u00e1n, sum\u00e1ndose a los 846 profesionales que ya se han formado en a\u00f1os anteriores, y que reforzar\u00e1n la plantilla laboral m\u00e9dica en los hospitales de la entidad.<\/p>\n\n\n\n<p>HAR\u00c1N REBAJAS A DEUDORES DEL PADR\u00d3N VEHICULAR<br \/>Buenas noticias para aquellos contribuyentes del padr\u00f3n vehicular que cuentan con veh\u00edculos de modelos 2010 al 2015 y tengan adeudos pendientes con el Gobierno del Estado de Tamaulipas, toda vez que la Secretar\u00eda de Finanzas, a cargo de Adriana Lozano Rodr\u00edguez, ha dispuesto que con un pago \u00fanico de 5,990 pesos podr\u00e1n ponerse al corriente hasta el 2024. Este beneficio se estar\u00e1 brindando en todas las oficinas fiscales de la entidad durante los meses de noviembre y diciembre, por lo que sin duda quienes est\u00e1n en tales condiciones deben aprovechar, ya que en 2025 su cuenta aumentar\u00e1 mucho m\u00e1s.<\/p>\n\n\n\n<p>YA EST\u00c1N PAGANDO PENSIONES DE \u00daLTIMO BIMESTRE<br \/>Desde este lunes 4 de noviembre inici\u00f3 el pago de la pensi\u00f3n del Bienestar para los adultos mayores de 65 a\u00f1os y m\u00e1s, correspondiente al sexto y \u00faltimo bimestre del a\u00f1o que abarca los meses de noviembre y diciembre. Como siempre se inici\u00f3 deposit\u00e1ndoles a los que su primer apellido empieza con la letra \u201cA\u201d y este martes 5 de noviembre se les pagar\u00e1 a los de la letra \u201cB\u201d. El 6 y 7 les toca a los de la letra \u201cC\u201d, mientras que el 8 de noviembre a los de la \u201cD\u201d, \u201cE\u201d y \u201cF\u201d, en tanto que el 11 y 12 de noviembre a los de la letra \u201cG\u201d. El 13 de noviembre a las letras \u201cH\u201d, \u201cI\u201d, \u201cJ\u201d y \u201cK\u201d; el 14 a los de la letra \u201cL\u201d, y el 15 y 19 de noviembre a los de la letra \u201cM\u201d, aclar\u00e1ndose que el lunes 18 ser\u00e1 d\u00eda inh\u00e1bil. El 20 de noviembre toca a los de las letras \u201cN\u201d, \u201c\u00d1\u201d y \u201cO\u201d; el 21 a los de \u201cP\u201d y \u201cQ\u201d; el 22 y 25 de noviembre a los de la letra \u201cR\u201d; el 26 a los de la letra \u201cS\u201d; el 27 a los de \u201cT\u201d, \u201cU\u201d, y \u201cV\u201d y finalmente el 28 de noviembre a los de \u201cW\u201d, \u201cX\u201d, \u201cY\u201d y \u201cZ\u201d.<\/p>\n\n\n\n<p>EN MARCHA NUEVO PUENTE PEATONAL<br \/>Ya est\u00e1 en funcionamiento el nuevo puente peatonal que atraviesa las v\u00edas f\u00e9rreas de la avenida Eva Samano, a la altura de lo que se conoce como \u201cla pulga de los rieles\u201d. Dicha obra se puso en operaci\u00f3n el pasado domingo, justo cuando mucha gente acudi\u00f3 al referido tianguis a realizar compras, y pues ya pudieron hacer uso de dicho paso, para cruzar de un lado a otro los rieles, sin tener que exponer a pasar por encima o por debajo del ferrocarril, lo que no deja de tener sus riesgos. Este puente lo mand\u00f3 construir Carmen Lilia Canturosas Villarreal y est\u00e1 bien hecho, por lo que ahora se espera que la gente la cuide, pues a fin de cuentas es para beneficio de todos.<\/p>\n\n\n\n<p>PIDEN REPORTAR VEH\u00cdCULOS ABANDONADOS<br \/>Qu\u00e9 bueno que el Gobierno Municipal de Nuevo Laredo ha revivido la campa\u00f1a para que la ciudadan\u00eda reporte veh\u00edculos abandonados en la v\u00eda p\u00fablica y as\u00ed obligar a los due\u00f1os de los mismos a retirarlos, o en su caso mandarlos al corral\u00f3n. Esto forma parte de una acci\u00f3n para dar una mejor imagen a la ciudad, pues son muchos los carros abandonados en calles de la ciudad. De hecho hace varios meses se actu\u00f3 intensamente en esta campa\u00f1a con apoyo de la Direcci\u00f3n de Tr\u00e1nsito y Vialidad, pero de repente se suspendi\u00f3, aunque ahora se revive y se involucra directamente a la gente para que haga los reportes, mismos que se pueden hacer a trav\u00e9s de la p\u00e1gina www.072.mx y as\u00ed se pueda proceder al respecto.<\/p>\n\n\n\n<p>INVITA LA UAT A ESTUDIANTADO AL PREMIO ESTATAL DE LA JUVENTUD<br \/>Tras lanzarse la convocatoria del Premio Estatal de la Juventud 2024, la Universidad Aut\u00f3noma de Tamaulipas (UAT), hizo un llamado a su estudiantado para tomar parte en este proyecto que tiene como finalidad reconocer el talento y contribuciones de los j\u00f3venes tamaulipecos. Dicha convocatoria ha sido lanzada coordinadamente por la Secretar\u00eda del Trabajo y Previsi\u00f3n Social y el Instituto de la Juventud de Tamaulipas, y est\u00e1 dirigida a j\u00f3venes originarios o residentes del estado de Tamaulipas, quienes podr\u00e1n postularse en dos categor\u00edas: de 12 a 17 a\u00f1os y de 18 a 29 a\u00f1os, y quienes tienen hasta el 12 de noviembre para presentar su solicitud. Para m\u00e1s informes al respecto se puede consultar la p\u00e1gina oficial del Gobierno del Estado de Tamaulipas o el sitio oficial de la UAT.<\/p>\n\n\n\n<p>INFONAVIT PROMUEVE NUEVO CR\u00c9DITO<br \/>Toda aquella persona que trabaje por su cuenta, pero que alguna vez haya cotizado al INFONAVIT y tenga ahorros en su subcuenta de vivienda, y nunca haya solicitado un cr\u00e9dito de vivienda, podr\u00e1 solicitar este si es que as\u00ed lo desea, a trav\u00e9s del nuevo programa denominado Cuenta Infonavit+Cr\u00e9dito Bancario. Y es que con el dinero en la subcuenta de vivienda el interesado puede dar el enganche de una hipoteca bancaria para comprar una vivienda nueva o existente. Cabe indicar que para verificar si se tiene ahorro en la subcuenta de vivienda se puede verificar en la aplicaci\u00f3n de Mi Cuenta Infonavit o en micuenta.infonavit.org.mx, en la secci\u00f3n \u201cMi Ahorro\u201d, y de ser as\u00ed, se puede aplicar al cr\u00e9dito, siempre y cuando tambi\u00e9n se est\u00e9 registrado en una Afore, se cumpla con los requisitos que determine la instituci\u00f3n financiera de su elecci\u00f3n (participan Banorte, BBVA, HSBC, Mifel, Santander y Scotiabank), y se obtenga el Certificado Cuenta Infonavit+Cr\u00e9dito Bancario en Mi Cuenta Infonavit (micuenta.infonavit.org.mx), en la secci\u00f3n \u201cTramitar tu cr\u00e9dito\u201d, \u201cPrecalificaci\u00f3n y puntos\u201d, y el cual se debe presentar en el banco para iniciar la contrataci\u00f3n del financiamiento, con la comprobaci\u00f3n de ingresos.<\/p>\n\n\n\n<p>LO \u00daLTIMO<br \/>Falleci\u00f3 la se\u00f1ora Graciela del Carmen Mart\u00ednez Salazar de Gonz\u00e1lez, hermana del licenciado Juan \u00c1ngel Mart\u00ednez Salazar, secretario del Ayuntamiento de Nuevo Laredo, y a quien le brindamos nuestro m\u00e1s sentido p\u00e9same. \u00a1Descanse en paz!\u2026 A 19.70 a la venta y 19.00 a la compra, se ofreci\u00f3 el d\u00f3lar en la mayor\u00eda de los centros cambiarios de Nuevo Laredo este lunes. Pero en las casas de cambio Fx Cash se puede conseguir una cotizaci\u00f3n todav\u00eda mejor, basta con solicitarlo. De estos centros cambiarios hay a lo largo y ancho de la ciudad\u2026 Una jornada de vacunaci\u00f3n contra la influenza en modalidad de atenci\u00f3n directa en veh\u00edculo, llevar\u00e1 a cabo el Gobierno Municipal de Nuevo Laredo este pr\u00f3ximo viernes 8 y s\u00e1bado 9 de noviembre en el monumento a Fundadores, frente a la Presidencia Municipal, en horario de 10 de la ma\u00f1ana a dos de la tarde\u2026 El arquitecto Jos\u00e9 Valdemar Sandoval Ortega, ha sido nombrado titular de la nueva Direcci\u00f3n de Imagen y Embellecimiento Urbano que se ha creado en la Secretar\u00eda de Servicios P\u00fablicos Primarios del Gobierno Municipal de Nuevo Laredo, y con la que, como su nombre, se busca darles la mejor imagen posible a los espacios p\u00fablicos de la ciudad\u2026 Un total de 60 \u00e1rboles se sembraron en las instalaciones de la nueva Preparatoria UAT Nuevo Laredo, esto como parte de las acciones de reforestaci\u00f3n de dicho plantel educativo. Y es que si bien es cierto la escuela ya contaba con algunos arbolitos, se requieren de m\u00e1s para ir generando las futuras sombras. Los \u00e1rboles plantados son encinos rojos y verdes, que son t\u00edpicos de la regi\u00f3n y aguantan los climas tan extremosos\u2026 De acuerdo con los reportes de la Direcci\u00f3n de Protecci\u00f3n Civil y Bomberos de Nuevo Laredo, este martes amaneceremos en la ciudad con un clima de entre 12 y 15 grados cent\u00edgrados, ante la entrada del frente fr\u00edo n\u00famero 7. No pos ta gueno, ya es tiempo que haga algo de fr\u00edo.<\/p>\n","protected":false},"excerpt":{"rendered":"<p>En su primer mes de gobierno, la presidenta de M\u00e9xico, Claudia Sheinbaum Pardo, consigui\u00f3 una destaca aprobaci\u00f3n por parte de la ciudadan\u00eda, esto seg\u00fan encuestas de los peri\u00f3dicos El Economista &hellip; <a href=\"http:\/\/revistalaneta.com.mx\/?p=14782\" class=\"more-link\">Leer m\u00e1s<\/a><\/p>\n","protected":false},"author":1,"featured_media":14781,"comment_status":"open","ping_status":"open","sticky":false,"template":"","format":"standard","meta":{"footnotes":""},"categories":[2],"tags":[],"class_list":["post-14782","post","type-post","status-publish","format-standard","has-post-thumbnail","hentry","category-chismorreo","entry"],"_links":{"self":[{"href":"http:\/\/revistalaneta.com.mx\/index.php?rest_route=\/wp\/v2\/posts\/14782","targetHints":{"allow":["GET"]}}],"collection":[{"href":"http:\/\/revistalaneta.com.mx\/index.php?rest_route=\/wp\/v2\/posts"}],"about":[{"href":"http:\/\/revistalaneta.com.mx\/index.php?rest_route=\/wp\/v2\/types\/post"}],"author":[{"embeddable":true,"href":"http:\/\/revistalaneta.com.mx\/index.php?rest_route=\/wp\/v2\/users\/1"}],"replies":[{"embeddable":true,"href":"http:\/\/revistalaneta.com.mx\/index.php?rest_route=%2Fwp%2Fv2%2Fcomments&post=14782"}],"version-history":[{"count":1,"href":"http:\/\/revistalaneta.com.mx\/index.php?rest_route=\/wp\/v2\/posts\/14782\/revisions"}],"predecessor-version":[{"id":14783,"href":"http:\/\/revistalaneta.com.mx\/index.php?rest_route=\/wp\/v2\/posts\/14782\/revisions\/14783"}],"wp:featuredmedia":[{"embeddable":true,"href":"http:\/\/revistalaneta.com.mx\/index.php?rest_route=\/wp\/v2\/media\/14781"}],"wp:attachment":[{"href":"http:\/\/revistalaneta.com.mx\/index.php?rest_route=%2Fwp%2Fv2%2Fmedia&parent=14782"}],"wp:term":[{"taxonomy":"category","embeddable":true,"href":"http:\/\/revistalaneta.com.mx\/index.php?rest_route=%2Fwp%2Fv2%2Fcategories&post=14782"},{"taxonomy":"post_tag","embeddable":true,"href":"http:\/\/revistalaneta.com.mx\/index.php?rest_route=%2Fwp%2Fv2%2Ftags&post=14782"}],"curies":[{"name":"wp","href":"https:\/\/api.w.org\/{rel}","templated":true}]}}