{"id":14851,"date":"2024-11-21T11:46:45","date_gmt":"2024-11-21T11:46:45","guid":{"rendered":"http:\/\/revistalaneta.com.mx\/?p=14851"},"modified":"2024-11-21T11:46:56","modified_gmt":"2024-11-21T11:46:56","slug":"arranca-en-nuevo-laredo-descuentos-con-el-buen-fin","status":"publish","type":"post","link":"http:\/\/revistalaneta.com.mx\/?p=14851","title":{"rendered":"Arranca en Nuevo Laredo descuentos con el &#8220;Buen Fin&#8221;"},"content":{"rendered":"\n<p><\/p>\n\n\n\n<p>Nuevo Laredo, Tamps.- Este viernes 15 de noviembre arranc\u00f3 el \u201cBuen Fin 2024\u201d, una de las campa\u00f1as comerciales m\u00e1s importantes del pa\u00eds, que ofrecer\u00e1 a los consumidores descuentos en productos y servicios en m\u00e1s de 800 comercios de la ciudad.<\/p>\n\n\n\n<p>El s\u00edndico, Jes\u00fas Jasso Montemayor en representaci\u00f3n de la alcaldesa Carmen Lilia Canturosas Villarreal encabez\u00f3 el inicio oficial de este evento, que lleva a cabo la C\u00e1mara Nacional de Comercio (CANACO), y destac\u00f3 la relevancia de esta iniciativa para los negocios locales<\/p>\n\n\n\n<p>\u201cCon este evento se busca no solo ofrecer descuentos significativos a los consumidores sino tambi\u00e9n impulsar la econom\u00eda nacional, mediante la colaboraci\u00f3n del sector privado y gobierno, el Buen Fin es una iniciativa de gran relevancia no solo para nuestra comunidad sino para todo el pa\u00eds\u201d, dijo Jasso Montemayor, funcionario municipal.<\/p>\n\n\n\n<p>El Buen Fin se ha consolidado como una herramienta eficaz para incentivar el consumo y fortalecer el comercio formal, beneficiando tanto a los grandes establecimientos como a las peque\u00f1as y medianas empresas. Adem\u00e1s la importancia de apoyar el comercio local para garantizar que los beneficios econ\u00f3micos permanezcan dentro de la comunidad.<\/p>\n\n\n\n<p>Este a\u00f1o, el evento se llevar\u00e1 a cabo a nivel nacional del 15 al 18 de noviembre. Durante estos d\u00edas, los consumidores podr\u00e1n disfrutar de descuentos significativos en una amplia variedad de productos y servicios, lo que se espera impulse la econom\u00eda familiar y la compra anticipada de productos para las festividades navide\u00f1as.<\/p>\n\n\n\n<p>Eliud Ci\u00e9nega Jurado, presidente de la C\u00e1mara Nacional de Comercio (Canaco), coment\u00f3 que esta edici\u00f3n del Buen Fin sigue consolid\u00e1ndose como un evento clave para la econom\u00eda local y nacional.<\/p>\n\n\n\n<p>\u201cEl Buen Fin se ha consolidado como una de las iniciativas m\u00e1s emblem\u00e1ticas de M\u00e9xico, no solo es un evento comercial sino tambi\u00e9n un programa que contribuye a la cohesi\u00f3n de las comunidades y a la generaci\u00f3n de igualdad de oportunidades tanto para las personas como para las empresas&#8221;, afirm\u00f3.<\/p>\n\n\n\n<p>El s\u00edndico Jes\u00fas Jasso invit\u00f3 a todos los neolaredenses a aprovechar las ofertas y a consumir de manera responsable en los comercios locales, contribuyendo as\u00ed a la reactivaci\u00f3n econ\u00f3mica y a la creaci\u00f3n de un entorno favorable para el crecimiento de las empresas de la regi\u00f3n.<\/p>\n\n\n\n<p>Con esta edici\u00f3n del Buen Fin 2024, Nuevo Laredo refuerza su compromiso de seguir transform\u00e1ndose como una ciudad con un mercado robusto y competitivo, en la que el comercio local juega un papel esencial en su desarrollo econ\u00f3mico.<\/p>\n\n\n\n<p>En el arranque de este evento estuvieron presentes funcionarios municipales; autoridades de Laredo, Texas; representantes de organismos y asociaciones; as\u00ed como integrantes del consejo directivo de la Canaco.<\/p>\n","protected":false},"excerpt":{"rendered":"<p>Nuevo Laredo, Tamps.- Este viernes 15 de noviembre arranc\u00f3 el \u201cBuen Fin 2024\u201d, una de las campa\u00f1as comerciales m\u00e1s importantes del pa\u00eds, que ofrecer\u00e1 a los consumidores descuentos en productos &hellip; <a href=\"http:\/\/revistalaneta.com.mx\/?p=14851\" class=\"more-link\">Leer m\u00e1s<\/a><\/p>\n","protected":false},"author":1,"featured_media":14850,"comment_status":"open","ping_status":"open","sticky":false,"template":"","format":"standard","meta":{"footnotes":""},"categories":[4],"tags":[],"class_list":["post-14851","post","type-post","status-publish","format-standard","has-post-thumbnail","hentry","category-nuevo-laredo","entry"],"_links":{"self":[{"href":"http:\/\/revistalaneta.com.mx\/index.php?rest_route=\/wp\/v2\/posts\/14851","targetHints":{"allow":["GET"]}}],"collection":[{"href":"http:\/\/revistalaneta.com.mx\/index.php?rest_route=\/wp\/v2\/posts"}],"about":[{"href":"http:\/\/revistalaneta.com.mx\/index.php?rest_route=\/wp\/v2\/types\/post"}],"author":[{"embeddable":true,"href":"http:\/\/revistalaneta.com.mx\/index.php?rest_route=\/wp\/v2\/users\/1"}],"replies":[{"embeddable":true,"href":"http:\/\/revistalaneta.com.mx\/index.php?rest_route=%2Fwp%2Fv2%2Fcomments&post=14851"}],"version-history":[{"count":1,"href":"http:\/\/revistalaneta.com.mx\/index.php?rest_route=\/wp\/v2\/posts\/14851\/revisions"}],"predecessor-version":[{"id":14852,"href":"http:\/\/revistalaneta.com.mx\/index.php?rest_route=\/wp\/v2\/posts\/14851\/revisions\/14852"}],"wp:featuredmedia":[{"embeddable":true,"href":"http:\/\/revistalaneta.com.mx\/index.php?rest_route=\/wp\/v2\/media\/14850"}],"wp:attachment":[{"href":"http:\/\/revistalaneta.com.mx\/index.php?rest_route=%2Fwp%2Fv2%2Fmedia&parent=14851"}],"wp:term":[{"taxonomy":"category","embeddable":true,"href":"http:\/\/revistalaneta.com.mx\/index.php?rest_route=%2Fwp%2Fv2%2Fcategories&post=14851"},{"taxonomy":"post_tag","embeddable":true,"href":"http:\/\/revistalaneta.com.mx\/index.php?rest_route=%2Fwp%2Fv2%2Ftags&post=14851"}],"curies":[{"name":"wp","href":"https:\/\/api.w.org\/{rel}","templated":true}]}}