{"id":14865,"date":"2024-11-21T11:57:00","date_gmt":"2024-11-21T11:57:00","guid":{"rendered":"http:\/\/revistalaneta.com.mx\/?p=14865"},"modified":"2024-11-21T11:57:38","modified_gmt":"2024-11-21T11:57:38","slug":"cen-del-pan-debe-apurar-cambio-en-tamaulipas","status":"publish","type":"post","link":"http:\/\/revistalaneta.com.mx\/?p=14865","title":{"rendered":"CEN DEL PAN DEBE APURAR CAMBIO EN TAMAULIPAS"},"content":{"rendered":"\n<p><br>El nuevo presidente del Comit\u00e9 Ejecutivo Nacional (CEN) del Partido Acci\u00f3n Nacional (PAN), Jorge Romero Herrera, debe apurar el cambio de dirigencia en el comit\u00e9 estatal de este mismo instituto pol\u00edtico en Tamaulipas, en primera instancia para demostrar que va por un verdadero cambio al interior del blanquiazul; en segunda para atender la exigencia de la mayor\u00eda del panismo tamaulipeco que ya no quiere saber nada del yugo cabecista que prevalece en dicho partido a nivel estatal, y en tercera porque de lo contrario el PAN de Tamaulipas se hundir\u00e1 por completo si se mantiene a Luis Ren\u00e9 Cant\u00fa Galv\u00e1n como dirigente. De hecho hasta sin sentido son las declaraciones vertidas por el diputado local cabecista, Gerardo Pe\u00f1a Flores, respecto a que el PAN no est\u00e1 perdido con Jorge Herrera, pues evidentemente eso es cierto, ya que realmente no todo est\u00e1 perdido, a\u00fan se puede rescatar al blanquiazul. Lo que no dijo Pe\u00f1a Flores es que con \u201cEl Cachorro\u201d Cant\u00fa el PAN s\u00ed est\u00e1 perdido en Tamaulipas. Pero claro, eso no lo va a decir nunca.<\/p>\n\n\n\n<p>ALZA LA MANO PONCHO SALAS EN POS DEL MC<br \/>En medio del proceso de designaci\u00f3n de la nueva coordinaci\u00f3n del partido Movimiento Ciudadano (MC) en Nuevo Laredo, surge la figura de Alfonso Salas P\u00e9rez, excandidato a la diputaci\u00f3n federal en las pasadas elecciones, y quien levanta la mano para ser tomado en cuenta, esto aun cuando se habla que est\u00e1 decidido que sea una mujer la que tome las riendas de dicho instituto pol\u00edtico. Y dado a que la designaci\u00f3n parece ponerse dif\u00edcil, ya que inicialmente se hab\u00eda dicho que la pelea estaba entre dos f\u00e9minas, siendo estas Makis Gonz\u00e1lez P\u00e9rez y Leticia Hern\u00e1ndez, pero al parecer ahora se ha sumado Ariana Garza L\u00f3pez, Poncho Salas dice que no es obligatorio que sea una dama la que dirija al MC, y a la vez hace notar algo que es muy cierto, y eso es que a \u00e9l lo avala la votaci\u00f3n recibida en la pasada elecci\u00f3n, que fue de 7,156 sufragios, que representan casi el doble de los que recibieron Makis Gonz\u00e1lez y Lety Hern\u00e1ndez, que iban en la planilla por la alcald\u00eda, y que solo consiguieron 3,695 sufragios. Por lo tanto, todo parece indicar que Poncho Salas est\u00e1 dispuestos a pelear la dirigencia local del MC.<\/p>\n\n\n\n<p>EL FIN DEL BUEN FIN<br \/>Este lunes es el \u00faltimo d\u00eda del mentado Buen Fin, y dicen los que saben que es el d\u00eda en que m\u00e1s rebajas se ponen en los negocios, \u00bfser\u00e1?, pues chance y s\u00ed, porque el viernes hice un recorrido por varios establecimientos y s\u00ed not\u00e9 muchas rebajas, principalmente en televisiones, refrigeradores, bocinas y dem\u00e1s aparatos electr\u00f3nicos y electrodom\u00e9sticos, pero el s\u00e1bado todav\u00eda hubo m\u00e1s rebajas, y este domingo tambi\u00e9n, por lo que chance y este lunes todav\u00eda se pueda pepenar algo econ\u00f3mico, principalmente en las grandes tiendas, porque las peque\u00f1as no pasan de su 10 por ciento de descuentos en sus productos.<\/p>\n\n\n\n<p>INVITAN A DONAR JUGUETES<br \/>El Gobierno Municipal de Nuevo Laredo, a trav\u00e9s de la Secretar\u00eda de Bienestar Social, ha puesto en marcha la campa\u00f1a \u201cJuguet\u00f3n\u201d obtener juguetes donados por parte de la ciudadan\u00eda, mismos que ser\u00e1n regalados a ni\u00f1os de bajos recursos durante la \u00e9poca navide\u00f1a. Dicha campa\u00f1a se puso en marcha el pasado viernes y se mantendr\u00e1 hasta el 16 de diciembre, teni\u00e9ndose como centro de acopio las oficinas de Bienestar situadas en Maclovio Herrera entre Ju\u00e1rez y Morelos, en horario de ocho de la ma\u00f1ana a tres y media de la tarde de lunes a viernes. Y para el 30 de noviembre se llevar\u00e1 a cabo una edici\u00f3n especial de la colecta, en la que la gente podr\u00e1 ir en su carro, y sin necesidad de bajarse de la unidad, entregar su juguete, que por cierto se pide no sea b\u00e9lico, est\u00e9 en buen estado y que no use pilas. Sea pues.<\/p>\n\n\n\n<p>ABRIR\u00c1N M\u00d3DULO DE BIENESTAR FEDERAL EN ANEXO DE PRESIDENCIA<br \/>Bajo el objetivo de que los programas federales lleguen a m\u00e1s ciudadanos, el Gobierno Municipal de Nuevo Laredo que encabeza Carmen Lilia Canturosas Villarreal, ha dispuesto habilitar una ventanilla de atenci\u00f3n en el edificio anexo de la Presidencia Municipal, a fin de que las familias puedan realizar sus tr\u00e1mites de Bienestar Federal en la misma, sin necesidad de acudir hasta el Palacio Federal, donde por lo regular siempre hay mucha gente. Y bueno esto es posible tambi\u00e9n gracias a la apertura de Heriberto Cant\u00fa De\u00e1ndar, subdelegado de los programas de Bienestar en Nuevo Laredo, y la secretaria de Bienestar Social Municipal, Liliana Arjona Barocio, quien tendr\u00e1 a su cargo tal m\u00f3dulo.<\/p>\n\n\n\n<p>MUCHO MOVIMIENTO VEH\u00cdCULAR EN EL PUENTE DOS<br \/>Hasta el chongo estuvo la fila de veh\u00edculos hacia el puente internacional n\u00famero dos todo el fin de semana. Y es que muchos del interior del pa\u00eds se adentraron a los Estados Unidos, para aprovechar el fin de semana largo, pues como se sabe este lunes no se trabaja. El s\u00e1bado la fila de veh\u00edculos por el bulevar lleg\u00f3 hasta el \u00e1rea conocida como El Patinadero, y eso que estaba fluido el cruce. Incluso el puente de Colombia, Nuevo Le\u00f3n, tambi\u00e9n registr\u00f3 mucho movimiento, yo cruc\u00e9 por ah\u00ed este domingo, y no me tarde ni 20 minutos. Por cierto que not\u00e9 que cada vez m\u00e1s regios est\u00e1n usando ese puente, su puente, y creo que m\u00e1s lo har\u00e1n una vez que ya quede totalmente terminada la nueva carretera que va de La Gloria a Colombia.<\/p>\n\n\n\n<p>ACREDITAN EVALUACI\u00d3N DE CARRERA DE DISE\u00d1O GR\u00c1FICO DE LA UAT<br \/>Los Comit\u00e9s Interinstitucionales para la Evaluaci\u00f3n de la Educaci\u00f3n Superior (CIEES) revisaron durante tres d\u00edas en modalidad virtual los esquemas educativos de la carrera de Licenciatura en Dise\u00f1o Gr\u00e1fico y Animaci\u00f3n Digital de la Universidad Aut\u00f3noma de Tamaulipas (UAT), siendo estos aprobados, por lo que fue acreditada la referida evaluaci\u00f3n. Con esto una vez m\u00e1s en la UAT, a cargo del rector D\u00e1maso Anaya Alvarado, se aseguran que los programas educativos cumplan con los m\u00e1s altos est\u00e1ndares de calidad a nivel nacional y sobre todo respondan a las demandas del mercado laboral actual. Al respecto Anaya Alvarado dijo que la certificaci\u00f3n de la Licenciatura en Dise\u00f1o Gr\u00e1fico y Animaci\u00f3n Digital refleja la clara determinaci\u00f3n de ofrecer a la sociedad una oferta educativa pertinente y de calidad, y reiter\u00f3 que se reforzar\u00e1 el trabajo para asegurar que todas las licenciaturas alcancen los m\u00e1s altos est\u00e1ndares de calidad.<\/p>\n\n\n\n<p>LO \u00daLTIMO<br \/>Muy felicitado result\u00f3 el regidor Enrique Figueroa Rocha este domingo, al festejar un a\u00f1o m\u00e1s de vida. \u00a1Muchos m\u00e1s d\u00edas de estos!\u2026 Muchas felicidades tambi\u00e9n a mis sobrinos Diana y Antonio Mart\u00ednez Gallardo, quien estar\u00e1n celebrando un a\u00f1o m\u00e1s de vida este lunes, al igual que la compa\u00f1era comunicadora Minerva Oseguera y el amigo Flavio Jes\u00fas Zapiain. \u00a1Enhorabuena!\u2026 Este domingo el profesor C\u00e9sar Bola\u00f1os Hern\u00e1ndez cumpli\u00f3 dos a\u00f1os al frente del Centro Regional de Desarrollo Educativo (CREDE), donde digan lo que digan sus detractores, ha hecho un excelente trabajo y ha respondido a la confianza depositada en \u00e9l por el gobernador Am\u00e9rico Villarreal Anaya y la secretaria de Educaci\u00f3n de Tamaulipas. Luc\u00eda Aim\u00e9 Castillo Pastor. \u00a1Felicidades profe!\u2026 Sigue con gran \u00e9xito la brigada \u201cTransformando Familias\u201d que el Sistema DIF Tamaulipas, que dirige la se\u00f1ora Mar\u00eda de Villarreal, lleva a cabo en diversos municipios de la entidad, con toda una serie de apoyos a las familias que m\u00e1s lo necesitan. Bien por ello\u2026 Con gran \u00e9xito se llev\u00f3 a cabo el Desfile Cineg\u00e9tico este domingo por la tarde, por las principales calles de Nuevo Laredo. Dicho acto es conmemorativo al inicio de la temporada de cacer\u00eda de venado cola blanca en la regi\u00f3n, que le deja a esta ciudad fronteriza una derrama econ\u00f3mica de 15 millones de d\u00f3lares. Por cierto que reportaron una camioneta Bronco que nom\u00e1s andaba estorbando en dicho desfile. \u00bfDe qui\u00e9n ser\u00e1? Jejejeje.<\/p>\n","protected":false},"excerpt":{"rendered":"<p>El nuevo presidente del Comit\u00e9 Ejecutivo Nacional (CEN) del Partido Acci\u00f3n Nacional (PAN), Jorge Romero Herrera, debe apurar el cambio de dirigencia en el comit\u00e9 estatal de este mismo instituto &hellip; <a href=\"http:\/\/revistalaneta.com.mx\/?p=14865\" class=\"more-link\">Leer m\u00e1s<\/a><\/p>\n","protected":false},"author":1,"featured_media":14864,"comment_status":"open","ping_status":"open","sticky":false,"template":"","format":"standard","meta":{"footnotes":""},"categories":[2],"tags":[],"class_list":["post-14865","post","type-post","status-publish","format-standard","has-post-thumbnail","hentry","category-chismorreo","entry"],"_links":{"self":[{"href":"http:\/\/revistalaneta.com.mx\/index.php?rest_route=\/wp\/v2\/posts\/14865","targetHints":{"allow":["GET"]}}],"collection":[{"href":"http:\/\/revistalaneta.com.mx\/index.php?rest_route=\/wp\/v2\/posts"}],"about":[{"href":"http:\/\/revistalaneta.com.mx\/index.php?rest_route=\/wp\/v2\/types\/post"}],"author":[{"embeddable":true,"href":"http:\/\/revistalaneta.com.mx\/index.php?rest_route=\/wp\/v2\/users\/1"}],"replies":[{"embeddable":true,"href":"http:\/\/revistalaneta.com.mx\/index.php?rest_route=%2Fwp%2Fv2%2Fcomments&post=14865"}],"version-history":[{"count":1,"href":"http:\/\/revistalaneta.com.mx\/index.php?rest_route=\/wp\/v2\/posts\/14865\/revisions"}],"predecessor-version":[{"id":14866,"href":"http:\/\/revistalaneta.com.mx\/index.php?rest_route=\/wp\/v2\/posts\/14865\/revisions\/14866"}],"wp:featuredmedia":[{"embeddable":true,"href":"http:\/\/revistalaneta.com.mx\/index.php?rest_route=\/wp\/v2\/media\/14864"}],"wp:attachment":[{"href":"http:\/\/revistalaneta.com.mx\/index.php?rest_route=%2Fwp%2Fv2%2Fmedia&parent=14865"}],"wp:term":[{"taxonomy":"category","embeddable":true,"href":"http:\/\/revistalaneta.com.mx\/index.php?rest_route=%2Fwp%2Fv2%2Fcategories&post=14865"},{"taxonomy":"post_tag","embeddable":true,"href":"http:\/\/revistalaneta.com.mx\/index.php?rest_route=%2Fwp%2Fv2%2Ftags&post=14865"}],"curies":[{"name":"wp","href":"https:\/\/api.w.org\/{rel}","templated":true}]}}