{"id":14874,"date":"2024-11-21T12:02:15","date_gmt":"2024-11-21T12:02:15","guid":{"rendered":"http:\/\/revistalaneta.com.mx\/?p=14874"},"modified":"2024-11-21T12:02:41","modified_gmt":"2024-11-21T12:02:41","slug":"mas-de-mil-plazas-del-magisterio-sin-ocupar","status":"publish","type":"post","link":"http:\/\/revistalaneta.com.mx\/?p=14874","title":{"rendered":"MAS DE MIL PLAZAS DEL MAGISTERIO SIN OCUPAR"},"content":{"rendered":"\n<p><\/p>\n\n\n\n<p>-Revela Arnulfo Rodr\u00edguez<\/p>\n\n\n\n<p>-Ninfa De\u00e1ndar, asume liderazgo regional<\/p>\n\n\n\n<p>-Reforma judicial avanza en Tamaulipas<\/p>\n\n\n\n<p>Tiempo de opinar<\/p>\n\n\n\n<p>Ra\u00fal Hern\u00e1ndez Moreno<\/p>\n\n\n\n<p>19-noviembre-2024<\/p>\n\n\n\n<p>El secretario general de la secci\u00f3n 30 del SNTE, Arnulfo Rodr\u00edguez Trevi\u00f1o, cuestion\u00f3 p\u00fablicamente a la secretaria de Educaci\u00f3n, Luc\u00eda Aim\u00e9 Castillo, sobre el destino de 1 048 plazas que no han sido entregadas a los maestros tamaulipecos.<\/p>\n\n\n\n<p>Estas plazas tienen su origen en maestros que se jubilaron y para reemplazarlos se convoc\u00f3 a un concurso que ganaron los profesores, pero la SEP les contest\u00f3 que no hay vacantes.<\/p>\n\n\n\n<p>Hace unos d\u00edas, Arnulfo tambi\u00e9n denunci\u00f3 que en Tamaulipas han desaparecido unos 50 maestros, principalmente mujeres, como resultado de la inseguridad que se padece en la entidad.<\/p>\n\n\n\n<p>El l\u00edder sindical dijo que por defender a sus compa\u00f1eros maestros y hablar con la verdad, hay ataques medi\u00e1ticos en su contra, pero eso no le quita el sue\u00f1o, mientras est\u00e9 bien con el de mero arriba. El maestro es profundamente creyente.<\/p>\n\n\n\n<p>En otro tema, la secretaria de Econom\u00eda de Tamaulipas, Ninfa Cant\u00fa De\u00e1ndar fue designada por la Asociaci\u00f3n Mexicana de Secretarios de Desarrollo Econ\u00f3mico como coordinadora de la Regi\u00f3n Noreste del pa\u00eds.<\/p>\n\n\n\n<p>La Regi\u00f3n Noreste, integrada por Coahuila, Durango, Nuevo Le\u00f3n, Sinaloa y Tamaulipas, desempe\u00f1a un papel estrat\u00e9gico en el panorama econ\u00f3mico nacional e internacional, particularmente en el contexto actual caracterizado por el auge del nearshoring.<\/p>\n\n\n\n<p>Cant\u00fa De\u00e1ndar dijo que esta designaci\u00f3n reconoce la visi\u00f3n del gobernador Am\u00e9rico Villarreal de fortalecer la colaboraci\u00f3n regional y detonar iniciativas conjuntas que promuevan la competitividad, el desarrollo industrial y la atracci\u00f3n de inversiones con un enfoque de prosperidad compartida.<\/p>\n\n\n\n<p>La designaci\u00f3n de Ninfa Cant\u00fa se dio en el marco de la sesi\u00f3n ordinaria de la AMSDE donde se celebr\u00f3 una reuni\u00f3n con el secretario de Econom\u00eda del gobierno federal, Marcelo Ebrard.<\/p>\n\n\n\n<p>Por otra parte, con 26 votos a favor y 9 en contra, Morena y sus aliados en el Congreso, aprobaron que el primer domingo de junio se realice la elecci\u00f3n de magistrados y jueces en Tamaulipas.<\/p>\n\n\n\n<p>Ser\u00e1 una elecci\u00f3n concurrente con la elecci\u00f3n federal y hay muchos detalles por resolver, entre ellos el costo de organizar esta jornada electoral. El IETAM ya pidi\u00f3 200 millones de pesos que deben salir del presupuesto del gobierno del estado que se va a aprobar en el mes de diciembre.<\/p>\n\n\n\n<p>Sin embargo, el l\u00edder de la bancada de Morena, Humberto Prieto solt\u00f3 la ocurrencia de que el dinero puede tomarse de los fideicomisos que opera el Poder Judicial de Tamaulipas.<\/p>\n\n\n\n<p>Lo correcto es que el gobierno del estado aporte estos 200 millones, aunque si Morena quiere que haya un ahorro se les puede elegir mediante una t\u00f3mbola, que se puede conseguir prestada y s\u00f3lo se gastar\u00eda dinero en imprimir los nombres de los aspirantes en trozos de papel.<\/p>\n\n\n\n<p>S\u00f3lo la gente tonta se atreve a sostener en p\u00fablico o en privado, que con la reforma se va acabar la corrupci\u00f3n de jueces y magistrados. Lo mismo se dec\u00eda cuando se militarizaron las aduanas y la corrupci\u00f3n est\u00e1 peor que cuando al frente de las aduanas estaban civiles.&nbsp;<\/p>\n","protected":false},"excerpt":{"rendered":"<p>-Revela Arnulfo Rodr\u00edguez -Ninfa De\u00e1ndar, asume liderazgo regional -Reforma judicial avanza en Tamaulipas Tiempo de opinar Ra\u00fal Hern\u00e1ndez Moreno 19-noviembre-2024 El secretario general de la secci\u00f3n 30 del SNTE, Arnulfo &hellip; <a href=\"http:\/\/revistalaneta.com.mx\/?p=14874\" class=\"more-link\">Leer m\u00e1s<\/a><\/p>\n","protected":false},"author":1,"featured_media":14873,"comment_status":"open","ping_status":"open","sticky":false,"template":"","format":"standard","meta":{"footnotes":""},"categories":[2],"tags":[],"class_list":["post-14874","post","type-post","status-publish","format-standard","has-post-thumbnail","hentry","category-chismorreo","entry"],"_links":{"self":[{"href":"http:\/\/revistalaneta.com.mx\/index.php?rest_route=\/wp\/v2\/posts\/14874","targetHints":{"allow":["GET"]}}],"collection":[{"href":"http:\/\/revistalaneta.com.mx\/index.php?rest_route=\/wp\/v2\/posts"}],"about":[{"href":"http:\/\/revistalaneta.com.mx\/index.php?rest_route=\/wp\/v2\/types\/post"}],"author":[{"embeddable":true,"href":"http:\/\/revistalaneta.com.mx\/index.php?rest_route=\/wp\/v2\/users\/1"}],"replies":[{"embeddable":true,"href":"http:\/\/revistalaneta.com.mx\/index.php?rest_route=%2Fwp%2Fv2%2Fcomments&post=14874"}],"version-history":[{"count":1,"href":"http:\/\/revistalaneta.com.mx\/index.php?rest_route=\/wp\/v2\/posts\/14874\/revisions"}],"predecessor-version":[{"id":14875,"href":"http:\/\/revistalaneta.com.mx\/index.php?rest_route=\/wp\/v2\/posts\/14874\/revisions\/14875"}],"wp:featuredmedia":[{"embeddable":true,"href":"http:\/\/revistalaneta.com.mx\/index.php?rest_route=\/wp\/v2\/media\/14873"}],"wp:attachment":[{"href":"http:\/\/revistalaneta.com.mx\/index.php?rest_route=%2Fwp%2Fv2%2Fmedia&parent=14874"}],"wp:term":[{"taxonomy":"category","embeddable":true,"href":"http:\/\/revistalaneta.com.mx\/index.php?rest_route=%2Fwp%2Fv2%2Fcategories&post=14874"},{"taxonomy":"post_tag","embeddable":true,"href":"http:\/\/revistalaneta.com.mx\/index.php?rest_route=%2Fwp%2Fv2%2Ftags&post=14874"}],"curies":[{"name":"wp","href":"https:\/\/api.w.org\/{rel}","templated":true}]}}