{"id":14883,"date":"2024-11-21T12:11:31","date_gmt":"2024-11-21T12:11:31","guid":{"rendered":"http:\/\/revistalaneta.com.mx\/?p=14883"},"modified":"2024-11-21T12:12:08","modified_gmt":"2024-11-21T12:12:08","slug":"hasta-el-sabado-el-registro-de-pensiones","status":"publish","type":"post","link":"http:\/\/revistalaneta.com.mx\/?p=14883","title":{"rendered":"HASTA EL S\u00c1BADO EL REGISTRO DE PENSIONES"},"content":{"rendered":"\n<p><br>Hasta este pr\u00f3ximo s\u00e1bado 23 de noviembre tienen las personas que ya cumplieron 65 a\u00f1os, o los van a cumplir al 31 de diciembre de este mismo a\u00f1o, para registrarse para la pensi\u00f3n del Bienestar para adultos mayores. Dicho registro inici\u00f3 el pasado lunes, y va de acuerdo a las letras del abecedario. Del lunes al mi\u00e9rcoles ya pasaron los de las letras \u201cA\u201d a la \u201cM\u201d, en tanto que este jueves les toca a los de las letras \u201cN\u201d a la \u201cR\u201d, y el viernes a los de las letras \u201cS\u201d a la \u201cZ\u201d. Pero el s\u00e1bado podr\u00e1n registrarse todos aquellos que no pudieron hacerlo en los d\u00edas que les tocaba, y ser\u00e1 la \u00faltima oportunidad que tendr\u00e1n este a\u00f1o, si no van a tener que esperarse a la nueva convocatoria que ser\u00e1 hasta el a\u00f1o entrante.<\/p>\n\n\n\n<p>GANA \u201cI\u00d1AKI\u201d ZARAGOZA ELECCI\u00d3N EN LA AAANLD<br \/>Como era de esperarse, Jos\u00e9 Ignacio \u201cI\u00f1aki\u201d Zaragoza Ambrosi, gan\u00f3 la elecci\u00f3n por la presidencia de la mesa directiva de la Asociaci\u00f3n de Agentes Aduanales de Nuevo Laredo (AAANLD) para el per\u00edodo 2025-2026, el cual ser\u00e1 su segundo consecutivo, toda vez que tambi\u00e9n estuvo al frente del presente per\u00edodo 2023-2024, solo que se separ\u00f3 del puesto para justamente lanzarse en pos de la reelecci\u00f3n. \u201cI\u00f1aki\u201d encabez\u00f3 la planilla \u00fanica que se registr\u00f3, pues no hubo quien le compitiera, por lo que obtuvo un total de 141 votos a favor, con solo 15 votos nulos, por lo que fue evidente el respaldo que recibi\u00f3 de sus compa\u00f1eros, lo que se debi\u00f3 al buen trabajo realizado durante su primera gesti\u00f3n. \u00a1Enhorabuena para \u201cI\u00f1aki\u201d y sus compa\u00f1eros de f\u00f3rmula!<\/p>\n\n\n\n<p>MUY CONCURRIDO EL DESFILE REVOLUCIONARIO<br \/>Con inusitado \u00e9xito se llev\u00f3 a cabo el desfile conmemorativo al aniversario del inicio de la Revoluci\u00f3n Mexicana en Nuevo Laredo, donde tomaron parte poco m\u00e1s de 4 mil personas en un total de 178 agrupaciones. De hecho este desfile ha sido de los m\u00e1s concurridos de los \u00faltimos a\u00f1os y de los mejores realizados gracias a la buena organizaci\u00f3n, que conllevo casi tres horas de espect\u00e1culo y recorrido. El evento fue sancionado por la alcaldesa Carmen Lilia Canturosas Villarreal, quien estuvo acompa\u00f1ada de miembros del Cabildo y dem\u00e1s autoridades civiles y militares en el p\u00f3dium de honor situado frente a la Presidencia Municipal, y por donde desfilaron todos los participantes. Entre los contingentes m\u00e1s aplaudidos estuvieron el de adultos mayores del DIF, destacando adem\u00e1s los contingentes de escuelas de nivel superior como la Universidad Tecnol\u00f3gica de Nuevo Laredo, la Universidad Pedag\u00f3gica Nacional, el Instituto Tecnol\u00f3gico de Nuevo Laredo y la Universidad Aut\u00f3noma de Tamaulipas, entre muchas otras instituciones educativas. Y lo mejor de todo es que hubo una gran asistencia de personas que se divirtieron con el espect\u00e1culo ofrecido.<\/p>\n\n\n\n<p>DOS BUENAS NOTICIAS<br \/>Al t\u00e9rmino del desfile la alcaldesa Carmen Lilia Canturosas Villarreal fue abordada por representantes de los medios de comunicaci\u00f3n, ante quienes dio dos importantes noticias, como son el hecho de que el Gobierno Municipal de Nuevo Laredo anda viendo como hacerse de una buena parte de las concesiones de los camiones urbanos, esto dado a que est\u00e1 por dem\u00e1s visto que muchos de los actuales concesionarios no han podido con el paquete, pues aun cuando ya se les autoriz\u00f3 el aumento al pasaje, no han podido mejorar el servicio y sigue otorgando este con armatostes que no son nada dignos para los pasajeros. Dijo que hay avance en este tema, pero no quiso adelantar mucho, para no echar a perder lo que se est\u00e1 logrando. Igualmente hizo saber que se vienen una serie de adecuaciones viales en diferentes sectores de la ciudad, esto a fin de agilizar el tr\u00e1fico, que cada vez es m\u00e1s intenso. Y entre los cruceros que se planean extender est\u00e1 el de donde convergen las avenidas Reforma y Obreg\u00f3n con la calle An\u00e1huac, as\u00ed como Reforma y 15 de Septiembre. La idea es ampliar dichos caminos, para que haya mayor movilidad vial.<\/p>\n\n\n\n<p>PARTICIPA SECRETARIO GENERAL DE GOBIERNO EN REUNI\u00d3N NACIONAL<br \/>Temas como el Protocolo de Atenci\u00f3n a la Protesta Pac\u00edfica y el Dec\u00e1logo por la Libertad y la Paz en la Protesta Social, adem\u00e1s de b\u00fasqueda de personas desaparecidas, la prevenci\u00f3n y erradicaci\u00f3n de la discriminaci\u00f3n y el modelo de atenci\u00f3n a grupos prioritarios, fueron abordados durante la Tercera Sesi\u00f3n 2024 de la Agenda Nacional de Derechos Humanos, convocada por la secretaria de Gobernaci\u00f3n, Rosa Icela Rodr\u00edguez Vel\u00e1zquez, y a la cual asisti\u00f3 el secretario general de Gobierno de Tamaulipas, H\u00e9ctor Joel Villegas Hern\u00e1ndez, en representaci\u00f3n del Gobierno del Estado de Tamaulipas que preside el doctor Am\u00e9rico Villarreal Anaya. Dicha reuni\u00f3n fue en la capital del pa\u00eds y en la misma el secretario Villegas Hern\u00e1ndez reafirm\u00f3 el compromiso del mandatario estatal de salvaguardar los derechos humanos, as\u00ed como fortalecer la colaboraci\u00f3n entre la federaci\u00f3n y las entidades federativas en torno a dicho tema.<\/p>\n\n\n\n<p>EMITE RECTOR DE LA UAT BALANCE DE LOGROS<br \/>A dos semanas de concluir el ciclo escolar 2024-3, el rector de la Universidad Aut\u00f3noma de Tamaulipas, D\u00e1maso Anaya Alvarado, emiti\u00f3 un balance sobre los logros obtenidos durante su administraci\u00f3n, a la vez que dio a conocer las expectativas que se tienen para el pr\u00f3ximo ciclo acad\u00e9mico. Destac\u00f3 el fortalecimiento de la relaci\u00f3n con la ciudadan\u00eda tamaulipeca, as\u00ed como con el gobierno y sectores productivos, adem\u00e1s de la vinculaci\u00f3n acad\u00e9mica internacional. Cit\u00f3 la puesta en marcha de la Preparatoria UAT en Nuevo Laredo y la aprobaci\u00f3n de dos nuevas licenciaturas: la de Ingenier\u00eda en Ciencias de Datos en la Facultad de Ingenier\u00eda y Ciencias; y la Licenciatura en Autotransporte de Carga, en la Facultad de Comercio, Administraci\u00f3n y Ciencias Sociales Nuevo Laredo, a la vez que inform\u00f3 que ya se imparte la Licenciatura en Producci\u00f3n Agropecuaria Sustentable en la Facultad de Medicina Veterinaria y Zootecnia, y la Licenciatura en Administraci\u00f3n en la UAM R\u00edo Bravo. Puntualiz\u00f3 que se cerrar\u00e1 este a\u00f1o con un importante despegue en su infraestructura, y para el 2025 viene un mayor fortalecimiento al crecimiento acad\u00e9mico para ampliar las oportunidades de estudios en el nivel superior y bachillerato.<\/p>\n\n\n\n<p>LO \u00daLTIMO<br \/>Lo mejor del desfile revolucionario celebrado en Nuevo Laredo es que no hubo m\u00fasica reggaetonera y podrida, sino solamente m\u00fasica tradicional mexicana. Por cierto que destac\u00f3 la Universidad Tecnol\u00f3gica de Nuevo Laredo al presentar un espect\u00e1culo de baile ranchero, que fue del gusto de todos los que lo presenciaron\u2026 Siguen los hacinamientos de pacientes en el Hospital General de Zona N\u00famero 11 del Instituto Mexicano del Seguro Social (IMSS), el que est\u00e1 frente al parque Morelos, en el sector centro de Nuevo Laredo. Son tantos los enfermos que muchos de ellos prevalecen en camillas instaladas en los pasillos. Y los familiares se quejan de que no los dejan pasar a cuidar a sus enfermos, o al menos verlos, bajo el argumento de que no hay espacio para que est\u00e9 dentro. Nada que ver con los hospitales de Dinamarca\u2026 Parece que por fin se viene el fr\u00edo para Nuevo Laredo y la regi\u00f3n, pues se espera que amanezcamos este jueves en 8 grados cent\u00edgrados, aunque en el transcurso del d\u00eda llegaremos hasta los 26 grados. Pero bueno, ya era hora\u2026 Ya es rumor generalizado en Tamaulipas que lo \u00fanico que cumple el alcalde de Reynosa, Carlos Pe\u00f1a Ortiz, \u00a1son a\u00f1os! Y solo una vez al a\u00f1o Jejejejeje.<\/p>\n","protected":false},"excerpt":{"rendered":"<p>Hasta este pr\u00f3ximo s\u00e1bado 23 de noviembre tienen las personas que ya cumplieron 65 a\u00f1os, o los van a cumplir al 31 de diciembre de este mismo a\u00f1o, para registrarse &hellip; <a href=\"http:\/\/revistalaneta.com.mx\/?p=14883\" class=\"more-link\">Leer m\u00e1s<\/a><\/p>\n","protected":false},"author":1,"featured_media":14882,"comment_status":"open","ping_status":"open","sticky":false,"template":"","format":"standard","meta":{"footnotes":""},"categories":[2],"tags":[],"class_list":["post-14883","post","type-post","status-publish","format-standard","has-post-thumbnail","hentry","category-chismorreo","entry"],"_links":{"self":[{"href":"http:\/\/revistalaneta.com.mx\/index.php?rest_route=\/wp\/v2\/posts\/14883","targetHints":{"allow":["GET"]}}],"collection":[{"href":"http:\/\/revistalaneta.com.mx\/index.php?rest_route=\/wp\/v2\/posts"}],"about":[{"href":"http:\/\/revistalaneta.com.mx\/index.php?rest_route=\/wp\/v2\/types\/post"}],"author":[{"embeddable":true,"href":"http:\/\/revistalaneta.com.mx\/index.php?rest_route=\/wp\/v2\/users\/1"}],"replies":[{"embeddable":true,"href":"http:\/\/revistalaneta.com.mx\/index.php?rest_route=%2Fwp%2Fv2%2Fcomments&post=14883"}],"version-history":[{"count":1,"href":"http:\/\/revistalaneta.com.mx\/index.php?rest_route=\/wp\/v2\/posts\/14883\/revisions"}],"predecessor-version":[{"id":14884,"href":"http:\/\/revistalaneta.com.mx\/index.php?rest_route=\/wp\/v2\/posts\/14883\/revisions\/14884"}],"wp:featuredmedia":[{"embeddable":true,"href":"http:\/\/revistalaneta.com.mx\/index.php?rest_route=\/wp\/v2\/media\/14882"}],"wp:attachment":[{"href":"http:\/\/revistalaneta.com.mx\/index.php?rest_route=%2Fwp%2Fv2%2Fmedia&parent=14883"}],"wp:term":[{"taxonomy":"category","embeddable":true,"href":"http:\/\/revistalaneta.com.mx\/index.php?rest_route=%2Fwp%2Fv2%2Fcategories&post=14883"},{"taxonomy":"post_tag","embeddable":true,"href":"http:\/\/revistalaneta.com.mx\/index.php?rest_route=%2Fwp%2Fv2%2Ftags&post=14883"}],"curies":[{"name":"wp","href":"https:\/\/api.w.org\/{rel}","templated":true}]}}