{"id":14925,"date":"2024-11-30T13:14:55","date_gmt":"2024-11-30T13:14:55","guid":{"rendered":"http:\/\/revistalaneta.com.mx\/?p=14925"},"modified":"2024-11-30T13:15:38","modified_gmt":"2024-11-30T13:15:38","slug":"recomienda-sst-protegerse-de-las-bajas-temperaturas-y-evitar-enfermedades-respiratorias","status":"publish","type":"post","link":"http:\/\/revistalaneta.com.mx\/?p=14925","title":{"rendered":"Recomienda SST protegerse de las bajas temperaturas y evitar enfermedades respiratorias"},"content":{"rendered":"\n<p><\/p>\n\n\n\n<p><\/p>\n\n\n\n<p>Ciudad Victoria, Tamaulipas.-\u201cCon la presencia de los primeros frentes fr\u00edos en Tamaulipas, se registra un incremento del 20 por ciento de casos de enfermedades respiratorias agudas\u201d, as\u00ed lo manifest\u00f3 el secretario de Salud Vicente Joel Hern\u00e1ndez Navarro, luego de se\u00f1alar que las bajas temperaturas apenas comienzan y debemos estar preparados para el incremento de casos.<\/p>\n\n\n\n<p>Reiter\u00f3 que con el apoyo del gobernador Am\u00e9rico Villareal Anaya, se cuenta con una reserva suficiente de vacunas e insumos para cubrir las necesidades de la poblaci\u00f3n y para este tipo de padecimientos que suelen incrementarse hasta en un 100 por ciento durante la temporada invernal.<\/p>\n\n\n\n<p>\u201cYa tenemos un 20 por ciento de incremento en el \u00edndice de enfermedades respiratorias y en estos meses hay que cuidarnos para evitar enfermarnos, para ello se cuenta con las vacunas de influenza y COVID-19 y en t\u00e9rminos generales ya se tiene hasta un 70 por ciento de avance de aplicaci\u00f3n\u201d, destac\u00f3 Hern\u00e1ndez Navarro.<\/p>\n\n\n\n<p>Dijo que est\u00e1 comprobado que una de las principales acciones que ayudaron a controlar la letalidad del COVID-19 fue la aplicaci\u00f3n de las vacunas y ante la desconfianza que podr\u00eda tener la poblaci\u00f3n para no aplic\u00e1rsela es que \u201cestamos trabajando en la revisi\u00f3n de los pacientes que puedan llegar a presentar secuelas por la aplicaci\u00f3n de este tipo de vacuna, pero que por el momento no se tiene ninguna estad\u00edstica al respecto\u201d, refiri\u00f3.<\/p>\n\n\n\n<p>Insisti\u00f3 a la poblaci\u00f3n para que acudan a las unidades de salud a vacunarse contra la influenza; COVID-19, que se puede aplicar a partir de los 5 a\u00f1os; y neumococo para proteger a los adultos mayores; adem\u00e1s de completar esquemas de vacunaci\u00f3n.<\/p>\n\n\n\n<p>A la fecha, Tamaulipas tiene un acumulado de casos de COVID-19 de 84 pacientes y 51 de influenza y se destaca que son las jurisdicciones sanitarias de Reynosa y Tampico en donde se registra el mayor n\u00famero de ellos.<code> * * *<\/code><\/p>\n","protected":false},"excerpt":{"rendered":"<p>Ciudad Victoria, Tamaulipas.-\u201cCon la presencia de los primeros frentes fr\u00edos en Tamaulipas, se registra un incremento del 20 por ciento de casos de enfermedades respiratorias agudas\u201d, as\u00ed lo manifest\u00f3 el &hellip; <a href=\"http:\/\/revistalaneta.com.mx\/?p=14925\" class=\"more-link\">Leer m\u00e1s<\/a><\/p>\n","protected":false},"author":1,"featured_media":14924,"comment_status":"open","ping_status":"open","sticky":false,"template":"","format":"standard","meta":{"footnotes":""},"categories":[7],"tags":[],"class_list":["post-14925","post","type-post","status-publish","format-standard","has-post-thumbnail","hentry","category-ciudad-victoria","entry"],"_links":{"self":[{"href":"http:\/\/revistalaneta.com.mx\/index.php?rest_route=\/wp\/v2\/posts\/14925","targetHints":{"allow":["GET"]}}],"collection":[{"href":"http:\/\/revistalaneta.com.mx\/index.php?rest_route=\/wp\/v2\/posts"}],"about":[{"href":"http:\/\/revistalaneta.com.mx\/index.php?rest_route=\/wp\/v2\/types\/post"}],"author":[{"embeddable":true,"href":"http:\/\/revistalaneta.com.mx\/index.php?rest_route=\/wp\/v2\/users\/1"}],"replies":[{"embeddable":true,"href":"http:\/\/revistalaneta.com.mx\/index.php?rest_route=%2Fwp%2Fv2%2Fcomments&post=14925"}],"version-history":[{"count":1,"href":"http:\/\/revistalaneta.com.mx\/index.php?rest_route=\/wp\/v2\/posts\/14925\/revisions"}],"predecessor-version":[{"id":14926,"href":"http:\/\/revistalaneta.com.mx\/index.php?rest_route=\/wp\/v2\/posts\/14925\/revisions\/14926"}],"wp:featuredmedia":[{"embeddable":true,"href":"http:\/\/revistalaneta.com.mx\/index.php?rest_route=\/wp\/v2\/media\/14924"}],"wp:attachment":[{"href":"http:\/\/revistalaneta.com.mx\/index.php?rest_route=%2Fwp%2Fv2%2Fmedia&parent=14925"}],"wp:term":[{"taxonomy":"category","embeddable":true,"href":"http:\/\/revistalaneta.com.mx\/index.php?rest_route=%2Fwp%2Fv2%2Fcategories&post=14925"},{"taxonomy":"post_tag","embeddable":true,"href":"http:\/\/revistalaneta.com.mx\/index.php?rest_route=%2Fwp%2Fv2%2Ftags&post=14925"}],"curies":[{"name":"wp","href":"https:\/\/api.w.org\/{rel}","templated":true}]}}