{"id":14937,"date":"2024-11-30T13:20:48","date_gmt":"2024-11-30T13:20:48","guid":{"rendered":"http:\/\/revistalaneta.com.mx\/?p=14937"},"modified":"2024-11-30T13:21:14","modified_gmt":"2024-11-30T13:21:14","slug":"imelda-sanmiguel-se-pronuncia-en-contra-del-proyecto-de-decreto-sobre-prision-preventiva-oficiosa","status":"publish","type":"post","link":"http:\/\/revistalaneta.com.mx\/?p=14937","title":{"rendered":"Imelda Sanmiguel se pronuncia en contra del proyecto de decreto sobre prisi\u00f3n preventiva oficiosa"},"content":{"rendered":"\n<p><\/p>\n\n\n\n<p>Ciudad de M\u00e9xico.- En la sesi\u00f3n ordinaria del 28 de noviembre, la senadora Imelda Sanmiguel estableci\u00f3 su posicionamiento en contra del proyecto de decreto que busca reformar el p\u00e1rrafo segundo del art\u00edculo 19 de la Constituci\u00f3n Pol\u00edtica de los Estados Unidos Mexicanos, en materia de prisi\u00f3n preventiva oficiosa.<br \/>Desde la tribuna de la c\u00e1mara alta, la legisladora expres\u00f3 su oposici\u00f3n al proyecto, enfatizando que &#8220;no estamos en contra de los delitos, estamos en contra del proceso&#8221;.<br \/>Adem\u00e1s, destac\u00f3 que, seg\u00fan la ONU, la prisi\u00f3n preventiva oficiosa es incompatible e irreconocible con las normas internacionales de los derechos humanos.<br \/>La senadora Sanmiguel se suma a la creciente preocupaci\u00f3n sobre la posible violaci\u00f3n de los derechos humanos en M\u00e9xico. Su posicionamiento busca generar un debate m\u00e1s profundo sobre la necesidad de reformas que garanticen la justicia y la protecci\u00f3n de los derechos fundamentales.<\/p>\n","protected":false},"excerpt":{"rendered":"<p>Ciudad de M\u00e9xico.- En la sesi\u00f3n ordinaria del 28 de noviembre, la senadora Imelda Sanmiguel estableci\u00f3 su posicionamiento en contra del proyecto de decreto que busca reformar el p\u00e1rrafo segundo &hellip; <a href=\"http:\/\/revistalaneta.com.mx\/?p=14937\" class=\"more-link\">Leer m\u00e1s<\/a><\/p>\n","protected":false},"author":1,"featured_media":14936,"comment_status":"open","ping_status":"open","sticky":false,"template":"","format":"standard","meta":{"footnotes":""},"categories":[7],"tags":[],"class_list":["post-14937","post","type-post","status-publish","format-standard","has-post-thumbnail","hentry","category-ciudad-victoria","entry"],"_links":{"self":[{"href":"http:\/\/revistalaneta.com.mx\/index.php?rest_route=\/wp\/v2\/posts\/14937","targetHints":{"allow":["GET"]}}],"collection":[{"href":"http:\/\/revistalaneta.com.mx\/index.php?rest_route=\/wp\/v2\/posts"}],"about":[{"href":"http:\/\/revistalaneta.com.mx\/index.php?rest_route=\/wp\/v2\/types\/post"}],"author":[{"embeddable":true,"href":"http:\/\/revistalaneta.com.mx\/index.php?rest_route=\/wp\/v2\/users\/1"}],"replies":[{"embeddable":true,"href":"http:\/\/revistalaneta.com.mx\/index.php?rest_route=%2Fwp%2Fv2%2Fcomments&post=14937"}],"version-history":[{"count":1,"href":"http:\/\/revistalaneta.com.mx\/index.php?rest_route=\/wp\/v2\/posts\/14937\/revisions"}],"predecessor-version":[{"id":14938,"href":"http:\/\/revistalaneta.com.mx\/index.php?rest_route=\/wp\/v2\/posts\/14937\/revisions\/14938"}],"wp:featuredmedia":[{"embeddable":true,"href":"http:\/\/revistalaneta.com.mx\/index.php?rest_route=\/wp\/v2\/media\/14936"}],"wp:attachment":[{"href":"http:\/\/revistalaneta.com.mx\/index.php?rest_route=%2Fwp%2Fv2%2Fmedia&parent=14937"}],"wp:term":[{"taxonomy":"category","embeddable":true,"href":"http:\/\/revistalaneta.com.mx\/index.php?rest_route=%2Fwp%2Fv2%2Fcategories&post=14937"},{"taxonomy":"post_tag","embeddable":true,"href":"http:\/\/revistalaneta.com.mx\/index.php?rest_route=%2Fwp%2Fv2%2Ftags&post=14937"}],"curies":[{"name":"wp","href":"https:\/\/api.w.org\/{rel}","templated":true}]}}