{"id":14940,"date":"2024-11-30T13:22:11","date_gmt":"2024-11-30T13:22:11","guid":{"rendered":"http:\/\/revistalaneta.com.mx\/?p=14940"},"modified":"2024-11-30T13:22:27","modified_gmt":"2024-11-30T13:22:27","slug":"dif-nuevo-laredo-realizara-el-foro-de-la-discapacidad-2024","status":"publish","type":"post","link":"http:\/\/revistalaneta.com.mx\/?p=14940","title":{"rendered":"DIF Nuevo Laredo realizar\u00e1 el Foro de la Discapacidad 2024"},"content":{"rendered":"\n<p><\/p>\n\n\n\n<p>Nuevo Laredo, Tamps.- En el marco del D\u00eda Internacional de las Personas con Discapacidad, el Sistema DIF Nuevo Laredo, presidido por Claudette Canturosas Villarreal, llevar\u00e1 a cabo el Foro de la Discapacidad 2024, bajo el lema \u201cUn mundo para todos\u201d.<\/p>\n\n\n\n<p>Este evento se realizar\u00e1 el pr\u00f3ximo martes 3 de diciembre, de 9:30 a.m. a 3:00 p.m., en el auditorio del Centro de Rehabilitaci\u00f3n Integral (CRI-DIF), ubicado en Jaumave #6970, colonia La Fe.<\/p>\n\n\n\n<p>La jornada ser\u00e1 inaugurada con la conferencia \u201cGeneralidades de la discapacidad\u201d, impartida por el Dr. \u00d3scar Medina Renter\u00eda, director del CRI-DIF Nuevo Laredo, quien abordar\u00e1 los aspectos fundamentales y caracter\u00edsticas generales de la discapacidad.<\/p>\n\n\n\n<p>\u201cEl foro tiene como objetivo sensibilizar a la comunidad y capacitar de manera continua a los asistentes sobre las necesidades y derechos de las personas con discapacidad. Ser\u00e1 un espacio para fomentar la inclusi\u00f3n y la empat\u00eda\u201d inform\u00f3 el Director del CRI.<\/p>\n\n\n\n<p>Posteriormente, el Dr. Maximiliano Mart\u00ednez presentar\u00e1 la ponencia \u201cDiscapacidad y rehabilitaci\u00f3n\u201d, enfocada en los procesos y avances terap\u00e9uticos que benefician a las personas con discapacidad en su camino hacia una mejor calidad de vida.<\/p>\n\n\n\n<p>En la tercera conferencia, el Lic. Sergio Salazar Escamilla hablar\u00e1 sobre \u201cLos derechos de las personas con discapacidad\u201d, destacando el marco legal de protecci\u00f3n, as\u00ed como las herramientas necesarias para garantizar su pleno ejercicio.<\/p>\n\n\n\n<p>Finalmente, el evento concluir\u00e1 con la participaci\u00f3n de la Lic. Nadia Escobedo Arteaga, quien presentar\u00e1 \u201cDuelo y aceptaci\u00f3n\u201d, un tema que busca apoyar emocionalmente tanto a las personas con discapacidad como a sus familias en el proceso de adaptaci\u00f3n y superaci\u00f3n de obst\u00e1culos.<\/p>\n\n\n\n<p>Este foro es una muestra del compromiso del Sistema DIF Nuevo Laredo con la construcci\u00f3n de una sociedad m\u00e1s inclusiva y equitativa, promoviendo espacios de di\u00e1logo, aprendizaje y reflexi\u00f3n en beneficio de las personas con discapacidad. Se invita a toda la comunidad a participar y ser parte de este importante evento.<\/p>\n","protected":false},"excerpt":{"rendered":"<p>Nuevo Laredo, Tamps.- En el marco del D\u00eda Internacional de las Personas con Discapacidad, el Sistema DIF Nuevo Laredo, presidido por Claudette Canturosas Villarreal, llevar\u00e1 a cabo el Foro de &hellip; <a href=\"http:\/\/revistalaneta.com.mx\/?p=14940\" class=\"more-link\">Leer m\u00e1s<\/a><\/p>\n","protected":false},"author":1,"featured_media":14939,"comment_status":"open","ping_status":"open","sticky":false,"template":"","format":"standard","meta":{"footnotes":""},"categories":[4],"tags":[],"class_list":["post-14940","post","type-post","status-publish","format-standard","has-post-thumbnail","hentry","category-nuevo-laredo","entry"],"_links":{"self":[{"href":"http:\/\/revistalaneta.com.mx\/index.php?rest_route=\/wp\/v2\/posts\/14940","targetHints":{"allow":["GET"]}}],"collection":[{"href":"http:\/\/revistalaneta.com.mx\/index.php?rest_route=\/wp\/v2\/posts"}],"about":[{"href":"http:\/\/revistalaneta.com.mx\/index.php?rest_route=\/wp\/v2\/types\/post"}],"author":[{"embeddable":true,"href":"http:\/\/revistalaneta.com.mx\/index.php?rest_route=\/wp\/v2\/users\/1"}],"replies":[{"embeddable":true,"href":"http:\/\/revistalaneta.com.mx\/index.php?rest_route=%2Fwp%2Fv2%2Fcomments&post=14940"}],"version-history":[{"count":1,"href":"http:\/\/revistalaneta.com.mx\/index.php?rest_route=\/wp\/v2\/posts\/14940\/revisions"}],"predecessor-version":[{"id":14941,"href":"http:\/\/revistalaneta.com.mx\/index.php?rest_route=\/wp\/v2\/posts\/14940\/revisions\/14941"}],"wp:featuredmedia":[{"embeddable":true,"href":"http:\/\/revistalaneta.com.mx\/index.php?rest_route=\/wp\/v2\/media\/14939"}],"wp:attachment":[{"href":"http:\/\/revistalaneta.com.mx\/index.php?rest_route=%2Fwp%2Fv2%2Fmedia&parent=14940"}],"wp:term":[{"taxonomy":"category","embeddable":true,"href":"http:\/\/revistalaneta.com.mx\/index.php?rest_route=%2Fwp%2Fv2%2Fcategories&post=14940"},{"taxonomy":"post_tag","embeddable":true,"href":"http:\/\/revistalaneta.com.mx\/index.php?rest_route=%2Fwp%2Fv2%2Ftags&post=14940"}],"curies":[{"name":"wp","href":"https:\/\/api.w.org\/{rel}","templated":true}]}}