{"id":14967,"date":"2024-12-04T11:00:23","date_gmt":"2024-12-04T11:00:23","guid":{"rendered":"http:\/\/revistalaneta.com.mx\/?p=14967"},"modified":"2024-12-04T11:00:43","modified_gmt":"2024-12-04T11:00:43","slug":"entrega-dif-tamaulipas-becas-a-mas-de-3-mil-estudiantes-en-condiciones-de-vulnerabilidad","status":"publish","type":"post","link":"http:\/\/revistalaneta.com.mx\/?p=14967","title":{"rendered":"Entrega DIF Tamaulipas becas a m\u00e1s de 3 mil estudiantes en condiciones de vulnerabilidad"},"content":{"rendered":"\n<p><\/p>\n\n\n\n<ul class=\"wp-block-list\">\n<li>Los est\u00edmulos educativos Esperanza de Tamaulipas e Inclusi\u00f3n Social en Tamaulipas, est\u00e1n siendo entregados en todos los niveles educativos<\/li>\n<\/ul>\n\n\n\n<p><\/p>\n\n\n\n<p>Ciudad Victoria, Tamaulipas.- A fin de garantizar el acceso a la educaci\u00f3n de las ni\u00f1as, ni\u00f1os y j\u00f3venes tamaulipecos en situaci\u00f3n de vulnerabilidad y contribuir con la disminuci\u00f3n de la deserci\u00f3n escolar, el Sistema DIF Tamaulipas presidido por la doctora Mar\u00eda de Villarreal, y el Instituto Tamaulipeco de Becas, Est\u00edmulos y Cr\u00e9ditos Educativo (ITABEC), iniciaron la entrega de becas a estudiantes en los 43 municipios.<\/p>\n\n\n\n<p>Con un monto de 7 millones 677 mil 500 pesos, las becas Esperanza Tamaulipas e Inclusi\u00f3n Social en Tamaulipas est\u00e1n siendo entregadas previo a las vacaciones de invierno, siendo las correspondientes al periodo junio- diciembre del presente a\u00f1o, beneficiando a 3 mil 071 alumnas y alumnos de instituciones p\u00fablicas y privadas con validez oficial del sistema educativo estatal en los niveles de primaria, secundaria, medio superior y superior.<\/p>\n\n\n\n<p>\u201cDe parte de la doctora Mar\u00eda, las felicito a todas y todos ustedes y a sus familias, y es un gusto participar aqu\u00ed en este d\u00eda de mucha felicidad y que todo esto sea para bien de ustedes, que les sirva de apoyo para seguir adelante y que les permita brillar mucho m\u00e1s en donde est\u00e9n\u201d, dijo la directora general del DIF Estatal, Patricia Lara Ayala.<\/p>\n\n\n\n<p>La beca para la Inclusi\u00f3n Social en Tamaulipas est\u00e1 dirigida a las y los estudiantes en situaci\u00f3n de vulnerabilidad por discapacidad motriz, visual, auditiva y\/o intelectual leve; mientras que la Beca Esperanza de Tamaulipas va dirigida a estudiantes en situaci\u00f3n de orfandad derivada de la comisi\u00f3n de delitos de alto impacto o en calidad de v\u00edctimas, tambi\u00e9n incluye a estudiantes entre 6 y 17 a\u00f1os 11 meses de edad, que trabajan en el sector formal o informal de la econom\u00eda en espacios p\u00fablicos.<code> * * *<\/code><\/p>\n","protected":false},"excerpt":{"rendered":"<p>Ciudad Victoria, Tamaulipas.- A fin de garantizar el acceso a la educaci\u00f3n de las ni\u00f1as, ni\u00f1os y j\u00f3venes tamaulipecos en situaci\u00f3n de vulnerabilidad y contribuir con la disminuci\u00f3n de la &hellip; <a href=\"http:\/\/revistalaneta.com.mx\/?p=14967\" class=\"more-link\">Leer m\u00e1s<\/a><\/p>\n","protected":false},"author":1,"featured_media":14966,"comment_status":"open","ping_status":"open","sticky":false,"template":"","format":"standard","meta":{"footnotes":""},"categories":[7],"tags":[],"class_list":["post-14967","post","type-post","status-publish","format-standard","has-post-thumbnail","hentry","category-ciudad-victoria","entry"],"_links":{"self":[{"href":"http:\/\/revistalaneta.com.mx\/index.php?rest_route=\/wp\/v2\/posts\/14967","targetHints":{"allow":["GET"]}}],"collection":[{"href":"http:\/\/revistalaneta.com.mx\/index.php?rest_route=\/wp\/v2\/posts"}],"about":[{"href":"http:\/\/revistalaneta.com.mx\/index.php?rest_route=\/wp\/v2\/types\/post"}],"author":[{"embeddable":true,"href":"http:\/\/revistalaneta.com.mx\/index.php?rest_route=\/wp\/v2\/users\/1"}],"replies":[{"embeddable":true,"href":"http:\/\/revistalaneta.com.mx\/index.php?rest_route=%2Fwp%2Fv2%2Fcomments&post=14967"}],"version-history":[{"count":1,"href":"http:\/\/revistalaneta.com.mx\/index.php?rest_route=\/wp\/v2\/posts\/14967\/revisions"}],"predecessor-version":[{"id":14968,"href":"http:\/\/revistalaneta.com.mx\/index.php?rest_route=\/wp\/v2\/posts\/14967\/revisions\/14968"}],"wp:featuredmedia":[{"embeddable":true,"href":"http:\/\/revistalaneta.com.mx\/index.php?rest_route=\/wp\/v2\/media\/14966"}],"wp:attachment":[{"href":"http:\/\/revistalaneta.com.mx\/index.php?rest_route=%2Fwp%2Fv2%2Fmedia&parent=14967"}],"wp:term":[{"taxonomy":"category","embeddable":true,"href":"http:\/\/revistalaneta.com.mx\/index.php?rest_route=%2Fwp%2Fv2%2Fcategories&post=14967"},{"taxonomy":"post_tag","embeddable":true,"href":"http:\/\/revistalaneta.com.mx\/index.php?rest_route=%2Fwp%2Fv2%2Ftags&post=14967"}],"curies":[{"name":"wp","href":"https:\/\/api.w.org\/{rel}","templated":true}]}}