{"id":14970,"date":"2024-12-04T13:01:55","date_gmt":"2024-12-04T13:01:55","guid":{"rendered":"http:\/\/revistalaneta.com.mx\/?p=14970"},"modified":"2024-12-04T13:02:22","modified_gmt":"2024-12-04T13:02:22","slug":"conmemoran-el-dia-de-la-discapacidad-haciendo-un-llamado-a-la-concientizacion-inclusion-y-empatia","status":"publish","type":"post","link":"http:\/\/revistalaneta.com.mx\/?p=14970","title":{"rendered":"Conmemoran el D\u00eda de la Discapacidad haciendo un llamado a la concientizaci\u00f3n, inclusi\u00f3n y empat\u00eda"},"content":{"rendered":"\n<p><\/p>\n\n\n\n<p>Nuevo Laredo, Tamps.- Como parte de las iniciativas para promover la inclusi\u00f3n, tolerancia y aceptaci\u00f3n de las personas con discapacidad, el Gobierno Municipal a trav\u00e9s de la Direcci\u00f3n de Vinculaci\u00f3n Social llev\u00f3 a cabo un evento que cont\u00f3 con la participaci\u00f3n de asociaciones civiles y m\u00e1s de 400 asistentes en el marco del D\u00eda Internacional de las Personas con Discapacidad.<\/p>\n\n\n\n<p>El evento estuvo encabezado por el secretario del Ayuntamiento, Juan \u00c1ngel Mart\u00ednez Salazar en representaci\u00f3n de la alcaldesa Carmen Lilia Canturosas; Viviano V\u00e1zquez Mac\u00edas, director del DIF en representaci\u00f3n de Claudette Canturosas, presidenta del Sistema DIF y Julia Elida Ortega de los Santos, directora de Vinculaci\u00f3n Social quien hizo un llamado a la sociedad sobre la importancia de la inclusi\u00f3n para construir un mundo donde cada individuo pueda participar plenamente en la sociedad.<\/p>\n\n\n\n<p>\u201cComo lo ha dicho nuestra presidenta municipal, Carmen Lilia Canturosas, Nuevo Laredo ha ido consolidando su transformaci\u00f3n trabajando de la mano con la sociedad civil y juntos hemos llegado a otro nivel; gracias por sumarse y hacer posible este evento en el que hacemos un llamado a la sensibilizaci\u00f3n y a la inclusi\u00f3n en todos los \u00e1mbitos de nuestras vidas\u201d, expres\u00f3 la funcionaria.<\/p>\n\n\n\n<p>En este evento realizado en el Centro C\u00edvico \u201cCarlos Cant\u00fa Rosas\u201d particip\u00f3 el Sistema para el Desarrollo Integral de la Familia de Nuevo Laredo y el Centro de Rehabilitaci\u00f3n integral con la din\u00e1mica \u201cTe Presto Mis Zapatos\u201d as\u00ed como la Direcci\u00f3n de Cultura F\u00edsica y Deporte y la Direcci\u00f3n de Arte y Cultura.<\/p>\n\n\n\n<p>Los asistentes disfrutaron de la presentaci\u00f3n del grupo de danza \u201cLos Chicos Malos\u201d, conformado por adultos mayores, posteriormente escucharon la ponencia \u201cDiscapacidad en M\u00e9xico\u201d a cargo del Colegio de Fisioterapeutas de Tamaulipas.<\/p>\n\n\n\n<p>Tambi\u00e9n estuvieron presentes asociaciones civiles, entre ellas destacan el Colegio de Fisioterapeutas de Tamaulipas, Hospital de silla de ruedas, Patronato pro-deficiente mental, Centro Educativo y de Rehabilitaci\u00f3n A.C., Universidad M\u00e9xico Americana del Norte, Centro Regional de Desarrollo infantil, Instituto de Estudios Superiores de Tamaulipas.<\/p>\n\n\n\n<p>Alma Rosa Luj\u00e1n, presidenta de CERAC A.C. manifest\u00f3 que desde 1999 apoya a este grupo con diversos servicios de manera gratuita, la fundadora de CERAC enfatiz\u00f3 la importancia de la realizaci\u00f3n de este tipo de eventos realizados entre Gobierno Municipal y sociedad.<\/p>\n\n\n\n<p>\u201cA las familias les damos pa\u00f1ales, despensas, alimentaci\u00f3n, adem\u00e1s de las terapias a ni\u00f1os y adultos, debemos resaltar estos eventos que brindan la oportunidad de servir a qui\u00e9nes m\u00e1s lo necesitan\u201d, dijo Luj\u00e1n.<\/p>\n\n\n\n<p>Al foro acudieron regidores, autoridades educativas y representantes de diferentes instituciones universitarias, quienes participaron en las din\u00e1micas de concientizaci\u00f3n.<\/p>\n\n\n\n<p>De acuerdo con el censo de 2022 del INEGI, en M\u00e9xico hay 20 millones 838 mil 108 personas con discapacidad. Esto representa un aumento significativo en comparaci\u00f3n con el censo de 2010, en el que solo se registraron 5.1 millones de personas con discapacidad.<\/p>\n","protected":false},"excerpt":{"rendered":"<p>Nuevo Laredo, Tamps.- Como parte de las iniciativas para promover la inclusi\u00f3n, tolerancia y aceptaci\u00f3n de las personas con discapacidad, el Gobierno Municipal a trav\u00e9s de la Direcci\u00f3n de Vinculaci\u00f3n &hellip; <a href=\"http:\/\/revistalaneta.com.mx\/?p=14970\" class=\"more-link\">Leer m\u00e1s<\/a><\/p>\n","protected":false},"author":1,"featured_media":14969,"comment_status":"open","ping_status":"open","sticky":false,"template":"","format":"standard","meta":{"footnotes":""},"categories":[4],"tags":[],"class_list":["post-14970","post","type-post","status-publish","format-standard","has-post-thumbnail","hentry","category-nuevo-laredo","entry"],"_links":{"self":[{"href":"http:\/\/revistalaneta.com.mx\/index.php?rest_route=\/wp\/v2\/posts\/14970","targetHints":{"allow":["GET"]}}],"collection":[{"href":"http:\/\/revistalaneta.com.mx\/index.php?rest_route=\/wp\/v2\/posts"}],"about":[{"href":"http:\/\/revistalaneta.com.mx\/index.php?rest_route=\/wp\/v2\/types\/post"}],"author":[{"embeddable":true,"href":"http:\/\/revistalaneta.com.mx\/index.php?rest_route=\/wp\/v2\/users\/1"}],"replies":[{"embeddable":true,"href":"http:\/\/revistalaneta.com.mx\/index.php?rest_route=%2Fwp%2Fv2%2Fcomments&post=14970"}],"version-history":[{"count":1,"href":"http:\/\/revistalaneta.com.mx\/index.php?rest_route=\/wp\/v2\/posts\/14970\/revisions"}],"predecessor-version":[{"id":14971,"href":"http:\/\/revistalaneta.com.mx\/index.php?rest_route=\/wp\/v2\/posts\/14970\/revisions\/14971"}],"wp:featuredmedia":[{"embeddable":true,"href":"http:\/\/revistalaneta.com.mx\/index.php?rest_route=\/wp\/v2\/media\/14969"}],"wp:attachment":[{"href":"http:\/\/revistalaneta.com.mx\/index.php?rest_route=%2Fwp%2Fv2%2Fmedia&parent=14970"}],"wp:term":[{"taxonomy":"category","embeddable":true,"href":"http:\/\/revistalaneta.com.mx\/index.php?rest_route=%2Fwp%2Fv2%2Fcategories&post=14970"},{"taxonomy":"post_tag","embeddable":true,"href":"http:\/\/revistalaneta.com.mx\/index.php?rest_route=%2Fwp%2Fv2%2Ftags&post=14970"}],"curies":[{"name":"wp","href":"https:\/\/api.w.org\/{rel}","templated":true}]}}