{"id":14982,"date":"2024-12-04T13:17:26","date_gmt":"2024-12-04T13:17:26","guid":{"rendered":"http:\/\/revistalaneta.com.mx\/?p=14982"},"modified":"2024-12-04T13:18:06","modified_gmt":"2024-12-04T13:18:06","slug":"entregan-mas-de-5-mil-computadoras-en-la-uat","status":"publish","type":"post","link":"http:\/\/revistalaneta.com.mx\/?p=14982","title":{"rendered":"ENTREGAN M\u00c1S DE 5 MIL COMPUTADORAS EN LA UAT"},"content":{"rendered":"\n<p><br>M\u00e1s de 5 mil equipos de c\u00f3mputo port\u00e1til para estudiantes y docentes de la Universidad Aut\u00f3noma de Tamaulipas (UAT), fueron entregadas este lunes por el gobernador Am\u00e9rico Villarreal Anaya y el rector D\u00e1maso Anaya Alvarado, en un acto hist\u00f3rico para la m\u00e1xima casa de estudios de la entidad. Fue en las propias instalaciones de la UAT donde el mandatario estatal volvi\u00f3 a hacerse presente y junto al rector dio tan grata sorpresa a los favorecidos con dichos equipos, esto tras celebrar los tradicionales Honores a la Bandera. En su mensaje el Jefe del Ejecutivo Estatal destac\u00f3 la relevancia de dicho acto en el que, por primera vez, se hace entrega a los universitarios de tan importante recurso para apoyar la labor docente y el esfuerzo de sus estudiantes para formarse con las mejores herramientas. A su vez el rector D\u00e1maso Anaya Alvarado hizo saber que la misi\u00f3n de la UAT es ser un pilar del desarrollo regional generando conocimientos que respondan a las necesidades locales y globales, a la vez que indic\u00f3 que con este esfuerzo se reduce la brecha digital al lograr que estudiantes y maestros cuenten con los recursos necesarios para una educaci\u00f3n de calidad. Cabe indicar que en total son 5 mil 090 computadoras port\u00e1tiles las que se entregar\u00e1n, de las cuales 2 mil 445 ser\u00e1n destinadas a estudiantes y 2 mil 645 a maestros.<\/p>\n\n\n\n<p>ABREN REGISTRO PARA ELECCI\u00d3N DE JUECES ESTATALES<br \/>Ya est\u00e1 abierto el registro para los interesados en participar en la elecci\u00f3n de cargos del Poder Judicial de Tamaulipas, a celebrarse el 1 de junio del a\u00f1o venidero. Fue en conferencia de prensa celebrada en la capital del estado, y llevada a cabo por los miembros de los tres comit\u00e9s de evaluaci\u00f3n de dicha elecci\u00f3n, que se dio a conocer el sitio http:\/\/eleccionjudicialtamaulipas.mx que es donde se pueden realizar los registros, y para lo cual se tiene hasta el 20 de diciembre. Se explic\u00f3 que al iniciar el proceso, el interesado deber\u00e1 crear una cuenta en donde se ingresan sus datos personales, tales como CURP, nombres, apellido paterno, apellido materno y correo electr\u00f3nico y tras ello deben dar registrar para poder iniciar sesi\u00f3n, pues de otra manera no se les permitir\u00e1 acceder a su cuenta.<\/p>\n\n\n\n<p>PARTIDOS POL\u00cdTICOS, FUERA DE LA CONTIENDA<br \/>En la misma conferencia de prensa se aclar\u00f3 que est\u00e1 prohibido a los partidos pol\u00edticos promover candidaturas de jueces y magistrados, y tambi\u00e9n se anunci\u00f3 la incorporaci\u00f3n del doctor Eddy Izaguirre Trevi\u00f1o, director de la Facultad de Derecho, en representaci\u00f3n del rector de la UAT, D\u00e1maso Anaya Alvarado, destac\u00e1ndose la importancia de la participaci\u00f3n de la m\u00e1xima casa de estudios en el proceso. Cabe indicar que los comit\u00e9s de evaluaci\u00f3n los integran: por parte del Poder Ejecutivo, Jos\u00e9 Ives Sober\u00f3n Tijerina, Mar\u00eda del Carmen Tejeda Ram\u00edrez y Elvira Vallejo Contreras; por el lado del Poder Judicial, Juan Plutarco Arcos Mart\u00ednez, Claudio D\u00edaz Casta\u00f1o y Luc\u00eda Graciano Casas y por el Poder Legislativo, Ada Gabriela D\u00edaz Sosa, Mar\u00eda Antonia Turrubiates Conde y Edgar Maciel Mart\u00ednez B\u00e1ez.<\/p>\n\n\n\n<p>TODOS CAMBIAN\u2026 MENOS EL PAN<br \/>Mientras que en el Movimiento Ciudadano (MC), as\u00ed como en el Partido Revolucionario Institucional (PRI) y el Movimiento de Regeneraci\u00f3n Nacional (MORENA) ya cuentan con nuevos dirigentes a nivel estatal, que obviamente buscar\u00e1n mejorar las cosas en sus respectivos institutos pol\u00edticos, en el Partido Acci\u00f3n Nacional (PAN) siguen con el mismo mal dirigente, que nada bueno les ha aportado, que ni triunfos les ha generado, y por el contrario mucho mal les ha causado, pero bueno, ah\u00ed insisten en seguir sosteniendo a Luis Ren\u00e9 Cant\u00fa Galv\u00e1n. De plano que en el blanquiazul no son ni sombra de lo que antes fueron, cuando la militancia gritaba y le hac\u00edan caso. Hoy prevalecen subyugados por la sombra de Cabeza de Vaca, y mientras no se quiten esa maldici\u00f3n, no podr\u00e1n resurgir. As\u00ed de f\u00e1cil.<\/p>\n\n\n\n<p>BUEN REGISTRO DE CAZADORES<br \/>Datos de la Secretar\u00eda de Desarrollo Econ\u00f3mico del Gobierno Municipal de Nuevo Laredo revelan que en los \u00faltimos 10 d\u00edas han arribado a esta ciudad fronteriza un total de 1,745 cazadores nacionales y extranjeros para tomar parte en la temporada de caza del venado cola blanca. Esto implica un aumento con relaci\u00f3n al mismo flujo de cazadores que arribaron en el mismo per\u00edodo del a\u00f1o pasado, lo que da indicios de que se pueda superar lo logrado en el 2023. De acuerdo con las mismas estad\u00edsticas, 960 de dichos cazadores son nacionales y 785 extranjeros, y obviamente se espera que la cifra aumente en este mes de diciembre, y todav\u00eda en enero, pues en este sentido la temporada de caza culmina a mediados de febrero. Cabe destacar que la regi\u00f3n cuenta con alrededor de 500 ranchos que se rentan para la caza de venado, esper\u00e1ndose que dicha actividad genere alrededor de 15 millones de d\u00f3lares de derrama econ\u00f3mica. Que as\u00ed sea.<\/p>\n\n\n\n<p>RECORTAR\u00c1N DESFILE NAVIDE\u00d1O<br \/>Si bien es cierto que este a\u00f1o se recortar\u00e1 el recorrido del Desfile Navide\u00f1o en las calles de Nuevo Laredo, como quiera se espera que el evento sea exitoso. Y es que en esta ocasi\u00f3n los contingentes no pasar\u00e1n por el centro de la ciudad, toda vez que inician en el lugar de siempre, que es 15 de Septiembre y Reforma, para de ah\u00ed enfilar a la Paseo Col\u00f3n luego a Ruiz Cortines, para proseguir por la calle Per\u00fa y luego enfilar hacia la Guerrero y de ah\u00ed tomar la Reforma, para regresar al lugar de inicio. As\u00ed que la zona m\u00e1s c\u00e9ntrica por lo que se pasar\u00e1 ser\u00e1 Guerrero y Per\u00fa. Aparentemente el recorte en el recorrido es para evitar hacerlo muy largo, pues el a\u00f1o pasado dur\u00f3 casi cuatro horas, que son muchas, sobre todo cuando el clima no es muy propicio que digamos para que la gente se mantenga tanto tiempo fuera esperando el paso del contingente. Por eso es bien visto dicho recorte, pues como quiera se pasar\u00e1 por calles principales.<\/p>\n\n\n\n<p>QUE FLUYA EL ESP\u00cdRITU NAVIDE\u00d1O<br \/>Muy bonito ha quedado el jard\u00edn de la Presidencia Municipal de Nuevo Laredo luego de la colocaci\u00f3n de adornos navide\u00f1os, lo cual ya es una tradici\u00f3n. Hay otras \u00e1reas de la ciudad que tambi\u00e9n han sido embellecidas con figuras navide\u00f1as, como es el caso del monumento a La Madre y algunas plazas p\u00fablicas y solo se espera que la ciudadan\u00eda cuide los ornamentos, pues nunca faltan quienes los destrozan o se los roban. As\u00ed que es menester de todos cuidarlos. Que aflore el esp\u00edritu navide\u00f1o.<\/p>\n\n\n\n<p>ENTREGA DIF TAMAULIPAS M\u00c1S DE 3 MIL BECAS<br \/>Un total de 3,071 estudiantes en situaci\u00f3n de vulnerabilidad de todo el estado, se est\u00e1n viendo beneficiados con becas por parte del Sistema DIF Tamaulipas, esto a fin de que contin\u00faen con sus estudios. Se trata de las becas denominadas \u201cEsperanza de Tamaulipas\u201d e \u201cInclusi\u00f3n Social en Tamaulipas\u201d correspondientes al per\u00edodo junio-diciembre del a\u00f1o en curso y que ya empezaron a ser entregadas en los 43 municipios de la entidad. El recurso repartido por la entrega de ambas becas asciende a 7 millones 677 mil 500 pesos. La beca para la \u201cInclusi\u00f3n Social en Tamaulipas\u201d est\u00e1 dirigida a estudiantes en situaci\u00f3n de vulnerabilidad por discapacidad motriz, visual, auditiva y\/o intelectual leve; en tanto que la beca \u201cEsperanza de Tamaulipas\u201d va enfocada a estudiantes en situaci\u00f3n de orfandad derivada de la comisi\u00f3n de delitos de alto impacto o en calidad de v\u00edctimas.<\/p>\n\n\n\n<p>LO \u00daLTIMO<br \/>Muchas felicidades a Ricardo Canales Garc\u00eda, directivo de la COMAPA Nuevo Laredo, as\u00ed como a la exregidora Patricia Ferrara Theriot y al exdiputado local Salvador Arredondo Arredondo, quienes este martes est\u00e1n cumpliendo un a\u00f1o m\u00e1s de vida. \u00a1Enhorabuena!\u2026 Una reuni\u00f3n de trabajo con los miembros de su gabinete sostuvo el gobernador Am\u00e9rico Villarreal Anaya este lunes, donde se revisaron los avances de los proyectos en marcha y adem\u00e1s se exhort\u00f3 a los secretarios a ejercer con eficiencia el presupuesto 2024 para evitar subejercicios y reintegros a la Federaci\u00f3n. Adem\u00e1s el mandatario estatal aprovech\u00f3 para hacer un recuento de sus acuerdos con secretarios federales y de los logros que se han conseguido para Tamaulipas\u2026 Qued\u00f3 instalado el consejo general del Instituto Nacional Electoral (INE) de Tamaulipas que regir\u00e1 la elecci\u00f3n de jueces, magistrados y ministros federales\u2026 De reconocerse la intervenci\u00f3n de la regidora Alma Margarita S\u00e1nchez Lerma para solucionar el problema de falta de luz en varias colonias de Nuevo Laredo que se present\u00f3 la ma\u00f1ana del lunes. Si bien es cierto que solo llam\u00f3 a la CFE para reportar la falla, al menos mostr\u00f3 inter\u00e9s para que se solucionara el problema, que de hecho se solucion\u00f3 pronto tras su mediaci\u00f3n.<\/p>\n","protected":false},"excerpt":{"rendered":"<p>M\u00e1s de 5 mil equipos de c\u00f3mputo port\u00e1til para estudiantes y docentes de la Universidad Aut\u00f3noma de Tamaulipas (UAT), fueron entregadas este lunes por el gobernador Am\u00e9rico Villarreal Anaya y &hellip; <a href=\"http:\/\/revistalaneta.com.mx\/?p=14982\" class=\"more-link\">Leer m\u00e1s<\/a><\/p>\n","protected":false},"author":1,"featured_media":14981,"comment_status":"open","ping_status":"open","sticky":false,"template":"","format":"standard","meta":{"footnotes":""},"categories":[2],"tags":[],"class_list":["post-14982","post","type-post","status-publish","format-standard","has-post-thumbnail","hentry","category-chismorreo","entry"],"_links":{"self":[{"href":"http:\/\/revistalaneta.com.mx\/index.php?rest_route=\/wp\/v2\/posts\/14982","targetHints":{"allow":["GET"]}}],"collection":[{"href":"http:\/\/revistalaneta.com.mx\/index.php?rest_route=\/wp\/v2\/posts"}],"about":[{"href":"http:\/\/revistalaneta.com.mx\/index.php?rest_route=\/wp\/v2\/types\/post"}],"author":[{"embeddable":true,"href":"http:\/\/revistalaneta.com.mx\/index.php?rest_route=\/wp\/v2\/users\/1"}],"replies":[{"embeddable":true,"href":"http:\/\/revistalaneta.com.mx\/index.php?rest_route=%2Fwp%2Fv2%2Fcomments&post=14982"}],"version-history":[{"count":1,"href":"http:\/\/revistalaneta.com.mx\/index.php?rest_route=\/wp\/v2\/posts\/14982\/revisions"}],"predecessor-version":[{"id":14983,"href":"http:\/\/revistalaneta.com.mx\/index.php?rest_route=\/wp\/v2\/posts\/14982\/revisions\/14983"}],"wp:featuredmedia":[{"embeddable":true,"href":"http:\/\/revistalaneta.com.mx\/index.php?rest_route=\/wp\/v2\/media\/14981"}],"wp:attachment":[{"href":"http:\/\/revistalaneta.com.mx\/index.php?rest_route=%2Fwp%2Fv2%2Fmedia&parent=14982"}],"wp:term":[{"taxonomy":"category","embeddable":true,"href":"http:\/\/revistalaneta.com.mx\/index.php?rest_route=%2Fwp%2Fv2%2Fcategories&post=14982"},{"taxonomy":"post_tag","embeddable":true,"href":"http:\/\/revistalaneta.com.mx\/index.php?rest_route=%2Fwp%2Fv2%2Ftags&post=14982"}],"curies":[{"name":"wp","href":"https:\/\/api.w.org\/{rel}","templated":true}]}}