{"id":14988,"date":"2024-12-04T13:21:11","date_gmt":"2024-12-04T13:21:11","guid":{"rendered":"http:\/\/revistalaneta.com.mx\/?p=14988"},"modified":"2024-12-04T13:21:49","modified_gmt":"2024-12-04T13:21:49","slug":"visitan-sindicos-y-regidores-la-comapa","status":"publish","type":"post","link":"http:\/\/revistalaneta.com.mx\/?p=14988","title":{"rendered":"VISITAN SINDICOS Y REGIDORES LA COMAPA"},"content":{"rendered":"\n<p><br>Una visita a la Comisi\u00f3n Municipal de Agua Potable y Alcantarillado (COMAPA) llevaron a cabo los miembros del cuerpo edilicio neolaredense este martes por la ma\u00f1ana, a invitaci\u00f3n expresa de la gerente general de dicha dependencia, Silvia Fern\u00e1ndez Gallardo Boone, y bajo el objetivo de que conozcan a fondo como opera la planta y la intensa labor que se realiza en la misma para llevar el agua y dar el debido servicio de drenaje a la sociedad neolaredense. Pues que bien por los s\u00edndicos y regidores que se empapen de la funci\u00f3n de las diferentes dependencias que competen al Gobierno Municipal de Nuevo Laredo que ellos mismos representan.<\/p>\n\n\n\n<p>INVITAN A PARTICIPAR EN DOS FOROS CIUDADANOS<br \/>Bajo el prop\u00f3sito de fortalecer las acciones de la administraci\u00f3n y consolidar la transformaci\u00f3n de Nuevo Laredo, el Gobierno Municipal que encabeza Carmen Lilia Canturosas Villarreal, llevar\u00e1 a cabo dos importantes foros ciudadanos, mismos a los que se est\u00e1 invitando a la sociedad civil a participar y exponer sus ideas. Ambos ejercicios se llevar\u00e1n a cabo el pr\u00f3ximo mi\u00e9rcoles 11 de diciembre en las instalaciones de Estaci\u00f3n Palabra \u201cGabriel Garc\u00eda M\u00e1rquez\u201d, empezando a las nueve de la ma\u00f1ana con los temas de desarrollo humano, paz y convivencia ciudadana, bienestar y familia, y posteriormente a la una de la tarde se abordar\u00e1n temas relacionados con el desarrollo econ\u00f3mico. Las personas interesadas en participar con proyectos y propuestas pueden inscribirse por medio de la p\u00e1gina ww.nld.gob.mx o en los tel\u00e9fonos 867 7113563 y 867 7113580.<\/p>\n\n\n\n<p>ENTREGA OBRAS CARMEN LILIA EN MEDIO DEL FR\u00cdO Y LA LLUVIA<br \/>Ni el fr\u00edo ni la lluvia evit\u00f3 que la alcaldesa Carmen Lilia Canturosas Villarreal, y su equipo de trabajo llevaran a cabo la entrega de obras este martes por la tarde en el fraccionamiento Los Olivos. Fueron tres obras de repavimentaci\u00f3n, la primera de ellas en Campe\u00f3n y Prestigio, la segunda en Condecoraci\u00f3n y Prestigio y la tercera en Gratificaci\u00f3n y Vencedor. De hecho un considerable de vecinos del sector acudieron a acompa\u00f1ar a Carmen Lilia en las inauguraciones de dichas obras, que les son de gran beneficio, y que incluso ten\u00edan largo tiempo solicit\u00e1ndolas, y finalmente se les atendi\u00f3.<\/p>\n\n\n\n<p>SIGUE M\u00c1S BARATA LA GASOLINA EN LAREDO, TEXAS<br \/>A 2.39 d\u00f3lares estaba este martes el gal\u00f3n de gasolina en la estaci\u00f3n del HEB Mercado, en la vecina ciudad de Laredo, Texas. Si tomamos en cuenta que el d\u00f3lar est\u00e1 en 20.50 pesos por uno, el gal\u00f3n viene costando 49 pesos. Y en Nuevo Laredo los 3.78 litros que representan un gal\u00f3n, vienen costando alrededor de 77.50 pesos, eso tasando el litro a 20.50 como el precio m\u00e1s econ\u00f3mico que se ofrece en las gasolineras locales. O sea que en Nuevo Laredo estamos pagando un 50 por ciento m\u00e1s por el combustible, en comparaci\u00f3n con lo que se paga en la hermana poblaci\u00f3n. Por eso cada vez m\u00e1s neolaredenses van y cargan gasolina de aquel lado, pues como no, si es muy significativo el ahorro, y m\u00e1s todav\u00eda porque all\u00e1 no roban como roban en la mayor\u00eda de las gasolineras de este lado de la frontera, y aparte el energ\u00e9tico dura m\u00e1s, al ser de mejor calidad. Y pensar que muchos se tragaron el cuento de que el litro de gasolina costar\u00eda 10 pesos en M\u00e9xico. Si como no.<\/p>\n\n\n\n<p>CELEBRAR\u00c1 LA UTNL SIMPOSIO DE MERCADOTECNIA<br \/>Un simposio de mercadotecnia llevar\u00e1n a cabo el pr\u00f3ximo martes 10 de diciembre alumnos de la carrera de mercadotecnia de la Universidad Tecnol\u00f3gica de Nuevo Laredo (UTNL), el cual estar\u00e1 enfocado a como abrir negocios desde cero. El evento se realizar\u00e1 en el Centro Cultural de Nuevo Laredo, y en el mismo participar\u00e1n como ponentes el influencer Oz Creativo con el tema \u201cHazlo magn\u00edfico\u201d enfocado al marketing digital, as\u00ed como Ana Laura Llerenas y el tema \u201cDe emprendedora a empresaria\u201d, adem\u00e1s de Luis Betancourt y la ponencia \u201c\u00bfPor qu\u00e9 no estamos hablando de comunidades?\u201d y David Ramos Sierra con la conferencia \u201cPensamiento Desfragmentado\u201d. El evento fue anunciado este lunes por los propios alumnos que lo organizan, y quienes para tal efecto estuvieron acompa\u00f1ados del rector e la UTNL, Jos\u00e9 Antonio Tovar Lara y su coordinadora de la carrera Paulina D\u00edaz Miranda y su maestro Filadelfo Medell\u00edn Ayala, haciendo extensiva la invitaci\u00f3n a toda la ciudadan\u00eda a tan importante evento, que vendr\u00e1 a ser la catorceava edici\u00f3n del congreso de mercadotecnia de la UTNL, que hoy por hoy es el mejor evento de marketing de la ciudad.<\/p>\n\n\n\n<p>ENTREGA GOBERNADOR RECONOCIMIENTOS A SERVIDORES P\u00daBLICOS<br \/>Un total de 59 servidores p\u00fablicos de diversas dependencias del Gobierno del Estado de Tamaulipas recibieron de manos del gobernador Am\u00e9rico Villarreal Anaya reconocimientos por haber tomado concluidos los cursos de capacitaci\u00f3n establecidos mediante un convenio de colaboraci\u00f3n entre el gobierno estatal y la C\u00e1mara de Senadores. En ceremonia celebrada en el sal\u00f3n Independencia del Palacio de Gobierno, el mandatario estatal hizo entrega de los reconocimientos, destacando que la preparaci\u00f3n y actualizaci\u00f3n constante de cada servidor p\u00fablico permite brindar un mejor servicio a la ciudadan\u00eda, adem\u00e1s de fomentar su desarrollo personal.<\/p>\n\n\n\n<p>DUPLICA LA UAT LA ENTREGA DE BECAS<br \/>Tan solo en el \u00faltimo a\u00f1o, la Universidad Aut\u00f3noma de Tamaulipas (UAT) ha logrado duplicar el n\u00famero de becas que se otorgan a estudiantes de los diferentes planteles que la m\u00e1xima casa de estudios tiene en el estado, al pasar de 6 mil 500 a casi 13 mil. Esto fue dado a conocer por el rector de la UAT, MVZ D\u00e1maso Anaya Alvarado, quien indic\u00f3 que para su administraci\u00f3n es fundamental otorgar las mejores oportunidades a los alumnos de la UAT, as\u00ed como apoyos econ\u00f3micos para que contin\u00faen con sus estudios. Enfatiz\u00f3 que el duplicar el n\u00famero de becas forma parte del nuevo proyecto de la UAT, y del objetivo de formar profesionales competentes y capaces de contribuir al bienestar y al desarrollo de la regi\u00f3n. Cabe indicar que en la convocatoria m\u00e1s reciente para entrega de becas se beneficiaron 9 mil 088 estudiantes de toda la entidad. Bien por ello.<\/p>\n\n\n\n<p>LO \u00daLTIMO<br \/>El regidor Enrique Figueroa Rocha realiz\u00f3 una donaci\u00f3n de aparatos electrodom\u00e9sticos a la escuela primaria \u201cH\u00e9roes Insurgentes\u201d situada en la colonia Insurgentes, esto a fin de que puedan realizar una loter\u00eda y con ello recaudar fondos para m\u00e1s mejoras en dicho plantel educativo. Bien por Enrique, que se pone la del Puebla\u2026 El 18 de diciembre ser\u00e1 el \u00faltimo d\u00eda laboral normal en las oficinas p\u00fablicas de los tres niveles de gobierno, ya que a partir del jueves el personal gozar\u00e1 de las vacaciones navide\u00f1as, para regresar el 6 de enero, D\u00eda de Reyes. No obstante habr\u00e1 guardias en las dependencias donde se requiera seguir atendiendo a la ciudadan\u00eda\u2026 Por cierto que en el DIF de Nuevo Laredo ya empezaron los preparativos para el tradicional Festival del D\u00eda de Reyes, seg\u00fan nos lo hizo saber su director, Viviano V\u00e1zquez Mac\u00edas. Y como siempre echar\u00e1n la casa por la ventana.<\/p>\n","protected":false},"excerpt":{"rendered":"<p>Una visita a la Comisi\u00f3n Municipal de Agua Potable y Alcantarillado (COMAPA) llevaron a cabo los miembros del cuerpo edilicio neolaredense este martes por la ma\u00f1ana, a invitaci\u00f3n expresa de &hellip; <a href=\"http:\/\/revistalaneta.com.mx\/?p=14988\" class=\"more-link\">Leer m\u00e1s<\/a><\/p>\n","protected":false},"author":1,"featured_media":14987,"comment_status":"open","ping_status":"open","sticky":false,"template":"","format":"standard","meta":{"footnotes":""},"categories":[2],"tags":[],"class_list":["post-14988","post","type-post","status-publish","format-standard","has-post-thumbnail","hentry","category-chismorreo","entry"],"_links":{"self":[{"href":"http:\/\/revistalaneta.com.mx\/index.php?rest_route=\/wp\/v2\/posts\/14988","targetHints":{"allow":["GET"]}}],"collection":[{"href":"http:\/\/revistalaneta.com.mx\/index.php?rest_route=\/wp\/v2\/posts"}],"about":[{"href":"http:\/\/revistalaneta.com.mx\/index.php?rest_route=\/wp\/v2\/types\/post"}],"author":[{"embeddable":true,"href":"http:\/\/revistalaneta.com.mx\/index.php?rest_route=\/wp\/v2\/users\/1"}],"replies":[{"embeddable":true,"href":"http:\/\/revistalaneta.com.mx\/index.php?rest_route=%2Fwp%2Fv2%2Fcomments&post=14988"}],"version-history":[{"count":1,"href":"http:\/\/revistalaneta.com.mx\/index.php?rest_route=\/wp\/v2\/posts\/14988\/revisions"}],"predecessor-version":[{"id":14989,"href":"http:\/\/revistalaneta.com.mx\/index.php?rest_route=\/wp\/v2\/posts\/14988\/revisions\/14989"}],"wp:featuredmedia":[{"embeddable":true,"href":"http:\/\/revistalaneta.com.mx\/index.php?rest_route=\/wp\/v2\/media\/14987"}],"wp:attachment":[{"href":"http:\/\/revistalaneta.com.mx\/index.php?rest_route=%2Fwp%2Fv2%2Fmedia&parent=14988"}],"wp:term":[{"taxonomy":"category","embeddable":true,"href":"http:\/\/revistalaneta.com.mx\/index.php?rest_route=%2Fwp%2Fv2%2Fcategories&post=14988"},{"taxonomy":"post_tag","embeddable":true,"href":"http:\/\/revistalaneta.com.mx\/index.php?rest_route=%2Fwp%2Fv2%2Ftags&post=14988"}],"curies":[{"name":"wp","href":"https:\/\/api.w.org\/{rel}","templated":true}]}}