{"id":14994,"date":"2024-12-04T17:30:27","date_gmt":"2024-12-04T17:30:27","guid":{"rendered":"http:\/\/revistalaneta.com.mx\/?p=14994"},"modified":"2024-12-04T17:30:35","modified_gmt":"2024-12-04T17:30:35","slug":"gobierno-municipal-instala-adornos-navidenos-en-espacios-publicos","status":"publish","type":"post","link":"http:\/\/revistalaneta.com.mx\/?p=14994","title":{"rendered":"Gobierno Municipal instala adornos navide\u00f1os en espacios p\u00fablicos"},"content":{"rendered":"\n<p><\/p>\n\n\n\n<p>Nuevo Laredo, Tamps.- Se embellecen las calles de Nuevo Laredo con el esp\u00edritu navide\u00f1o, la Direcci\u00f3n de Imagen y Embellecimiento a Espacios Municipales, inici\u00f3 con la decoraci\u00f3n de los espacios p\u00fablicos para esta temporada.<\/p>\n\n\n\n<p>Jos\u00e9 Valdemar Sandoval Ortega, director de la dependencia municipal explic\u00f3 que los adornos navide\u00f1os que embellecen diversos puntos de la ciudad son realizados con material reciclado.<\/p>\n\n\n\n<p>\u201cMandamos fabricar algunos pinos met\u00e1licos de diferentes tama\u00f1os, peque\u00f1os, medianos y grandes, y aprovecharemos la existencia de elementos como venados y esferas, d\u00e1ndoles un nuevo uso y una nueva imagen para que sigan siendo parte de la decoraci\u00f3n navide\u00f1a\u201d, coment\u00f3 Sandoval Ortega.<\/p>\n\n\n\n<p>Adem\u00e1s de los adornos navide\u00f1os y tradicionales luces, la dependencia ha plantado nochebuenas para embellecer dichos espacios.<\/p>\n\n\n\n<p>Los trabajos de instalaci\u00f3n se han llevado a cabo en la Plaza Zaragoza, Plaza de las Antorchas, Plaza de presidencia municipal, camell\u00f3n de la Paseo Col\u00f3n, entre otros.<\/p>\n\n\n\n<p>La direcci\u00f3n tambi\u00e9n desarrolla nuevos proyectos de decoraci\u00f3n para las siguientes estaciones del a\u00f1o, con nuevas ideas para la pr\u00f3xima primavera, verano y oto\u00f1o. Estos proyectos buscan adornar y ofrecer a los ciudadanos espacios atractivos donde puedan disfrutar y tomarse fotograf\u00edas.<\/p>\n","protected":false},"excerpt":{"rendered":"<p>Nuevo Laredo, Tamps.- Se embellecen las calles de Nuevo Laredo con el esp\u00edritu navide\u00f1o, la Direcci\u00f3n de Imagen y Embellecimiento a Espacios Municipales, inici\u00f3 con la decoraci\u00f3n de los espacios &hellip; <a href=\"http:\/\/revistalaneta.com.mx\/?p=14994\" class=\"more-link\">Leer m\u00e1s<\/a><\/p>\n","protected":false},"author":1,"featured_media":14993,"comment_status":"open","ping_status":"open","sticky":false,"template":"","format":"standard","meta":{"footnotes":""},"categories":[4],"tags":[],"class_list":["post-14994","post","type-post","status-publish","format-standard","has-post-thumbnail","hentry","category-nuevo-laredo","entry"],"_links":{"self":[{"href":"http:\/\/revistalaneta.com.mx\/index.php?rest_route=\/wp\/v2\/posts\/14994","targetHints":{"allow":["GET"]}}],"collection":[{"href":"http:\/\/revistalaneta.com.mx\/index.php?rest_route=\/wp\/v2\/posts"}],"about":[{"href":"http:\/\/revistalaneta.com.mx\/index.php?rest_route=\/wp\/v2\/types\/post"}],"author":[{"embeddable":true,"href":"http:\/\/revistalaneta.com.mx\/index.php?rest_route=\/wp\/v2\/users\/1"}],"replies":[{"embeddable":true,"href":"http:\/\/revistalaneta.com.mx\/index.php?rest_route=%2Fwp%2Fv2%2Fcomments&post=14994"}],"version-history":[{"count":1,"href":"http:\/\/revistalaneta.com.mx\/index.php?rest_route=\/wp\/v2\/posts\/14994\/revisions"}],"predecessor-version":[{"id":14995,"href":"http:\/\/revistalaneta.com.mx\/index.php?rest_route=\/wp\/v2\/posts\/14994\/revisions\/14995"}],"wp:featuredmedia":[{"embeddable":true,"href":"http:\/\/revistalaneta.com.mx\/index.php?rest_route=\/wp\/v2\/media\/14993"}],"wp:attachment":[{"href":"http:\/\/revistalaneta.com.mx\/index.php?rest_route=%2Fwp%2Fv2%2Fmedia&parent=14994"}],"wp:term":[{"taxonomy":"category","embeddable":true,"href":"http:\/\/revistalaneta.com.mx\/index.php?rest_route=%2Fwp%2Fv2%2Fcategories&post=14994"},{"taxonomy":"post_tag","embeddable":true,"href":"http:\/\/revistalaneta.com.mx\/index.php?rest_route=%2Fwp%2Fv2%2Ftags&post=14994"}],"curies":[{"name":"wp","href":"https:\/\/api.w.org\/{rel}","templated":true}]}}