{"id":15006,"date":"2024-12-05T13:28:26","date_gmt":"2024-12-05T13:28:26","guid":{"rendered":"http:\/\/revistalaneta.com.mx\/?p=15006"},"modified":"2024-12-05T13:28:40","modified_gmt":"2024-12-05T13:28:40","slug":"encendido-de-pino-navideno-impulsa-fuertemente-ventas-de-comercio-en-el-viveros","status":"publish","type":"post","link":"http:\/\/revistalaneta.com.mx\/?p=15006","title":{"rendered":"Encendido de pino navide\u00f1o impulsa fuertemente ventas de comercio en el Viveros"},"content":{"rendered":"\n<p><\/p>\n\n\n\n<p>Nuevo Laredo, Tamps.- El inicio del Viveros M\u00e1gico reactiv\u00f3 la econom\u00eda de los comerciantes del Parque Viveros, las familias visitantes abarrotaron los espacios de venta y disfrutaron de una noche de magia, luces y diversi\u00f3n.<\/p>\n\n\n\n<p>Ram\u00f3n G\u00f3mez Centeno, vendedor de comida dijo estar sorprendido ante la gran cantidad de personas que acudieron al encendido del pino navide\u00f1o realizado por la alcaldesa Carmen Lilia Canturosas, agreg\u00f3 que tuvo que resurtir en ese momento sus productos.<\/p>\n\n\n\n<p>\u201cHay mucha gente en el parque y se viene para ac\u00e1. Nos est\u00e1 yendo muy bien, este evento aument\u00f3 las ventas, necesitamos que hagan m\u00e1s eventos como este. La gente viene a divertirse, a golosinear. Los ni\u00f1os son nuestros mejores clientes\u201d, dijo.<\/p>\n\n\n\n<p>Otro de los comerciantes beneficiados con las ventas durante el evento navide\u00f1o fue Kevin Mendoza P\u00e9rez que desde temprana hora prepar\u00f3 los elotes, fritos, panchos, nachos, tacos y aguas frescas para los visitantes.<\/p>\n\n\n\n<p>\u201cHoy me fue excelente, se acab\u00f3 todo. Que bueno que hagan eventos as\u00ed, la gente se viene a divertir, a pasar el tiempo en familia\u201d, asegur\u00f3 Mendoza P\u00e9rez.<\/p>\n\n\n\n<p>Las y los neolaredenses podr\u00e1n disfrutar del Viveros M\u00e1gico donde pueden encontrar el pino navide\u00f1o m\u00e1s grande de la ciudad que mide 22 metros de altura, as\u00ed como figuras iluminadas, la tradicional pi\u00f1ata mexicana de m\u00e1s de 5 metros, un nacimiento y los Reyes Magos, villas navide\u00f1as y el t\u00fanel iluminado.<\/p>\n\n\n\n<p>Sin duda este espacio navide\u00f1o ser\u00e1 un detonante econ\u00f3mico para todas y todos los comerciantes que venden sus productos y alimentos dentro del emblem\u00e1tico Parque Viveros y sus alrededores.<\/p>\n","protected":false},"excerpt":{"rendered":"<p>Nuevo Laredo, Tamps.- El inicio del Viveros M\u00e1gico reactiv\u00f3 la econom\u00eda de los comerciantes del Parque Viveros, las familias visitantes abarrotaron los espacios de venta y disfrutaron de una noche &hellip; <a href=\"http:\/\/revistalaneta.com.mx\/?p=15006\" class=\"more-link\">Leer m\u00e1s<\/a><\/p>\n","protected":false},"author":1,"featured_media":15005,"comment_status":"open","ping_status":"open","sticky":false,"template":"","format":"standard","meta":{"footnotes":""},"categories":[4],"tags":[],"class_list":["post-15006","post","type-post","status-publish","format-standard","has-post-thumbnail","hentry","category-nuevo-laredo","entry"],"_links":{"self":[{"href":"http:\/\/revistalaneta.com.mx\/index.php?rest_route=\/wp\/v2\/posts\/15006","targetHints":{"allow":["GET"]}}],"collection":[{"href":"http:\/\/revistalaneta.com.mx\/index.php?rest_route=\/wp\/v2\/posts"}],"about":[{"href":"http:\/\/revistalaneta.com.mx\/index.php?rest_route=\/wp\/v2\/types\/post"}],"author":[{"embeddable":true,"href":"http:\/\/revistalaneta.com.mx\/index.php?rest_route=\/wp\/v2\/users\/1"}],"replies":[{"embeddable":true,"href":"http:\/\/revistalaneta.com.mx\/index.php?rest_route=%2Fwp%2Fv2%2Fcomments&post=15006"}],"version-history":[{"count":1,"href":"http:\/\/revistalaneta.com.mx\/index.php?rest_route=\/wp\/v2\/posts\/15006\/revisions"}],"predecessor-version":[{"id":15007,"href":"http:\/\/revistalaneta.com.mx\/index.php?rest_route=\/wp\/v2\/posts\/15006\/revisions\/15007"}],"wp:featuredmedia":[{"embeddable":true,"href":"http:\/\/revistalaneta.com.mx\/index.php?rest_route=\/wp\/v2\/media\/15005"}],"wp:attachment":[{"href":"http:\/\/revistalaneta.com.mx\/index.php?rest_route=%2Fwp%2Fv2%2Fmedia&parent=15006"}],"wp:term":[{"taxonomy":"category","embeddable":true,"href":"http:\/\/revistalaneta.com.mx\/index.php?rest_route=%2Fwp%2Fv2%2Fcategories&post=15006"},{"taxonomy":"post_tag","embeddable":true,"href":"http:\/\/revistalaneta.com.mx\/index.php?rest_route=%2Fwp%2Fv2%2Ftags&post=15006"}],"curies":[{"name":"wp","href":"https:\/\/api.w.org\/{rel}","templated":true}]}}