{"id":15015,"date":"2024-12-05T14:30:57","date_gmt":"2024-12-05T14:30:57","guid":{"rendered":"http:\/\/revistalaneta.com.mx\/?p=15015"},"modified":"2024-12-05T14:31:02","modified_gmt":"2024-12-05T14:31:02","slug":"enciende-alcaldesa-carmen-lilia-canturosas-arbol-de-navidad-en-el-viveros-magico","status":"publish","type":"post","link":"http:\/\/revistalaneta.com.mx\/?p=15015","title":{"rendered":"Enciende alcaldesa Carmen Lilia Canturosas \u00e1rbol de navidad en el Viveros Magico"},"content":{"rendered":"\n<p><\/p>\n\n\n\n<p>Nuevo Laredo, Tamps.- Es esp\u00edritu de la Navidad invadi\u00f3 uno de los parque m\u00e1s emblem\u00e1ticos de Nuevo Laredo donde cientos de familias junto a la alcaldesa Carmen Lilia Canturosas Villarreal, encendieron el mega pino navide\u00f1o para dar inicio a las fiesta decembrinas y transformar este espacio en el \u201cViveros M\u00e1gico\u201d.<\/p>\n\n\n\n<p>La presidenta municipal junto a su esposo \u00d3scar Mario Hinojosa; la presidenta del sistema DIF Claudette Canturosas, acompa\u00f1ados de m\u00e1s de 25 mil personas, disfrutaron de un espect\u00e1culo de luces, m\u00fasica y baile, adem\u00e1s de las m\u00e1s de 100 figuras gigantes y villas navide\u00f1as que provocaron el asombro de los asistentes.<\/p>\n\n\n\n<p>En medio de m\u00e1s de 100 mil lucecitas led y un monumental \u00e1rbol de Navidad, la alcaldesa refrend\u00f3 a las familias neolaredenses su compromiso de continuar trabajando por el bienestar y prosperidad de todos y dese\u00f3 que estas fiestas sean de unidad, paz y amor.<\/p>\n\n\n\n<p>\u201cEs un tiempo de gratitud y amor, la Navidad nos recuerda el tiempo juntos, de compartir momentos y valorar a quienes tenemos a nuestro lado. Por eso me complace dar la bienvenida al \u201cViveros M\u00e1gico\u201d donde las familias podr\u00e1n disfrutar de diversas figuras a lo largo y ancho de este ic\u00f3nico parque\u201d, dijo.<\/p>\n\n\n\n<p>Mencion\u00f3 que el \u00e1rbol, de m\u00e1s de 25 metros de alto, que se acababa de encender era un s\u00edmbolo de unidad entre las familias.<\/p>\n\n\n\n<p>\u201cCada luz que ilumina sus ramas es una chispa de alegr\u00eda y un recordatorio de los lazos que nos unen\u201d .<\/p>\n\n\n\n<p>Una pi\u00f1ata gigantesca, un oso, un t\u00fanel de m\u00e1s de 15 metros de longitud, una estrella de Bel\u00e9n, todo iluminado, conforman una experiencia m\u00e1gica y una verdadera delicia visual.<\/p>\n\n\n\n<p>\u201cCon este esp\u00edritu festivo quiero agradecer por las bendiciones, las lecciones aprendidas, la Navidad es un tiempo para dar m\u00e1s all\u00e1 de los regalos materiales, el regalo de nuestro tiempo, atenci\u00f3n y amor. Es el momento de ofrecer la mano amiga, compartir una palabra de confort para aquellos que m\u00e1s lo necesitan\u201d, mencion\u00f3 la alcaldesa.<\/p>\n\n\n\n<p>Pidi\u00f3 que cada luz tocar\u00e1 los corazones y agradeci\u00f3 el cari\u00f1o y confianza de los neolaredenses hacia ella.<\/p>\n\n\n\n<p>\u201cQue cada destello de este m\u00e1gico parque les haga sentir el inmenso cari\u00f1o que como su presidenta municipal les tengo y el gran respeto que les tengo a todos ustedes. Gracias por confiar en m\u00ed, gracias por sus muestras de apoyo, mil gracias por darme la oportunidad de servirles de nueva cuenta, los quiero y los amo con todo mi coraz\u00f3n\u201d, expres\u00f3.<\/p>\n\n\n\n<p>Luego de encender el pino, los asistentes disfrutaron de un emotivo video musical navide\u00f1o, que destaca la grandeza de Nuevo Laredo, sus tradiciones y la manera tan peculiar en que se celebran las fiestas decembrinas en la ciudad.<\/p>\n\n\n\n<p>\u201cEstos eventos son muy buenos para los ni\u00f1os. La neta, gracias a la alcaldesa por estos eventos, sobre todo para los ni\u00f1os, se agradece todo los eventos que hace, dijo Ernesto Jasso de la colonia Buenavista quien estaba acompa\u00f1ado de su hijo Mateo.<\/p>\n\n\n\n<p>Por su parte la se\u00f1ora Leonor Delgado Montelongo, del Kil\u00f3metro 13, mencion\u00f3 que estos espect\u00e1culos convocan a la familia y son una defensa en esta era tecnol\u00f3gica.<\/p>\n\n\n\n<p>\u201cTodos venimos al encendido y los ni\u00f1os son los que nos traen, no hab\u00eda visto esto. A nosotros los viejos nos trae para ver todos estas cosas nuevas que los emocionan y los ayudan a ser ni\u00f1os de nuevo y disfrutar de esa alegr\u00eda. Hacer a un lado la tecnolog\u00eda que nos divide y estos nos une de nuevo\u201d, dijo<\/p>\n\n\n\n<p>En tanto, Daniela Cruz residente de la colonia Mirador, quien iba con sus sobrinos, dijo sentirse nuevamente como ni\u00f1a por este tipo de espect\u00e1culos que no se hab\u00edan visto en esta ciudad.<\/p>\n\n\n\n<p>\u201cMe siento como ni\u00f1a chiquita. Est\u00e1 muy bien unir a las familias. Gracias a la presidenta por esto que hace\u201d, dijo<\/p>\n\n\n\n<p>Por su parte la se\u00f1ora Margarita Tapia de la colonia Reservas Territoriales, destac\u00f3 la convivencia familiar y se mostr\u00f3 agradablemente sorprendida por la calidad de estos adornos que a sus 25 a\u00f1os, nunca los hab\u00eda visto en la ciudad.<\/p>\n\n\n\n<p>\u201cMe siento muy bien porque convivir es muy importante. Agradecemos a la presidenta que hace este tipo de cosas. Veo que hay seguridad, est\u00e1 muy padre lo que est\u00e1 haciendo. La agradecemos todos los neolaredenses por todo lo que est\u00e1 haciendo\u201d, dijo<\/p>\n\n\n\n<p>Posteriormente, los m\u00e1s peque\u00f1os bailaron y cantaron, junto a m\u00e1s de 20 personajes infantiles que presentaron en un s\u00f3lo escenario el show \u201cLa Aldea M\u00e1gica de Santa\u201d.<\/p>\n\n\n\n<p>A partir de este domingo 1 de diciembre, el Parque Viveros estar\u00e1 abierto de 9:00 de la ma\u00f1ana a 10:00 de la noche, para que todos los neolaredenses disfruten de esta experiencia.<\/p>\n\n\n\n<p>EnDurante el \u201cViveros M\u00e1gico\u201d, estuvieron presentes integrantes del cabildo de Nuevo Laredo; as\u00ed como autoridades de las diferentes secretar\u00edas y direcciones.<\/p>\n","protected":false},"excerpt":{"rendered":"<p>Nuevo Laredo, Tamps.- Es esp\u00edritu de la Navidad invadi\u00f3 uno de los parque m\u00e1s emblem\u00e1ticos de Nuevo Laredo donde cientos de familias junto a la alcaldesa Carmen Lilia Canturosas Villarreal, &hellip; <a href=\"http:\/\/revistalaneta.com.mx\/?p=15015\" class=\"more-link\">Leer m\u00e1s<\/a><\/p>\n","protected":false},"author":1,"featured_media":15014,"comment_status":"open","ping_status":"open","sticky":false,"template":"","format":"standard","meta":{"footnotes":""},"categories":[4],"tags":[],"class_list":["post-15015","post","type-post","status-publish","format-standard","has-post-thumbnail","hentry","category-nuevo-laredo","entry"],"_links":{"self":[{"href":"http:\/\/revistalaneta.com.mx\/index.php?rest_route=\/wp\/v2\/posts\/15015","targetHints":{"allow":["GET"]}}],"collection":[{"href":"http:\/\/revistalaneta.com.mx\/index.php?rest_route=\/wp\/v2\/posts"}],"about":[{"href":"http:\/\/revistalaneta.com.mx\/index.php?rest_route=\/wp\/v2\/types\/post"}],"author":[{"embeddable":true,"href":"http:\/\/revistalaneta.com.mx\/index.php?rest_route=\/wp\/v2\/users\/1"}],"replies":[{"embeddable":true,"href":"http:\/\/revistalaneta.com.mx\/index.php?rest_route=%2Fwp%2Fv2%2Fcomments&post=15015"}],"version-history":[{"count":1,"href":"http:\/\/revistalaneta.com.mx\/index.php?rest_route=\/wp\/v2\/posts\/15015\/revisions"}],"predecessor-version":[{"id":15016,"href":"http:\/\/revistalaneta.com.mx\/index.php?rest_route=\/wp\/v2\/posts\/15015\/revisions\/15016"}],"wp:featuredmedia":[{"embeddable":true,"href":"http:\/\/revistalaneta.com.mx\/index.php?rest_route=\/wp\/v2\/media\/15014"}],"wp:attachment":[{"href":"http:\/\/revistalaneta.com.mx\/index.php?rest_route=%2Fwp%2Fv2%2Fmedia&parent=15015"}],"wp:term":[{"taxonomy":"category","embeddable":true,"href":"http:\/\/revistalaneta.com.mx\/index.php?rest_route=%2Fwp%2Fv2%2Fcategories&post=15015"},{"taxonomy":"post_tag","embeddable":true,"href":"http:\/\/revistalaneta.com.mx\/index.php?rest_route=%2Fwp%2Fv2%2Ftags&post=15015"}],"curies":[{"name":"wp","href":"https:\/\/api.w.org\/{rel}","templated":true}]}}