{"id":15027,"date":"2024-12-06T13:19:30","date_gmt":"2024-12-06T13:19:30","guid":{"rendered":"http:\/\/revistalaneta.com.mx\/?p=15027"},"modified":"2024-12-06T13:19:41","modified_gmt":"2024-12-06T13:19:41","slug":"gobierno-municipal-abre-inscripciones-para-talleres-de-iniciacion-artistica-en-casa-de-la-cultura","status":"publish","type":"post","link":"http:\/\/revistalaneta.com.mx\/?p=15027","title":{"rendered":"Gobierno Municipal abre inscripciones para talleres de iniciaci\u00f3n art\u00edstica en Casa de la Cultura"},"content":{"rendered":"\n<p><\/p>\n\n\n\n<p>Nuevo Laredo, Tamps.- El Gobierno de Nuevo Laredo a trav\u00e9s de la Direcci\u00f3n de Arte y Cultura invita a los ni\u00f1os y adultos interesados en participar en los talleres de iniciaci\u00f3n art\u00edstica que se imparten en las diferentes Casas de la Cultura a que se inscriban, el registro estar\u00e1 abierto hasta el 11 de enero del 2025.<\/p>\n\n\n\n<p>Clara Gonz\u00e1lez, encargada de los programas de educaci\u00f3n art\u00edstica de la Casa de la Cultura Viveros se\u00f1al\u00f3 que las clases se impartir\u00e1n en las sedes de Maquila Creativa, Polivalente, El Progreso y Palmares, participando alumnos desde los 4 a\u00f1os de edad hasta adultos mayores.<\/p>\n\n\n\n<p>\u201cEst\u00e1 cordialmente invitada toda la comunidad; queremos sumar a la educaci\u00f3n b\u00e1sica de los ni\u00f1os, de los j\u00f3venes d\u00e1ndole un enfoque art\u00edstico, que es la intenci\u00f3n de nuestra presidenta Carmen Lilia Canturosas que la cultura crezca y ser parte de ellos\u201d, mencion\u00f3 la titular de la Casa de la Cultura.<\/p>\n\n\n\n<p>Las ofertas art\u00edsticas son; acrodance, danza contempor\u00e1nea, danza urbana, ritmos latinos, K-Pop, bordado mexicano, pre- ballet, ballet, artes pl\u00e1sticas, dibujo, guitarra, pintura, folclor infantil y juvenil, teclado, violin, danza arabe, pintura acr\u00edlica, ensamble instrumental, fotograf\u00eda y adobe photoshop, barralates, piano.<\/p>\n\n\n\n<p>Para solicitar m\u00e1s informaci\u00f3n los interesados en participar y padres de familia que deseen inscribir a sus peque\u00f1os pueden acudir a cualquiera de las sedes de Casa de la Cultura en horario de 8 de la ma\u00f1ana a 7 de la tarde.<\/p>\n\n\n\n<p>Los requisitos para la inscripci\u00f3n de los menores de esas son copia del CURP, copia del INE del padre o madre; los adultos en participar deben presentar \u00fanicamente el INE.<\/p>\n\n\n\n<p>Los talleres tendr\u00e1n un costo de recuperaci\u00f3n de 300 pesos para ni\u00f1os y adolescentes, los adultos mayores recibir\u00e1n un 50 por ciento de descuento.<\/p>\n\n\n\n<p>Las clases de los talleres de iniciaci\u00f3n art\u00edstica dar\u00e1n inicio el 13 de enero del 2025.<\/p>\n","protected":false},"excerpt":{"rendered":"<p>Nuevo Laredo, Tamps.- El Gobierno de Nuevo Laredo a trav\u00e9s de la Direcci\u00f3n de Arte y Cultura invita a los ni\u00f1os y adultos interesados en participar en los talleres de &hellip; <a href=\"http:\/\/revistalaneta.com.mx\/?p=15027\" class=\"more-link\">Leer m\u00e1s<\/a><\/p>\n","protected":false},"author":1,"featured_media":15026,"comment_status":"open","ping_status":"open","sticky":false,"template":"","format":"standard","meta":{"footnotes":""},"categories":[4],"tags":[],"class_list":["post-15027","post","type-post","status-publish","format-standard","has-post-thumbnail","hentry","category-nuevo-laredo","entry"],"_links":{"self":[{"href":"http:\/\/revistalaneta.com.mx\/index.php?rest_route=\/wp\/v2\/posts\/15027","targetHints":{"allow":["GET"]}}],"collection":[{"href":"http:\/\/revistalaneta.com.mx\/index.php?rest_route=\/wp\/v2\/posts"}],"about":[{"href":"http:\/\/revistalaneta.com.mx\/index.php?rest_route=\/wp\/v2\/types\/post"}],"author":[{"embeddable":true,"href":"http:\/\/revistalaneta.com.mx\/index.php?rest_route=\/wp\/v2\/users\/1"}],"replies":[{"embeddable":true,"href":"http:\/\/revistalaneta.com.mx\/index.php?rest_route=%2Fwp%2Fv2%2Fcomments&post=15027"}],"version-history":[{"count":1,"href":"http:\/\/revistalaneta.com.mx\/index.php?rest_route=\/wp\/v2\/posts\/15027\/revisions"}],"predecessor-version":[{"id":15028,"href":"http:\/\/revistalaneta.com.mx\/index.php?rest_route=\/wp\/v2\/posts\/15027\/revisions\/15028"}],"wp:featuredmedia":[{"embeddable":true,"href":"http:\/\/revistalaneta.com.mx\/index.php?rest_route=\/wp\/v2\/media\/15026"}],"wp:attachment":[{"href":"http:\/\/revistalaneta.com.mx\/index.php?rest_route=%2Fwp%2Fv2%2Fmedia&parent=15027"}],"wp:term":[{"taxonomy":"category","embeddable":true,"href":"http:\/\/revistalaneta.com.mx\/index.php?rest_route=%2Fwp%2Fv2%2Fcategories&post=15027"},{"taxonomy":"post_tag","embeddable":true,"href":"http:\/\/revistalaneta.com.mx\/index.php?rest_route=%2Fwp%2Fv2%2Ftags&post=15027"}],"curies":[{"name":"wp","href":"https:\/\/api.w.org\/{rel}","templated":true}]}}