{"id":15051,"date":"2024-12-06T13:34:59","date_gmt":"2024-12-06T13:34:59","guid":{"rendered":"http:\/\/revistalaneta.com.mx\/?p=15051"},"modified":"2024-12-06T13:35:36","modified_gmt":"2024-12-06T13:35:36","slug":"tamaulipas-no-se-endeuda","status":"publish","type":"post","link":"http:\/\/revistalaneta.com.mx\/?p=15051","title":{"rendered":"TAMAULIPAS NO SE ENDEUDA"},"content":{"rendered":"\n<p><br>Sobre las especulaciones que han surgido sobre un supuesto endeudamiento del Gobierno del Estado de Tamaulipas para poder financiar la construcci\u00f3n de las 15 estaciones de seguridad que se edificar\u00e1n en la zona conocida como la Ribere\u00f1a, entre las ciudades de Nuevo Laredo y Reynosa, el Vocero de Seguridad de Tamaulipas ha rechazado tal versi\u00f3n, y ha aclarado que lo que ha pasado es que el gobierno ha accedido a recursos de manera anticipada ante el gobierno federal, y lo cual ha sido posible gracias a su buen cr\u00e9dito y sobre todo al cumplimiento de las reglas impuestas por Banobras y la Secretar\u00eda de Hacienda, algo de lo que pocos estados pueden presumir. Se ha dicho adem\u00e1s que dicho financiamiento forma parte del Fondo de Aportaciones para el Fortalecimiento de las Entidades Federativas, y que aplica con mayor facilidad y agilidad estados responsables y bien gestionados, lo que en el caso de Tamaulipas es posible gracias a la buena administraci\u00f3n que ejerce el gobernador Am\u00e9rico Villarreal Anaya.<\/p>\n\n\n\n<p>MEJORAR LA SEGURIDAD, EL OBJETIVO<br \/>Sin embargo es claro que pol\u00edticos mal intencionados tratan de tergiversar esta situaci\u00f3n, pasando por alto que no se trata de una deuda, y por el contrario es un beneficio estrat\u00e9gico que sienta las bases de un proyecto transformador, pues en este sentido todos sabemos que la carretera Nuevo Laredo-Reynosa ha estado en el completo abandono y eso ha hecho que la inseguridad e incertidumbre prevalezca en la misma, por lo que hoy en d\u00eda con el proyecto de las 15 estaciones de seguridad, el panorama evidentemente va a cambiar, toda vez que dichas estaciones estar\u00e1n equipadas con tecnolog\u00eda de punta, como antenas transmisoras de radio, telefon\u00eda y sistemas de videovigilancia, con lo que se garantizar\u00e1 una cobertura de seguridad integral en una de las zonas m\u00e1s transitadas y vulnerables de Tamaulipas, y con lo que se busca proteger a los ciudadanos, y a la vez reactivar la conectividad y el comercio en la regi\u00f3n, sentando un precedente para otros estados del pa\u00eds. Esto demuestra adem\u00e1s que el gobernador Am\u00e9rico Villarreal Anaya sigue trabajando por brindar una mayor y mejor seguridad a los tamaulipecos.<\/p>\n\n\n\n<p>M\u00c1YNEZ PRESIDENTE DEL MC<br \/>Como era de esperarse Jorge \u00c1lvarez M\u00e1ynez fue elegido nuevo dirigente nacional del Movimiento Ciudadano (MC) en un gran evento que congreg\u00f3 a emecistas de todo el pa\u00eds en la Ciudad de M\u00e9xico. El contingente tamaulipeco encabezado por Roberto Lee Ponce dio su total respaldo al nuevo l\u00edder del tambi\u00e9n denominado movimiento naranja, que asegura ir\u00e1 con todo para fortalecer al MC con miras a los comicios del 2027 y posteriormente en el 2030, donde nuevamente estar\u00e1 en juego la Presidencia de la Rep\u00fablica, y donde el MC bien puede convertirse en una importante opci\u00f3n de cambio. Por cierto que tambi\u00e9n hubo cambio de consejo nacional, y de Nuevo Laredo fueron electos el regidor Oscar Trevi\u00f1o Carmona y la excandidata a la alcald\u00eda Macar\u00eda Lizeth P\u00e9rez Gonz\u00e1lez. Aparte fueron otros emecistas neolaredenses al evento, entre ellos los tres que aspiran a la dirigencia local de dicho partido, y que evidentemente fueron a picar piedra, pues la grilla entre ellos mismos est\u00e1 a todo lo que da. Pero se habla que en enero se empezar\u00e1n a repartir las coordinaciones municipales de Tamaulipas. A ver qu\u00e9 pasa.<\/p>\n\n\n\n<p>ELECCIONES PR\u00d3XIMAS EN LA FTNL<br \/>F\u00e9lix Alberto Alem\u00e1n secretario general interino de la Federaci\u00f3n de Trabajadores de Nuevo Laredo (FTNL), organismo adherido a la Confederaci\u00f3n de Trabajadores de M\u00e9xico (CTM) dijo que no le preocupa que se pretenda crear una nueva federaci\u00f3n obrera, pues en ese sentido \u00e9l sigue haciendo su trabajo. Dijo adem\u00e1s que est\u00e1 a la espera de que el dirigente estatal de la CTM, Edmundo Garc\u00eda Rom\u00e1n, emita la convocatoria para elegir una nueva directiva, en la que dijo a\u00fan no sabe si buscar\u00e1 postularse ya de forma oficial, pues en este sentido \u00e9l sigue como l\u00edder interino, tras la muerte del anterior l\u00edder, Francisco Mart\u00ednez Cort\u00e9s. Consider\u00f3 que muy probablemente para mayo del a\u00f1o entrante ya se tenga una nueva directiva en la central obrera. Sea pues.<\/p>\n\n\n\n<p>ALZA AL SALARIO M\u00cdNIMO, ALZA A TODO<br \/>Sin duda es muy bueno que el salario m\u00ednimo diario vaya a volver a subir a partir de enero, con un alza del 12 por ciento, lo malo, y es que como siempre sucede, dicho incremento salarial generar\u00e1 a su ve m\u00e1s aumentos en los precios de la canasta b\u00e1sica, que de por s\u00ed est\u00e1 por los cielos, esto pese a supuestos acuerdos del gobierno federal con las tiendas de autoservicio para reducir los costos de los productos. Pero bueno eso siempre ha sido, sube el salario y sube todo, por eso no hay que hacer mucha alharaca ante tal hecho, ya que lejos de beneficiar, perjudica. Pa\u00b4que m\u00e1s que la verdad.<\/p>\n\n\n\n<p>POSADA DEL COMPARTIR<br \/>Para este s\u00e1bado 7 de diciembre se ha programado la vig\u00e9sima edici\u00f3n de la Posada del Compartir que organiza C\u00e1ritas de Nuevo Laredo con respaldo de la tienda HEB y otros patrocinadores. Lo diferente es que ahora el evento ser\u00e1 en el Polyforum La Fe, donde se espera atender alrededor de 9 mil personas, a las que previamente se les ha repartido boletos, y que mayoritariamente son personas de bajos recursos. El evento inicia a las nueve de la ma\u00f1ana y habr\u00e1 varios espect\u00e1culos, rifa de regalos y se dar\u00e1n platillos y bebidas a los asistentes. Es toda una tradici\u00f3n ya la Posada del Compartir, y donde el padre Rogelio Lozano Alcorta es de los principales organizadores.<\/p>\n\n\n\n<p>VIENE BAJ\u00d3N EN LA TEMPERATURA<br \/>A partir de este viernes 6 de diciembre va a bajar m\u00e1s la temperatura en Nuevo Laredo y la regi\u00f3n. Vamos a amanecer alrededor de 9 grados cent\u00edgrados, y a lo mucho vamos a tener 13 grados, y ese mismo promedio se mantendr\u00e1 el s\u00e1bado, en tanto que el domingo, pero sobre todo el lunes subir\u00e1 levemente la temperatura, pero el martes y mi\u00e9rcoles vamos a tener d\u00edas fr\u00edos, y el term\u00f3metro bajar\u00e1 hasta los 5 grados, as\u00ed que por fin se va a sentir el fr\u00edo. Ya el jueves vuelve a mejorar y van a estar los d\u00edas agradables para el siguiente fin de semana. As\u00ed que abrigarse bien, para evitar enfermedades.<\/p>\n\n\n\n<p>LO \u00daLTIMO<br \/>Un gran hervidero de pol\u00edticos se espera en Nuevo Laredo para el pr\u00f3ximo domingo ante la visita de la presidenta Claudia Sheinbaum Pardo a esta ciudad fronteriza. Se va a poner bueno\u2026 Ahora resulta que el diputado local Gerardo Pe\u00f1a Flores exige que se transparenten los recursos que se van a destinar a un cr\u00e9dito solicitado para el \u00e1rea de seguridad, siendo que cuando \u00e9l fue secretario general de Gobierno, nunca transparent\u00f3 nada. El colmo del cinismo\u2026 El Magistrado David Cerda Z\u00fa\u00f1iga renunci\u00f3 a la presidencia de la Suprema Corte de Justicia del Estado de Tamaulipas, esto dado a que pretende ser candidato a la candidatura a una magistratura federal\u2026 A trav\u00e9s del link https:\/\/siie.tamaulipas.gob.mx\/ConsultaCalificacion\/Calificaciones.aspx los padres de familia pueden consultar las calificaciones de sus hijos inscritos en escuelas p\u00fablicas e incorporadas al sistema educativo estatal. La Secretar\u00eda de Educaci\u00f3n de Tamaulipas (SET) ha puesto a disposici\u00f3n dicha p\u00e1gina, donde tras ingresar solo se requiere teclear el CURP del alumno y el ciclo escolar, para recibir la informaci\u00f3n pertinente.<\/p>\n","protected":false},"excerpt":{"rendered":"<p>Sobre las especulaciones que han surgido sobre un supuesto endeudamiento del Gobierno del Estado de Tamaulipas para poder financiar la construcci\u00f3n de las 15 estaciones de seguridad que se edificar\u00e1n &hellip; <a href=\"http:\/\/revistalaneta.com.mx\/?p=15051\" class=\"more-link\">Leer m\u00e1s<\/a><\/p>\n","protected":false},"author":1,"featured_media":15050,"comment_status":"open","ping_status":"open","sticky":false,"template":"","format":"standard","meta":{"footnotes":""},"categories":[2],"tags":[],"class_list":["post-15051","post","type-post","status-publish","format-standard","has-post-thumbnail","hentry","category-chismorreo","entry"],"_links":{"self":[{"href":"http:\/\/revistalaneta.com.mx\/index.php?rest_route=\/wp\/v2\/posts\/15051","targetHints":{"allow":["GET"]}}],"collection":[{"href":"http:\/\/revistalaneta.com.mx\/index.php?rest_route=\/wp\/v2\/posts"}],"about":[{"href":"http:\/\/revistalaneta.com.mx\/index.php?rest_route=\/wp\/v2\/types\/post"}],"author":[{"embeddable":true,"href":"http:\/\/revistalaneta.com.mx\/index.php?rest_route=\/wp\/v2\/users\/1"}],"replies":[{"embeddable":true,"href":"http:\/\/revistalaneta.com.mx\/index.php?rest_route=%2Fwp%2Fv2%2Fcomments&post=15051"}],"version-history":[{"count":1,"href":"http:\/\/revistalaneta.com.mx\/index.php?rest_route=\/wp\/v2\/posts\/15051\/revisions"}],"predecessor-version":[{"id":15052,"href":"http:\/\/revistalaneta.com.mx\/index.php?rest_route=\/wp\/v2\/posts\/15051\/revisions\/15052"}],"wp:featuredmedia":[{"embeddable":true,"href":"http:\/\/revistalaneta.com.mx\/index.php?rest_route=\/wp\/v2\/media\/15050"}],"wp:attachment":[{"href":"http:\/\/revistalaneta.com.mx\/index.php?rest_route=%2Fwp%2Fv2%2Fmedia&parent=15051"}],"wp:term":[{"taxonomy":"category","embeddable":true,"href":"http:\/\/revistalaneta.com.mx\/index.php?rest_route=%2Fwp%2Fv2%2Fcategories&post=15051"},{"taxonomy":"post_tag","embeddable":true,"href":"http:\/\/revistalaneta.com.mx\/index.php?rest_route=%2Fwp%2Fv2%2Ftags&post=15051"}],"curies":[{"name":"wp","href":"https:\/\/api.w.org\/{rel}","templated":true}]}}