{"id":15059,"date":"2024-12-07T15:21:52","date_gmt":"2024-12-07T15:21:52","guid":{"rendered":"http:\/\/revistalaneta.com.mx\/?p=15059"},"modified":"2024-12-07T15:22:15","modified_gmt":"2024-12-07T15:22:15","slug":"convoca-gobierno-municipal-a-participar-en-desfile-navideno","status":"publish","type":"post","link":"http:\/\/revistalaneta.com.mx\/?p=15059","title":{"rendered":"Convoca Gobierno Municipal a participar en Desfile Navide\u00f1o"},"content":{"rendered":"\n<p><\/p>\n\n\n\n<p>Nuevo Laredo, Tamps.- El Gobierno Municipal de Nuevo Laredo invita a todas las familias a disfrutar del tradicional Desfile Navide\u00f1o 2024 programado para el pr\u00f3ximo s\u00e1bado 14 de diciembre a partir de las 6:00 de la tarde.<\/p>\n\n\n\n<p>De igual forma, la Direcci\u00f3n de Turismo, convoc\u00f3 a instituciones, organismos civiles e instituciones educativas que deseen participar, a que se inscriban para formar parte del contingente que recorrer\u00e1 las calles principales de la ciudad.<\/p>\n\n\n\n<p>Las personas que deseen desfilar, pueden inscribirse en el siguiente enlace: https:\/\/boletopolis.com\/es\/evento\/33343\/funcion\/216920.<\/p>\n\n\n\n<p>El recorrido del desfile llevar\u00e1 el esp\u00edritu festivo a las calles de la ciudad, partiendo de Reforma y 15 de septiembre y pasando por las principales avenidas, donde las familias podr\u00e1n disfrutar del contingente.<\/p>\n\n\n\n<p>Para esta edici\u00f3n 2024, la Direcci\u00f3n de Turismo, dise\u00f1\u00f3 una ruta m\u00e1s optimizada que recorrer\u00e1 las siguientes calles:<\/p>\n\n\n\n<p>Reforma hasta Paseo Col\u00f3n.<\/p>\n\n\n\n<p>Ruiz Cortines rumbo al Parque Viveros.<\/p>\n\n\n\n<p>Calle Chimalpopoca hasta Justo Sierra.<\/p>\n\n\n\n<p>Per\u00fa rumbo al poniente, llegando a la Guerrero hacia el sur.<\/p>\n\n\n\n<p>Culminar\u00e1 nuevamente en Reforma y 15 de septiembre.<\/p>\n","protected":false},"excerpt":{"rendered":"<p>Nuevo Laredo, Tamps.- El Gobierno Municipal de Nuevo Laredo invita a todas las familias a disfrutar del tradicional Desfile Navide\u00f1o 2024 programado para el pr\u00f3ximo s\u00e1bado 14 de diciembre a &hellip; <a href=\"http:\/\/revistalaneta.com.mx\/?p=15059\" class=\"more-link\">Leer m\u00e1s<\/a><\/p>\n","protected":false},"author":1,"featured_media":15058,"comment_status":"open","ping_status":"open","sticky":false,"template":"","format":"standard","meta":{"footnotes":""},"categories":[4],"tags":[],"class_list":["post-15059","post","type-post","status-publish","format-standard","has-post-thumbnail","hentry","category-nuevo-laredo","entry"],"_links":{"self":[{"href":"http:\/\/revistalaneta.com.mx\/index.php?rest_route=\/wp\/v2\/posts\/15059","targetHints":{"allow":["GET"]}}],"collection":[{"href":"http:\/\/revistalaneta.com.mx\/index.php?rest_route=\/wp\/v2\/posts"}],"about":[{"href":"http:\/\/revistalaneta.com.mx\/index.php?rest_route=\/wp\/v2\/types\/post"}],"author":[{"embeddable":true,"href":"http:\/\/revistalaneta.com.mx\/index.php?rest_route=\/wp\/v2\/users\/1"}],"replies":[{"embeddable":true,"href":"http:\/\/revistalaneta.com.mx\/index.php?rest_route=%2Fwp%2Fv2%2Fcomments&post=15059"}],"version-history":[{"count":1,"href":"http:\/\/revistalaneta.com.mx\/index.php?rest_route=\/wp\/v2\/posts\/15059\/revisions"}],"predecessor-version":[{"id":15060,"href":"http:\/\/revistalaneta.com.mx\/index.php?rest_route=\/wp\/v2\/posts\/15059\/revisions\/15060"}],"wp:featuredmedia":[{"embeddable":true,"href":"http:\/\/revistalaneta.com.mx\/index.php?rest_route=\/wp\/v2\/media\/15058"}],"wp:attachment":[{"href":"http:\/\/revistalaneta.com.mx\/index.php?rest_route=%2Fwp%2Fv2%2Fmedia&parent=15059"}],"wp:term":[{"taxonomy":"category","embeddable":true,"href":"http:\/\/revistalaneta.com.mx\/index.php?rest_route=%2Fwp%2Fv2%2Fcategories&post=15059"},{"taxonomy":"post_tag","embeddable":true,"href":"http:\/\/revistalaneta.com.mx\/index.php?rest_route=%2Fwp%2Fv2%2Ftags&post=15059"}],"curies":[{"name":"wp","href":"https:\/\/api.w.org\/{rel}","templated":true}]}}