{"id":15065,"date":"2024-12-07T15:27:44","date_gmt":"2024-12-07T15:27:44","guid":{"rendered":"http:\/\/revistalaneta.com.mx\/?p=15065"},"modified":"2024-12-07T15:28:01","modified_gmt":"2024-12-07T15:28:01","slug":"invita-turismo-a-disfrutar-una-serie-de-eventos-este-fin-de-semana","status":"publish","type":"post","link":"http:\/\/revistalaneta.com.mx\/?p=15065","title":{"rendered":"Invita Turismo a disfrutar una serie de eventos este fin de semana"},"content":{"rendered":"\n<p><\/p>\n\n\n\n<p>Nuevo Laredo, Tamps.- Despu\u00e9s de una d\u00e9cada de ausencia se llevar\u00e1 a cabo la tradicional Carrera de Meseros en Nuevo Laredo este viernes 6 de diciembre en la Plaza Hidalgo, el disparo de salida ser\u00e1 a las 10 de la ma\u00f1ana, se registraron m\u00e1s de 60 meseros de la localidad.<\/p>\n\n\n\n<p>Maribel Garza Gonz\u00e1lez, directora de Turismo, se\u00f1al\u00f3 que fue buena la respuesta de los trabajadores del sector restaurantero y muchos de ellos buscan llevarse el primer lugar de su categor\u00eda.<\/p>\n\n\n\n<p>\u201cInvitamos a todo el p\u00fablico, a las familias a que vengan a echarle porras a su mesero preferido. Ese mismo d\u00eda seguiremos con actividades, tendremos el encendido del \u00e1rbol navide\u00f1o en la Plaza Ju\u00e1rez y concluir\u00e1 con Viernes de Danz\u00f3n, en el Parque Viveros dentro del Viveros M\u00e1gico\u201d, manifest\u00f3 Garza Gonz\u00e1lez.<\/p>\n\n\n\n<p>La bolsa econ\u00f3mica a repartir en premios es de 18 mil pesos para los tres primeros lugares, las categor\u00edas son ; de 18 a 39 a\u00f1os, de 40 a 59 a\u00f1os y de 60 a\u00f1os y m\u00e1s.<\/p>\n\n\n\n<p>Lo que distingue a esta carrera es la velocidad de los meseros, la capacidad de mantener y llegar con el mayor n\u00fameros de art\u00edculos en la charola y lograrlo en el menor tiempo posible.<\/p>\n\n\n\n<p>INVITAN AL ENCENDIDO DEL PINO COCA COLA<\/p>\n\n\n\n<p>Ese mismo d\u00eda, el viernes 6, a las 6:00 de la tarde en conjunto con la empresa Coca Cola, se realizar\u00e1 el encendido del pino en la Plaza Ju\u00e1rez, se invita a las familias neolaredenses a disfrutar de n\u00fameros art\u00edsticos navide\u00f1os.<\/p>\n\n\n\n<p>La titular de Turismo agreg\u00f3 que para cerrar con broche de oro, habr\u00e1 una edici\u00f3n m\u00e1s de Viernes de Danz\u00f3n en el Viveros M\u00e1gico, ubicado en el interior del Parque Viveros en punto de las 7:00 de la tarde.<\/p>\n","protected":false},"excerpt":{"rendered":"<p>Nuevo Laredo, Tamps.- Despu\u00e9s de una d\u00e9cada de ausencia se llevar\u00e1 a cabo la tradicional Carrera de Meseros en Nuevo Laredo este viernes 6 de diciembre en la Plaza Hidalgo, &hellip; <a href=\"http:\/\/revistalaneta.com.mx\/?p=15065\" class=\"more-link\">Leer m\u00e1s<\/a><\/p>\n","protected":false},"author":1,"featured_media":15064,"comment_status":"open","ping_status":"open","sticky":false,"template":"","format":"standard","meta":{"footnotes":""},"categories":[4],"tags":[],"class_list":["post-15065","post","type-post","status-publish","format-standard","has-post-thumbnail","hentry","category-nuevo-laredo","entry"],"_links":{"self":[{"href":"http:\/\/revistalaneta.com.mx\/index.php?rest_route=\/wp\/v2\/posts\/15065","targetHints":{"allow":["GET"]}}],"collection":[{"href":"http:\/\/revistalaneta.com.mx\/index.php?rest_route=\/wp\/v2\/posts"}],"about":[{"href":"http:\/\/revistalaneta.com.mx\/index.php?rest_route=\/wp\/v2\/types\/post"}],"author":[{"embeddable":true,"href":"http:\/\/revistalaneta.com.mx\/index.php?rest_route=\/wp\/v2\/users\/1"}],"replies":[{"embeddable":true,"href":"http:\/\/revistalaneta.com.mx\/index.php?rest_route=%2Fwp%2Fv2%2Fcomments&post=15065"}],"version-history":[{"count":1,"href":"http:\/\/revistalaneta.com.mx\/index.php?rest_route=\/wp\/v2\/posts\/15065\/revisions"}],"predecessor-version":[{"id":15066,"href":"http:\/\/revistalaneta.com.mx\/index.php?rest_route=\/wp\/v2\/posts\/15065\/revisions\/15066"}],"wp:featuredmedia":[{"embeddable":true,"href":"http:\/\/revistalaneta.com.mx\/index.php?rest_route=\/wp\/v2\/media\/15064"}],"wp:attachment":[{"href":"http:\/\/revistalaneta.com.mx\/index.php?rest_route=%2Fwp%2Fv2%2Fmedia&parent=15065"}],"wp:term":[{"taxonomy":"category","embeddable":true,"href":"http:\/\/revistalaneta.com.mx\/index.php?rest_route=%2Fwp%2Fv2%2Fcategories&post=15065"},{"taxonomy":"post_tag","embeddable":true,"href":"http:\/\/revistalaneta.com.mx\/index.php?rest_route=%2Fwp%2Fv2%2Ftags&post=15065"}],"curies":[{"name":"wp","href":"https:\/\/api.w.org\/{rel}","templated":true}]}}