{"id":15068,"date":"2024-12-07T15:29:36","date_gmt":"2024-12-07T15:29:36","guid":{"rendered":"http:\/\/revistalaneta.com.mx\/?p=15068"},"modified":"2024-12-07T15:29:57","modified_gmt":"2024-12-07T15:29:57","slug":"destaca-universidad-tecnologica-de-tamaulipas-norte-como-una-institucion-inclusiva","status":"publish","type":"post","link":"http:\/\/revistalaneta.com.mx\/?p=15068","title":{"rendered":"Destaca Universidad Tecnol\u00f3gica de Tamaulipas Norte como una instituci\u00f3n inclusiva"},"content":{"rendered":"\n<p><\/p>\n\n\n\n<p><\/p>\n\n\n\n<p>Reynosa, Tamaulipas. \u2013 La Universidad Tecnol\u00f3gica de Tamaulipas Norte (UTTN), recibi\u00f3 el distintivo DIISTINGUEUT 2024 en su primera edici\u00f3n, que entreg\u00f3 la Universidad Tecnol\u00f3gica de Santa Catarina, por destacar como una universidad inclusiva en Tamaulipas.<\/p>\n\n\n\n<p>El rector de la UTTN, Edgar Garza Hern\u00e1ndez, se\u00f1al\u00f3 que este reconocimiento fue otorgado en el marco del 25 Aniversario de la Universidad Tecnol\u00f3gica de Santa Catarina y del 20 Aniversario de la implementaci\u00f3n de su Modelo de Inclusi\u00f3n Universitaria.<\/p>\n\n\n\n<p>Explic\u00f3 que la entrega de este distintivo tiene como objetivo reconocer a centros de trabajo, empresas, instituciones y organizaciones del sector p\u00fablico y privado que, a trav\u00e9s de sus pr\u00e1cticas y acciones, promueven la inclusi\u00f3n, la no discriminaci\u00f3n y las oportunidades de desarrollo social, educativo y laboral para grupos de atenci\u00f3n prioritaria como personas con discapacidad, personas migrantes, poblaci\u00f3n ind\u00edgena y la comunidad LGBTTTIQ+, como lo hace la UTTN.<\/p>\n\n\n\n<p>Garza Hern\u00e1ndez explic\u00f3 que desde hace 11 a\u00f1os la universidad implement\u00f3 el Programa de Inclusi\u00f3n y Equidad Educativa, siendo la primera instituci\u00f3n superior en hacerlo en Tamaulipas.<\/p>\n\n\n\n<p>\u201cSu infraestructura est\u00e1 dise\u00f1ada para atender a cualquier persona con discapacidad, como puertas autom\u00e1ticas en el acceso de sus edificios, pedestales con se\u00f1al\u00e9tica accesible; en el que se incluyen informaci\u00f3n en texto para el p\u00fablico en general, en braille para personas con discapacidad visual y un c\u00f3digo QR para usarse con aparatos inteligentes\u201d, precis\u00f3.<\/p>\n\n\n\n<p>Dijo que adem\u00e1s, cuenta con un int\u00e9rprete de Lengua de Se\u00f1as Mexicana, gu\u00edas podot\u00e1ctiles y barandales en todos los pasillos, rampas de acceso y estacionamiento que facilitan el traslado por todo el campus a personas con discapacidad motriz, as\u00ed como ba\u00f1os accesibles en todas las instalaciones.<\/p>\n\n\n\n<p>La universidad tambi\u00e9n tiene equipo t\u00e9cnico y tecnol\u00f3gico especializado, desde materiales braille y computadoras con software lector de pantalla, atendiendo actualmente a 67 alumnos con diferentes discapacidades del total de su matr\u00edcula y 12 personas con discapacidad que forman parte del personal acad\u00e9mico y administrativo.<\/p>\n\n\n\n<p>En representaci\u00f3n de la UTTN recibieron este reconocimiento la directora de la carrera de Administraci\u00f3n y Log\u00edstica Internacional, Mar\u00eda Soledad Oca\u00f1as Mart\u00ednez; el coordinador del Departamento de Inclusi\u00f3n y Equidad Educativa, Rub\u00e9n David Soto Z\u00e1rate y la int\u00e9rprete en Lengua de Se\u00f1as Mexicana, Sol Karina Soto Batalla.<\/p>\n\n\n\n<p>El rector de la Universidad apunt\u00f3 que este logro reafirma el compromiso de la UTTN con la construcci\u00f3n de una comunidad inclusiva y equitativa, fortaleciendo su perspectiva de garantizar la igualdad de oportunidades y el respeto a la diversidad en todos los \u00e1mbitos, logro que se da gracias al apoyo y a la visi\u00f3n educativa que impulsa del gobernador Am\u00e9rico Villarreal Anaya, a trav\u00e9s de la Secretar\u00eda de Educaci\u00f3n que dirige Luc\u00eda Aim\u00e9 Castillo Pastor.<code> * * *<\/code><\/p>\n","protected":false},"excerpt":{"rendered":"<p>Reynosa, Tamaulipas. \u2013 La Universidad Tecnol\u00f3gica de Tamaulipas Norte (UTTN), recibi\u00f3 el distintivo DIISTINGUEUT 2024 en su primera edici\u00f3n, que entreg\u00f3 la Universidad Tecnol\u00f3gica de Santa Catarina, por destacar como &hellip; <a href=\"http:\/\/revistalaneta.com.mx\/?p=15068\" class=\"more-link\">Leer m\u00e1s<\/a><\/p>\n","protected":false},"author":1,"featured_media":15067,"comment_status":"open","ping_status":"open","sticky":false,"template":"","format":"standard","meta":{"footnotes":""},"categories":[7],"tags":[],"class_list":["post-15068","post","type-post","status-publish","format-standard","has-post-thumbnail","hentry","category-ciudad-victoria","entry"],"_links":{"self":[{"href":"http:\/\/revistalaneta.com.mx\/index.php?rest_route=\/wp\/v2\/posts\/15068","targetHints":{"allow":["GET"]}}],"collection":[{"href":"http:\/\/revistalaneta.com.mx\/index.php?rest_route=\/wp\/v2\/posts"}],"about":[{"href":"http:\/\/revistalaneta.com.mx\/index.php?rest_route=\/wp\/v2\/types\/post"}],"author":[{"embeddable":true,"href":"http:\/\/revistalaneta.com.mx\/index.php?rest_route=\/wp\/v2\/users\/1"}],"replies":[{"embeddable":true,"href":"http:\/\/revistalaneta.com.mx\/index.php?rest_route=%2Fwp%2Fv2%2Fcomments&post=15068"}],"version-history":[{"count":1,"href":"http:\/\/revistalaneta.com.mx\/index.php?rest_route=\/wp\/v2\/posts\/15068\/revisions"}],"predecessor-version":[{"id":15069,"href":"http:\/\/revistalaneta.com.mx\/index.php?rest_route=\/wp\/v2\/posts\/15068\/revisions\/15069"}],"wp:featuredmedia":[{"embeddable":true,"href":"http:\/\/revistalaneta.com.mx\/index.php?rest_route=\/wp\/v2\/media\/15067"}],"wp:attachment":[{"href":"http:\/\/revistalaneta.com.mx\/index.php?rest_route=%2Fwp%2Fv2%2Fmedia&parent=15068"}],"wp:term":[{"taxonomy":"category","embeddable":true,"href":"http:\/\/revistalaneta.com.mx\/index.php?rest_route=%2Fwp%2Fv2%2Fcategories&post=15068"},{"taxonomy":"post_tag","embeddable":true,"href":"http:\/\/revistalaneta.com.mx\/index.php?rest_route=%2Fwp%2Fv2%2Ftags&post=15068"}],"curies":[{"name":"wp","href":"https:\/\/api.w.org\/{rel}","templated":true}]}}