{"id":15083,"date":"2024-12-08T00:03:03","date_gmt":"2024-12-08T00:03:03","guid":{"rendered":"http:\/\/revistalaneta.com.mx\/?p=15083"},"modified":"2024-12-08T00:03:23","modified_gmt":"2024-12-08T00:03:23","slug":"fomenta-desarrollo-rural-cuidado-del-medio-ambiente-con-la-donacion-de-2-mil-arboles","status":"publish","type":"post","link":"http:\/\/revistalaneta.com.mx\/?p=15083","title":{"rendered":"Fomenta Desarrollo Rural cuidado del medio ambiente con la donaci\u00f3n de 2 mil \u00e1rboles"},"content":{"rendered":"\n<p><\/p>\n\n\n\n<p><\/p>\n\n\n\n<p>Soto la Marina, Tamaulipas. \u2013La Secretar\u00eda de Desarrollo Rural, Pesca y Acuacultura en coordinaci\u00f3n con el ayuntamiento de Soto la Marina y la Unidad Ejecutiva de la Secretar\u00eda de Educaci\u00f3n, realiz\u00f3 la donaci\u00f3n de 2 mil \u00e1rboles, que ser\u00e1n plantadas en m\u00e1s de 70 instituciones educativas de los todos los niveles del municipio de Soto la Marina, como parte de la Jornada de reforestaci\u00f3n para preservar el cuidado del medio ambiente.<\/p>\n\n\n\n<p>Celene Ram\u00edrez Garc\u00eda, directora de Fomento Forestal, quien asisti\u00f3 en representaci\u00f3n de Antonio Varela Flores, titular de la dependencia estatal, destac\u00f3 que con este tipo de acciones se busca fomentar la participaci\u00f3n comunitaria escolar, brindando a las y los estudiantes, la oportunidad de aprender sobre la importancia de los \u00e1rboles, destacando sus principales beneficios, purificaci\u00f3n del aire, conservaci\u00f3n del suelo, protecci\u00f3n de la biodiversidad y mitigaci\u00f3n del cambio clim\u00e1tico.<\/p>\n\n\n\n<p>\u201cCon este tipo de programa estamos atendiendo la instrucci\u00f3n del gobernador, Am\u00e9rico Villarreal Anaya, que es contribuir a la regeneraci\u00f3n del medio ambiente, restaurar ecosistemas, mitigar el cambio clim\u00e1tico. Tambi\u00e9n son una excelente oportunidad para sensibilizar a la comunidad sobre la importancia de la conservaci\u00f3n de los recursos naturales\u201d, coment\u00f3 Celene Ram\u00edrez.<\/p>\n\n\n\n<p>Durante la jornada de reforestaci\u00f3n estuvieron presentes, Glynnis Georgina Jim\u00e9nez V\u00e1squez, presidenta municipal de Soto la Marina; Hugo Armando Fonseca Reyes, titular de Unidad Ejecutiva de la Secretar\u00eda de Educaci\u00f3n; Gustavo Pe\u00f1a Mart\u00ednez, director de Participaci\u00f3n Social; Jos\u00e9 Fernando Huerta Palomo, director de Fomento a la Cultura y Medio Ambiente del Instituto de la Juventud de Tamaulipas, y Leonel C\u00f3rdoba Montes, director del CBTa 271.<code> * * *<\/code><\/p>\n","protected":false},"excerpt":{"rendered":"<p>Soto la Marina, Tamaulipas. \u2013La Secretar\u00eda de Desarrollo Rural, Pesca y Acuacultura en coordinaci\u00f3n con el ayuntamiento de Soto la Marina y la Unidad Ejecutiva de la Secretar\u00eda de Educaci\u00f3n, &hellip; <a href=\"http:\/\/revistalaneta.com.mx\/?p=15083\" class=\"more-link\">Leer m\u00e1s<\/a><\/p>\n","protected":false},"author":1,"featured_media":15082,"comment_status":"open","ping_status":"open","sticky":false,"template":"","format":"standard","meta":{"footnotes":""},"categories":[7],"tags":[],"class_list":["post-15083","post","type-post","status-publish","format-standard","has-post-thumbnail","hentry","category-ciudad-victoria","entry"],"_links":{"self":[{"href":"http:\/\/revistalaneta.com.mx\/index.php?rest_route=\/wp\/v2\/posts\/15083","targetHints":{"allow":["GET"]}}],"collection":[{"href":"http:\/\/revistalaneta.com.mx\/index.php?rest_route=\/wp\/v2\/posts"}],"about":[{"href":"http:\/\/revistalaneta.com.mx\/index.php?rest_route=\/wp\/v2\/types\/post"}],"author":[{"embeddable":true,"href":"http:\/\/revistalaneta.com.mx\/index.php?rest_route=\/wp\/v2\/users\/1"}],"replies":[{"embeddable":true,"href":"http:\/\/revistalaneta.com.mx\/index.php?rest_route=%2Fwp%2Fv2%2Fcomments&post=15083"}],"version-history":[{"count":1,"href":"http:\/\/revistalaneta.com.mx\/index.php?rest_route=\/wp\/v2\/posts\/15083\/revisions"}],"predecessor-version":[{"id":15084,"href":"http:\/\/revistalaneta.com.mx\/index.php?rest_route=\/wp\/v2\/posts\/15083\/revisions\/15084"}],"wp:featuredmedia":[{"embeddable":true,"href":"http:\/\/revistalaneta.com.mx\/index.php?rest_route=\/wp\/v2\/media\/15082"}],"wp:attachment":[{"href":"http:\/\/revistalaneta.com.mx\/index.php?rest_route=%2Fwp%2Fv2%2Fmedia&parent=15083"}],"wp:term":[{"taxonomy":"category","embeddable":true,"href":"http:\/\/revistalaneta.com.mx\/index.php?rest_route=%2Fwp%2Fv2%2Fcategories&post=15083"},{"taxonomy":"post_tag","embeddable":true,"href":"http:\/\/revistalaneta.com.mx\/index.php?rest_route=%2Fwp%2Fv2%2Ftags&post=15083"}],"curies":[{"name":"wp","href":"https:\/\/api.w.org\/{rel}","templated":true}]}}