{"id":15098,"date":"2024-12-08T13:57:54","date_gmt":"2024-12-08T13:57:54","guid":{"rendered":"http:\/\/revistalaneta.com.mx\/?p=15098"},"modified":"2024-12-08T13:58:16","modified_gmt":"2024-12-08T13:58:16","slug":"viene-barco-con-nuevo-espacio-de-sala-de-lectura-y-eventos-navidenos","status":"publish","type":"post","link":"http:\/\/revistalaneta.com.mx\/?p=15098","title":{"rendered":"Viene \u201cBARCO\u201d con nuevo espacio de sala de lectura y eventos navide\u00f1os"},"content":{"rendered":"\n<p><\/p>\n\n\n\n<ul class=\"wp-block-list\">\n<li>Presentar\u00e1n la obra musical \u201cLa \u00faltima Navidad\u201d e inaugurar\u00e1n la sala de lectura del espacio cultural dedicado a ni\u00f1as y ni\u00f1os<\/li>\n<\/ul>\n\n\n\n<p><\/p>\n\n\n\n<p>Tampico, Tamaulipas.\u2013 Para continuar con el impulso que el gobierno de Am\u00e9rico Villarreal Anaya brinda al pleno desarrollo de las infancias, el Centro Cultural BARCO, en el sur del estado, presentar\u00e1 una serie de eventos navide\u00f1os para toda la familia durante la temporada decembrina, iniciando hoy viernes 6 de diciembre.<\/p>\n\n\n\n<p>Magda Arg\u00fcello Gonz\u00e1lez, encargada del despacho de Direcci\u00f3n de BARCO, inform\u00f3 que se trata del musical \u201cLa \u00faltima Navidad\u201d, presentado por la agrupaci\u00f3n Sed de Clown y La Ruta de Santa Claus, a las 6:00 de la tarde. Es un espect\u00e1culo teatral inspirado en llevar a las familias toda la magia de esta \u00e9poca, donde, sin duda, las ni\u00f1as y los ni\u00f1os pasar\u00e1n momentos inolvidables. El montaje est\u00e1 dirigido por Paul Olgu\u00edn y producido por David Castillo.<\/p>\n\n\n\n<p>Incluida en el recorrido del museo para las y los visitantes, la obra musical ser\u00e1 presentada gracias a la Secretar\u00eda de Bienestar Social de Tamaulipas y el Instituto Tamaulipeco para la Cultura y las Artes. La historia narra c\u00f3mo Gael, un ni\u00f1o, descubre el verdadero significado de la Navidad con la ayuda de divertidos personajes con los que los espectadores podr\u00e1n interactuar.<\/p>\n\n\n\n<p>ABRIR\u00c1N SALA DE LECTURA Y LUDOTECA<\/p>\n\n\n\n<p>Aprovechando la ocasi\u00f3n especial, el equipo del recinto dar\u00e1 a conocer ma\u00f1ana su nueva sala de lectura y ludoteca, la cual estar\u00e1 disponible a partir de este fin de semana para el p\u00fablico en general.<\/p>\n\n\n\n<p>\u201cEl Rinc\u00f3n M\u00e1gico es un espacio dentro de BARCO que busca fomentar el desarrollo integral de las infancias mediante la promoci\u00f3n de la lectura y actividades de estimulaci\u00f3n temprana, en un entorno cultural y educativo\u201d, explic\u00f3 Arg\u00fcello Gonz\u00e1lez.<\/p>\n\n\n\n<p>La nueva \u00e1rea est\u00e1 dise\u00f1ada para ni\u00f1as y ni\u00f1os de 0 a 12 a\u00f1os. Contar\u00e1 con una zona de lectura con libros adaptados a cada edad y un \u00e1rea sensorial de estimulaci\u00f3n temprana, dise\u00f1ada para desarrollar habilidades motrices, cognitivas y de lenguaje mediante juegos interactivos.<\/p>\n\n\n\n<p>El Museo BARCO est\u00e1 ubicado en Boulevard Emilio Portes Gil #3202, en la colonia Obrera de Tampico, con un horario de martes a domingo, de 10:00 de la ma\u00f1ana a las 18:00 horas.<code> * * *<\/code><\/p>\n","protected":false},"excerpt":{"rendered":"<p>Tampico, Tamaulipas.\u2013 Para continuar con el impulso que el gobierno de Am\u00e9rico Villarreal Anaya brinda al pleno desarrollo de las infancias, el Centro Cultural BARCO, en el sur del estado, &hellip; <a href=\"http:\/\/revistalaneta.com.mx\/?p=15098\" class=\"more-link\">Leer m\u00e1s<\/a><\/p>\n","protected":false},"author":1,"featured_media":15097,"comment_status":"open","ping_status":"open","sticky":false,"template":"","format":"standard","meta":{"footnotes":""},"categories":[7],"tags":[],"class_list":["post-15098","post","type-post","status-publish","format-standard","has-post-thumbnail","hentry","category-ciudad-victoria","entry"],"_links":{"self":[{"href":"http:\/\/revistalaneta.com.mx\/index.php?rest_route=\/wp\/v2\/posts\/15098","targetHints":{"allow":["GET"]}}],"collection":[{"href":"http:\/\/revistalaneta.com.mx\/index.php?rest_route=\/wp\/v2\/posts"}],"about":[{"href":"http:\/\/revistalaneta.com.mx\/index.php?rest_route=\/wp\/v2\/types\/post"}],"author":[{"embeddable":true,"href":"http:\/\/revistalaneta.com.mx\/index.php?rest_route=\/wp\/v2\/users\/1"}],"replies":[{"embeddable":true,"href":"http:\/\/revistalaneta.com.mx\/index.php?rest_route=%2Fwp%2Fv2%2Fcomments&post=15098"}],"version-history":[{"count":1,"href":"http:\/\/revistalaneta.com.mx\/index.php?rest_route=\/wp\/v2\/posts\/15098\/revisions"}],"predecessor-version":[{"id":15099,"href":"http:\/\/revistalaneta.com.mx\/index.php?rest_route=\/wp\/v2\/posts\/15098\/revisions\/15099"}],"wp:featuredmedia":[{"embeddable":true,"href":"http:\/\/revistalaneta.com.mx\/index.php?rest_route=\/wp\/v2\/media\/15097"}],"wp:attachment":[{"href":"http:\/\/revistalaneta.com.mx\/index.php?rest_route=%2Fwp%2Fv2%2Fmedia&parent=15098"}],"wp:term":[{"taxonomy":"category","embeddable":true,"href":"http:\/\/revistalaneta.com.mx\/index.php?rest_route=%2Fwp%2Fv2%2Fcategories&post=15098"},{"taxonomy":"post_tag","embeddable":true,"href":"http:\/\/revistalaneta.com.mx\/index.php?rest_route=%2Fwp%2Fv2%2Ftags&post=15098"}],"curies":[{"name":"wp","href":"https:\/\/api.w.org\/{rel}","templated":true}]}}