{"id":15143,"date":"2024-12-09T16:56:20","date_gmt":"2024-12-09T16:56:20","guid":{"rendered":"http:\/\/revistalaneta.com.mx\/?p=15143"},"modified":"2024-12-09T16:56:54","modified_gmt":"2024-12-09T16:56:54","slug":"legalizaran-el-adjetivo-de-presidenta","status":"publish","type":"post","link":"http:\/\/revistalaneta.com.mx\/?p=15143","title":{"rendered":"LEGALIZAR\u00c1N EL ADJETIVO DE \u201cPRESIDENTA\u201d"},"content":{"rendered":"\n<p><br>La senadora tamaulipeca, Olga Sosa Ruiz, est\u00e1 impulsando una iniciativa ante el Senado de la Rep\u00fablica para que se reconozca la figura de la presidenta de M\u00e9xico con \u201cA\u201d en la Constituci\u00f3n Pol\u00edtica de los Estados Unidos Mexicanos, y as\u00ed se aplique la igualdad de g\u00e9nero en toda su extensi\u00f3n de la palabra. El objetivo es que en lo sucesivo sea legal que se nombre a Claudia Sheinbaum Pardo como presidenta, y no presidente, que es como se establece en la Constituci\u00f3n. Para ello habr\u00e1 cambios en la Carta Magna, lo que no s\u00f3lo significa un acto de justicia hist\u00f3rica, sino un logro trascendental para la igualdad sustantiva en el pa\u00eds. Cabe se\u00f1alar que tras 200 a\u00f1os de historia de M\u00e9xico, y 65 presidentes varones, por primera vez lleg\u00f3 una mujer al poder, y justo es que se le nombre presidenta, y esa es justamente la propuesta de la senadora tamaulipeca. Y bueno es claro que la propuesta de la senadora Sosa Ruiz destaca el papel de Tamaulipas en avances sociales y legislativos, gracias al liderazgo humanista y visionario del gobernador Am\u00e9rico Villarreal Anaya.<\/p>\n\n\n\n<p>VIENE INTENSA CAMPA\u00d1A DE VACUNACI\u00d3N<br \/>Del 13 al 18 de diciembre se llevar\u00e1 a cabo en todo Tamaulipas la Jornada Estatal Intensiva de Vacunaci\u00f3n, con la aplicaci\u00f3n de todos los biol\u00f3gicos que marca la cartilla de vacunaci\u00f3n, y poni\u00e9ndose mucho \u00e9nfasis en la inmunizaci\u00f3n contra la influenza, COVID-19, neumococo y VPH. Al respecto el secretario de Salud de Tamaulipas, Vicente Joel Hern\u00e1ndez Navarro, inform\u00f3 que se instalaran puestos de vacunaci\u00f3n en sitios p\u00fablicos concurridos, as\u00ed como tambi\u00e9n se efectuar\u00e1n visitas casa por casa, y de igual manera a los planteles educativos antes de que inicie el periodo vacacional, adem\u00e1s que se mantendr\u00e1n abiertas las \u00e1reas de vacunaci\u00f3n de las unidades de salud durante el resto del a\u00f1o, todo a fin de que la ciudadan\u00eda aproveche este beneficio.<\/p>\n\n\n\n<p>SINCRONIZACI\u00d3N DE SEM\u00c1FOROS<br \/>Una mejor sincronizaci\u00f3n de sem\u00e1foros se requiere en la Carretera Aeropuerto de Nuevo Laredo, sobre todo en el tramo de Iglesias Calder\u00f3n a Popocat\u00e9petl, ya que en las horas pico, que se dan entre las 06:30 a las 08:00 hora y de las 17:00 a las 19:00 horas se genera mucho congestionamiento vial en ese gran tramo, y todo porque los escasos sem\u00e1foros no est\u00e1n debidamente sincronizados, y sobre todo no se da suficiente tiempo para el desfogue vehicular de tan transitado camino, es decir cambia muy r\u00e1pido de luz verde a roja, y no avanza mucho la fila, sobre todo cuando los camiones de carga tardan mucho en moverse. A ver si se puede hacer algo al respecto.<\/p>\n\n\n\n<p>SE BENEFICIAN RESTAURANTEROS DE CONVIVIOS PRENAVIDE\u00d1OS<br \/>Por los convivios prenavide\u00f1os y dem\u00e1s disimulos de la temporada, los restaurantes de Nuevo Laredo est\u00e1n registrando una buena afluencia de comensales en este inicio de mes. Y es que muchos est\u00e1n aprovechando para realizar sus reuniones en los negocios del ramo gastron\u00f3mico, y pasar un rato de convivencia, aunque despu\u00e9s se anden peleando en el trabajo. Pero bueno, ya sabemos c\u00f3mo es esto, aqu\u00ed lo importante es que est\u00e1 habiendo movimiento econ\u00f3mico y los restauranteros se est\u00e1n viendo beneficiados de ello, as\u00ed que ojal\u00e1 aprovechen para hacerse de recursos, porque luego la mayor parte del a\u00f1o andan llorando de que no tienen clientes, sobre todo aquellos donde imponen a producto de gallina la propina. He dicho.<\/p>\n\n\n\n<p>SIGUEN ADORNANDO LA CIUDAD<br \/>Sigue el Gobierno Municipal de Nuevo Laredo, a trav\u00e9s de la Secretar\u00eda de Servicios P\u00fablicos Primarios instalando adornos navide\u00f1os en diferentes sitios p\u00fablicos de la localidad y este jueves fueron vistas cuadrillas de trabajadores haciendo lo propio en el camell\u00f3n de la avenida Reforma, casi en el crucero con C\u00e9sar L\u00f3pez de Lara, donde se pusieron algunas figuras como renos, estrellas y venados, conmemorativos a la Navidad, y tambi\u00e9n se plantaron flores nochebuenas. La verdad se ve muy bonito, por lo que ojal\u00e1 la ciudadan\u00eda cuide dichos adornos, que representan un atractivo m\u00e1s para la ciudad, a la vez que generan el esp\u00edritu navide\u00f1o.<\/p>\n\n\n\n<p>CAR\u00cdSIMO EL HUEVO<br \/>Por cierto que sigue subiendo el precio del huevo, que es uno de los alimentos principales de la canasta b\u00e1sica de los mexicanos. En los supermercados ya se ofrece a m\u00e1s de 90 pesos la tapa con 30 piezas, por lo que cada huevo viene costando m\u00e1s de tres pesos, siendo que hasta hace dos a\u00f1os val\u00eda 1.50 pesos la pieza. Nada vale que en enero sin duda va a superar con crecer los 100 pesos la tapa, pues como que ya se cit\u00f3, se vienen aumento en todos los productos. Tambi\u00e9n el aceite comestible, el frijol, el az\u00facar y el arroz est\u00e1n cerrando el a\u00f1o con alzas, que se extender\u00e1n todav\u00eda m\u00e1s a inicios del 2025. Lo que nos espera.<\/p>\n\n\n\n<p>CONCRETA ACUERDO LA UAT CON RECONOCIDA ESCUELA ESPA\u00d1OLA<br \/>Bajo el prop\u00f3sito de crear para el pr\u00f3ximo a\u00f1o un Diplomado en Econom\u00eda Social y programas de capacitaci\u00f3n alineados con las pol\u00edticas p\u00fablicas impulsadas tanto a nivel estatal como nacional, y con ello impulsar el ecosistema de emprendimiento social en Tamaulipas, la Universidad Aut\u00f3noma de Tamaulipas (UAT) consolid\u00f3 una colaboraci\u00f3n con la Escuela de Econom\u00eda Social de Osuna, en Andaluc\u00eda, Espa\u00f1a. A trav\u00e9s de un enlace por videoconferencia el rector de la UAT, D\u00e1maso Anaya Alvarado, acord\u00f3 con el director de la Escuela de Econom\u00eda Social de Osuna, Dr. Jos\u00e9 Ariza Reyes, establecer una ruta conjunta para fortalecer esta colaboraci\u00f3n que resalta el compromiso institucional en la formaci\u00f3n de emprendedores sociales en M\u00e9xico, beneficiando a la comunidad universitaria y generando un impacto directo en las comunidades de Tamaulipas. Con este acuerdo se busca consolidar el impulso a las pol\u00edticas p\u00fablicas de emprendimiento social con el fin de promover la creaci\u00f3n de empleo, el desarrollo econ\u00f3mico local y la mejora de la calidad de vida en las zonas rurales y suburbanas.<\/p>\n\n\n\n<p>LO PEN\u00daLTIMO<br \/>A 419.88 pesos ascender\u00e1 el salario m\u00ednimo diario en la frontera a partir del 1 de enero del 2025. Esto representa un aumento de 44.99 pesos con relaci\u00f3n al anterior sueldo, que era de 374.89 pesos. Para el caso del interior del pa\u00eds el salario m\u00ednimo sube de 248.93 a 278.80 pesos diarios. Como se puede notar los trabajadores de la frontera ganan 141.08 pesos m\u00e1s que los del interior del pa\u00eds\u2026 Muy contentos andan los maestros y algunos otros empleados federales y estatales ya que ya les cay\u00f3 el aguinaldo, o al menos una parte de lo que les toca, esto a fin de que puedan realizar con anticipaci\u00f3n sus compras navide\u00f1as\u2026 Y para concluir, y no perder la costumbre, un chascarrillo de humor negro.<\/p>\n\n\n\n<p>\u00a1QUE SUSTO!<br \/>Un se\u00f1or esperando afuera del quir\u00f3fano al doctor que est\u00e1 operando a su esposa, la&nbsp;que acaba de tener un accidente muy fuerte\u2026 Sale el doctor y le dice: \u201clo siento, su esposa quedo muy mal, tuvo falta de oxigenaci\u00f3n en el cerebro por la fractura de cr\u00e1neo y el sangrado, as\u00ed que qued\u00f3 con par\u00e1lisis cerebral y no puede mover nada excepto los ojos, adem\u00e1s, como perdi\u00f3 una pierna va a tener que cargarla constantemente, cambiarla de pa\u00f1ales cuando haga sus necesidades, y para colmo de males: Puede hablar; por lo tanto va a escuchar todo el d\u00eda puras mentadas de madre, ya que la medicina va a alterar el car\u00e1cter en una forma exagerada, no podr\u00e1 usted dejarla ni un momento sola y ser\u00e1 dependiente de usted, por lo tanto se tendr\u00e1 que llevar a su suegra a vivir con usted, para que le ayude los que le resta de vida\u201d.El se\u00f1or est\u00e1 l\u00edvido de la impresi\u00f3n, sudando la gota gorda y casi llorando\u2026 en eso el doctor le dice, al mismo tiempo que golpea su hombro levemente: \u201cNo se crea cabr\u00f3n, estaba jugando\u2026 \u00a1YA SE MURI\u00d3!\u201d.<\/p>\n","protected":false},"excerpt":{"rendered":"<p>La senadora tamaulipeca, Olga Sosa Ruiz, est\u00e1 impulsando una iniciativa ante el Senado de la Rep\u00fablica para que se reconozca la figura de la presidenta de M\u00e9xico con \u201cA\u201d en &hellip; <a href=\"http:\/\/revistalaneta.com.mx\/?p=15143\" class=\"more-link\">Leer m\u00e1s<\/a><\/p>\n","protected":false},"author":1,"featured_media":15142,"comment_status":"open","ping_status":"open","sticky":false,"template":"","format":"standard","meta":{"footnotes":""},"categories":[2,3],"tags":[],"class_list":["post-15143","post","type-post","status-publish","format-standard","has-post-thumbnail","hentry","category-chismorreo","category-opinion","entry"],"_links":{"self":[{"href":"http:\/\/revistalaneta.com.mx\/index.php?rest_route=\/wp\/v2\/posts\/15143","targetHints":{"allow":["GET"]}}],"collection":[{"href":"http:\/\/revistalaneta.com.mx\/index.php?rest_route=\/wp\/v2\/posts"}],"about":[{"href":"http:\/\/revistalaneta.com.mx\/index.php?rest_route=\/wp\/v2\/types\/post"}],"author":[{"embeddable":true,"href":"http:\/\/revistalaneta.com.mx\/index.php?rest_route=\/wp\/v2\/users\/1"}],"replies":[{"embeddable":true,"href":"http:\/\/revistalaneta.com.mx\/index.php?rest_route=%2Fwp%2Fv2%2Fcomments&post=15143"}],"version-history":[{"count":1,"href":"http:\/\/revistalaneta.com.mx\/index.php?rest_route=\/wp\/v2\/posts\/15143\/revisions"}],"predecessor-version":[{"id":15144,"href":"http:\/\/revistalaneta.com.mx\/index.php?rest_route=\/wp\/v2\/posts\/15143\/revisions\/15144"}],"wp:featuredmedia":[{"embeddable":true,"href":"http:\/\/revistalaneta.com.mx\/index.php?rest_route=\/wp\/v2\/media\/15142"}],"wp:attachment":[{"href":"http:\/\/revistalaneta.com.mx\/index.php?rest_route=%2Fwp%2Fv2%2Fmedia&parent=15143"}],"wp:term":[{"taxonomy":"category","embeddable":true,"href":"http:\/\/revistalaneta.com.mx\/index.php?rest_route=%2Fwp%2Fv2%2Fcategories&post=15143"},{"taxonomy":"post_tag","embeddable":true,"href":"http:\/\/revistalaneta.com.mx\/index.php?rest_route=%2Fwp%2Fv2%2Ftags&post=15143"}],"curies":[{"name":"wp","href":"https:\/\/api.w.org\/{rel}","templated":true}]}}