{"id":15164,"date":"2024-12-10T15:09:33","date_gmt":"2024-12-10T15:09:33","guid":{"rendered":"http:\/\/revistalaneta.com.mx\/?p=15164"},"modified":"2024-12-10T15:10:09","modified_gmt":"2024-12-10T15:10:09","slug":"atiende-presidenta-queja-de-imss","status":"publish","type":"post","link":"http:\/\/revistalaneta.com.mx\/?p=15164","title":{"rendered":"ATIENDE PRESIDENTA QUEJA DE IMSS"},"content":{"rendered":"\n<p><br>Durante el evento que la presidenta de M\u00e9xico, Claudia Sheinbaum Pardo tuvo el pasado domingo en el Polyforum La Fe, un grupo de trabajadores del IMSS se hizo presente con pancartas exigiendo un nuevo hospital y la modernizaci\u00f3n de los actuales, pues dijeron que est\u00e1n en p\u00e9simas condiciones, por lo que no se puede laborar debidamente ni mucho menos brindar el debido servicio a los derechohabientes. De hecho cuando la presidenta estaba hablando se pusieron a gritar para ser escuchados, por lo que en determinado momento la mandam\u00e1s del pa\u00eds les dijo a micr\u00f3fono abierto que al terminar el acto los atender\u00eda, lo cual sucedi\u00f3 y as\u00ed los trabajadores pudieron manifestarle sus inconformidades. Bueno, ya veremos si se atienden sus demandas, pero sobre todo a ver si no hay represalias contra los trabajadores ante su manifestaci\u00f3n.<\/p>\n\n\n\n<p>FISCAL\u00cdA ESTATAL MEJORA SU SERVICIO<br \/>En su primera visita a las instalaciones de la Fiscal\u00eda General de Justicia del Estado en la capital del estado, el gobernador Am\u00e9rico Villarreal Anaya asever\u00f3 que dicha dependencia es una instituci\u00f3n imprescindible y vital para cumplir la leg\u00edtima demanda de los tamaulipecos de vivir en un estado de derecho pleno, a la vez que destac\u00f3 la contribuci\u00f3n de la fiscal\u00eda y su participaci\u00f3n cotidiana en la Mesa de la Coordinaci\u00f3n para la Construcci\u00f3n de la Paz. Fue en dichas instalaciones donde se llevaron a cabo los tradicionales Honores a la Bandera y donde el Fiscal Estatal Irving Barrios Mojica reconoci\u00f3 el apoyo brindado por el gobernador Am\u00e9rico Villarreal desde el inicio de su administraci\u00f3n, lo que ha permitido que la fiscal\u00eda cumpla con diversas tareas que tienen como objetiva brindar la debida justicia a los ciudadanos. Dicho evento demostr\u00f3 una mejor\u00eda entre las relaciones entre el mandatario estatal, y el encargado de la procuraci\u00f3n de la justicia en la entidad. Bien por eso.<\/p>\n\n\n\n<p>DAR\u00c1N MEDALLA \u201cBELISARIO DOM\u00cdNGUEZ\u201d A NINFA DE\u00c1NDAR<br \/>La editora neolaredense Ninfa De\u00e1ndar Mart\u00ednez ser\u00e1 galardonada con la medalla \u201cBelisario Dom\u00ednguez\u201d, la cual es la m\u00e1xima distinci\u00f3n que otorga el Senado de la Rep\u00fablica, por acciones en beneficio de la naci\u00f3n o de la humanidad, y que en este caso para la se\u00f1ora Ninfa De\u00e1ndar ser\u00e1 por su trabajo como periodista, que es uno de los m\u00e1s destacados a nivel nacional. Enhorabuena pues para la propietaria del peri\u00f3dico El Ma\u00f1ana por tan distinguido y merecido reconocimiento que se le brindar\u00e1.<\/p>\n\n\n\n<p>A CRITERIO LA IDA A LA ESCUELA<br \/>Para este mi\u00e9rcoles por la ma\u00f1ana se esperan temperaturas de hasta 4 grados cent\u00edgrados en Nuevo Laredo, esto principalmente durante la ma\u00f1ana. Ante esto y siguiendo el criterio de los \u00faltimos a\u00f1os en torno a la asistencia a clases de los alumnos de educaci\u00f3n b\u00e1sica, quedar\u00e1 a criterio de los padres si los mandan a la escuela o los dejan en casa, en el entendido que se 1 a 5 grados los padres deciden y no se aplican las faltas. Solo en caso de que el term\u00f3metro marque los cero grados o menos, entonces las clases se suspenden en forma definitiva. Este miso criterio se aplicar\u00e1 en todo el per\u00edodo invernal. Sea pues.<\/p>\n\n\n\n<p>EN BUSCA DE DESAPARECIDOS<br \/>Este lunes un grupo de aproximadamente 25 madres buscadoras arribaron a Nuevo Laredo, procedentes de Ciudad Victoria, a fin de poner cartelones mediante los cuales solicitan informes sobre sus familiares desaparecidos. Arribaron a la Presidencia Municipal, donde fueron atendidas por las autoridades municipales, quienes les autorizaron la colocaci\u00f3n de las pancartas en el lobby del Palacio Municipal, donde ya hay muchos otros anuncios similares. Las visitantes son de diferentes partes del pa\u00eds y pertenecen al grupo \u201cDe Frente Hasta Encontrarte Asociaci\u00f3n Civil\u201d, y llegaron custodiadas por elementos de la Guardia Nacional, de la Fiscal\u00eda General de la Rep\u00fablica y de la Comisi\u00f3n Nacional de Derechos Humanos. Ellas hacen su recorrido por todo M\u00e9xico, en busca de sus desaparecidos. Dios les bendiga.<\/p>\n\n\n\n<p>SE AGILIZA CRUCE VEHICULAR A ESTADOS UNIDOS<br \/>Aunque haya quienes opinen lo contrario, pero los arcos de revisi\u00f3n de rayos equis que las autoridades de la aduana americana han puesto en los puentes antes de llegar a las casetas de revisi\u00f3n, han ayudado a acelerar el cruce de unidades motrices hacia el lado americano. Y es que en los \u00faltimos d\u00edas, ante las intensas filas por parte de quienes cruzan, el promedio de paso es de 40 minutos, que a decir verdad no es mucho, en comparaci\u00f3n con lo que se tardaban algunos (hasta dos horas) cuando no estaban dichos arcos. Y es que obviamente para eso fueron puestos tales artefactos, para justamente agilizar el cruce hacia el lado gabacho. Pues ojal\u00e1 as\u00ed se mantenga en los pr\u00f3ximos d\u00edas, en que se espera mucha afluencia hacia el vecino pa\u00eds, por las compras navide\u00f1as.<\/p>\n\n\n\n<p>BUEN MANEJO DE LOS RECURSOS EN LA UAT GENERA M\u00c1S BENEFICIOS<br \/>El buen manejo de los recursos en la Universidad Aut\u00f3noma de Tamaulipas (UAT) ha permitido destinar mayores apoyos a la comunidad estudiantil y docente, as\u00ed como tambi\u00e9n impulsar un plan de infraestructura f\u00edsica educativa para atender las necesidades de todas las dependencias acad\u00e9micas de la m\u00e1xima casa de estudios del estado. En este tenor desde que el MVZ D\u00e1maso Anaya Alvarado se hizo cargo de la rector\u00eda de la UAT se ha planteado optimizar el ejercicio presupuestal en rubros fundamentales para el crecimiento acad\u00e9mico y el beneficio directo de los estudiantes. Por todo ello por primera vez hizo la entrega gratuita de m\u00e1s de cinco mil equipos de c\u00f3mputo a estudiantes y docentes, de los cuales 2 mil 445 se destinaron a estudiantes de bachillerato, licenciatura y programas t\u00e9cnicos, as\u00ed como a 2 mil 645 a docentes. Adem\u00e1s se ha incrementado el n\u00famero de becas de excelencia, desempe\u00f1o acad\u00e9mico y de exenci\u00f3n de pagos de colegiatura, a la vez que gracias al apoyo del Gobierno de Tamaulipas, se ha aumentado a m\u00e1s de nueve mil las becas del ITABEC para los universitarios. Por todo ello es claro que el buen manejo de los recursos en la UAT genera m\u00e1s beneficios para la comunidad estudiantil.<\/p>\n\n\n\n<p>LO \u00daLTIMO<br \/>Falleci\u00f3 Don Bruno \u00c1lvarez Valdez, reconocido activista pol\u00edtico, exregidor y exdiputado local que siempre estuvo en la lucha pol\u00edtica al lado de Don Carlos Cant\u00fa Rosas (+), Don Enrique Rivas Ornelas (+) y dem\u00e1s reconocidos pol\u00edticos neolaredenses que pelearon en su momento contra un sistema que les ganaba a la buena o a la mala, aunque por lo regular fue m\u00e1s a la mala. \u00a1Descanse en paz Don Bruno!\u2026 Para este martes poco despu\u00e9s del mediod\u00eda se espera que llegue la Rosa dedicada a Nuestra Se\u00f1ora de Guadalupe. Ser\u00e1 recibida en el puente internacional n\u00famero uno por los Caballeros de Col\u00f3n, y desde aqu\u00ed iniciar\u00e1 su recorrido por diversas partes del pa\u00eds hasta llegar a la Ciudad de M\u00e9xico\u2026 Este martes tambi\u00e9n es el simposio de mercadotecnia que organizan alumnos de la carrera de mercadotecnia de la Universidad Tecnol\u00f3gica de Nuevo Laredo (UTNL). El evento inicia a partir de las nueve de la ma\u00f1ana en el teatro principal del Centro Cultural y se contar\u00e1 con ponentes de talla internacional que dar\u00e1n a conocer lo m\u00e1s nuevo en mercadeo\u2026 Todo un \u00e9xito result\u00f3 la \u201cExpo Navide\u00f1a\u201d, celebrada el pasado fin de semana en el Centro C\u00edvico \u201cCarlos Cant\u00fa Rosas\u201d, durante el fin de semana, y el cual reuni\u00f3 a alrededor de 50 emprendedores, que comercializaron variados productos con los cientos de consumidores que acudieron al lugar. Bien por ello.<\/p>\n","protected":false},"excerpt":{"rendered":"<p>Durante el evento que la presidenta de M\u00e9xico, Claudia Sheinbaum Pardo tuvo el pasado domingo en el Polyforum La Fe, un grupo de trabajadores del IMSS se hizo presente con &hellip; <a href=\"http:\/\/revistalaneta.com.mx\/?p=15164\" class=\"more-link\">Leer m\u00e1s<\/a><\/p>\n","protected":false},"author":1,"featured_media":15163,"comment_status":"open","ping_status":"open","sticky":false,"template":"","format":"standard","meta":{"footnotes":""},"categories":[2],"tags":[],"class_list":["post-15164","post","type-post","status-publish","format-standard","has-post-thumbnail","hentry","category-chismorreo","entry"],"_links":{"self":[{"href":"http:\/\/revistalaneta.com.mx\/index.php?rest_route=\/wp\/v2\/posts\/15164","targetHints":{"allow":["GET"]}}],"collection":[{"href":"http:\/\/revistalaneta.com.mx\/index.php?rest_route=\/wp\/v2\/posts"}],"about":[{"href":"http:\/\/revistalaneta.com.mx\/index.php?rest_route=\/wp\/v2\/types\/post"}],"author":[{"embeddable":true,"href":"http:\/\/revistalaneta.com.mx\/index.php?rest_route=\/wp\/v2\/users\/1"}],"replies":[{"embeddable":true,"href":"http:\/\/revistalaneta.com.mx\/index.php?rest_route=%2Fwp%2Fv2%2Fcomments&post=15164"}],"version-history":[{"count":1,"href":"http:\/\/revistalaneta.com.mx\/index.php?rest_route=\/wp\/v2\/posts\/15164\/revisions"}],"predecessor-version":[{"id":15165,"href":"http:\/\/revistalaneta.com.mx\/index.php?rest_route=\/wp\/v2\/posts\/15164\/revisions\/15165"}],"wp:featuredmedia":[{"embeddable":true,"href":"http:\/\/revistalaneta.com.mx\/index.php?rest_route=\/wp\/v2\/media\/15163"}],"wp:attachment":[{"href":"http:\/\/revistalaneta.com.mx\/index.php?rest_route=%2Fwp%2Fv2%2Fmedia&parent=15164"}],"wp:term":[{"taxonomy":"category","embeddable":true,"href":"http:\/\/revistalaneta.com.mx\/index.php?rest_route=%2Fwp%2Fv2%2Fcategories&post=15164"},{"taxonomy":"post_tag","embeddable":true,"href":"http:\/\/revistalaneta.com.mx\/index.php?rest_route=%2Fwp%2Fv2%2Ftags&post=15164"}],"curies":[{"name":"wp","href":"https:\/\/api.w.org\/{rel}","templated":true}]}}