{"id":15185,"date":"2024-12-21T05:54:59","date_gmt":"2024-12-21T05:54:59","guid":{"rendered":"http:\/\/revistalaneta.com.mx\/?p=15185"},"modified":"2024-12-21T05:55:33","modified_gmt":"2024-12-21T05:55:33","slug":"asegura-instituto-de-defensoria-publica-atencion-durante-el-periodo-vacacional","status":"publish","type":"post","link":"http:\/\/revistalaneta.com.mx\/?p=15185","title":{"rendered":"Asegura Instituto de Defensor\u00eda P\u00fablica atenci\u00f3n durante el periodo vacacional"},"content":{"rendered":"\n<p><\/p>\n\n\n\n<p><\/p>\n\n\n\n<p>Ciudad Victoria, Tamaulipas.- Con el prop\u00f3sito de garantizar la continuidad en la atenci\u00f3n de los servicios jur\u00eddicos, las oficinas del Instituto de la Defensor\u00eda P\u00fablica, operar\u00e1n en un horario especial durante el periodo vacacional comprendido del 19 de diciembre al 3 de enero de 2025, inform\u00f3 la directora general del instituto, Mariela Estefan\u00eda Zurita Lugo.<\/p>\n\n\n\n<p>Explic\u00f3 a la ciudadan\u00eda que durante este lapso, el horario de atenci\u00f3n ser\u00e1 de 9:00 a.m. a 2:00 p.m.<\/p>\n\n\n\n<p>Es importante destacar que las actividades regulares ser\u00e1n reanudadas el d\u00eda 3 de enero de 2025, restableciendo el horario habitual de servicio.<\/p>\n\n\n\n<p>Para aquellas personas que requieran asesor\u00edas jur\u00eddicas en materia penal, se encuentra disponible el Centro Integral de Justicia, ubicado en Avenida Jos\u00e9 Sulaim\u00e1n Chagnon, colonia UPYSSET, donde podr\u00e1n recibir la atenci\u00f3n adecuada.<\/p>\n\n\n\n<p>Adem\u00e1s, se pone a disposici\u00f3n el tel\u00e9fono 834 184 8410 para consultas y asistencia.<\/p>\n\n\n\n<p>El Instituto de Defensor\u00eda P\u00fablica reitera su firme compromiso con la ciudadan\u00eda, velando por el acceso oportuno y eficiente a los servicios jur\u00eddicos esenciales incluso durante las fechas vacacionales.<\/p>\n","protected":false},"excerpt":{"rendered":"<p>Ciudad Victoria, Tamaulipas.- Con el prop\u00f3sito de garantizar la continuidad en la atenci\u00f3n de los servicios jur\u00eddicos, las oficinas del Instituto de la Defensor\u00eda P\u00fablica, operar\u00e1n en un horario especial &hellip; <a href=\"http:\/\/revistalaneta.com.mx\/?p=15185\" class=\"more-link\">Leer m\u00e1s<\/a><\/p>\n","protected":false},"author":1,"featured_media":15184,"comment_status":"open","ping_status":"open","sticky":false,"template":"","format":"standard","meta":{"footnotes":""},"categories":[7],"tags":[],"class_list":["post-15185","post","type-post","status-publish","format-standard","has-post-thumbnail","hentry","category-ciudad-victoria","entry"],"_links":{"self":[{"href":"http:\/\/revistalaneta.com.mx\/index.php?rest_route=\/wp\/v2\/posts\/15185","targetHints":{"allow":["GET"]}}],"collection":[{"href":"http:\/\/revistalaneta.com.mx\/index.php?rest_route=\/wp\/v2\/posts"}],"about":[{"href":"http:\/\/revistalaneta.com.mx\/index.php?rest_route=\/wp\/v2\/types\/post"}],"author":[{"embeddable":true,"href":"http:\/\/revistalaneta.com.mx\/index.php?rest_route=\/wp\/v2\/users\/1"}],"replies":[{"embeddable":true,"href":"http:\/\/revistalaneta.com.mx\/index.php?rest_route=%2Fwp%2Fv2%2Fcomments&post=15185"}],"version-history":[{"count":1,"href":"http:\/\/revistalaneta.com.mx\/index.php?rest_route=\/wp\/v2\/posts\/15185\/revisions"}],"predecessor-version":[{"id":15186,"href":"http:\/\/revistalaneta.com.mx\/index.php?rest_route=\/wp\/v2\/posts\/15185\/revisions\/15186"}],"wp:featuredmedia":[{"embeddable":true,"href":"http:\/\/revistalaneta.com.mx\/index.php?rest_route=\/wp\/v2\/media\/15184"}],"wp:attachment":[{"href":"http:\/\/revistalaneta.com.mx\/index.php?rest_route=%2Fwp%2Fv2%2Fmedia&parent=15185"}],"wp:term":[{"taxonomy":"category","embeddable":true,"href":"http:\/\/revistalaneta.com.mx\/index.php?rest_route=%2Fwp%2Fv2%2Fcategories&post=15185"},{"taxonomy":"post_tag","embeddable":true,"href":"http:\/\/revistalaneta.com.mx\/index.php?rest_route=%2Fwp%2Fv2%2Ftags&post=15185"}],"curies":[{"name":"wp","href":"https:\/\/api.w.org\/{rel}","templated":true}]}}