{"id":15188,"date":"2024-12-21T05:56:32","date_gmt":"2024-12-21T05:56:32","guid":{"rendered":"http:\/\/revistalaneta.com.mx\/?p=15188"},"modified":"2024-12-21T05:56:54","modified_gmt":"2024-12-21T05:56:54","slug":"oficinas-de-registro-civil-laboraran-en-horario-especial-en-periodo-vacacional","status":"publish","type":"post","link":"http:\/\/revistalaneta.com.mx\/?p=15188","title":{"rendered":"Oficinas de Registro Civil laborar\u00e1n en horario especial en periodo vacacional"},"content":{"rendered":"\n<p><\/p>\n\n\n\n<p><\/p>\n\n\n\n<p>Ciudad Victoria, Tamaulipas.- El coordinador del Registro Civil, Mauro Francisco Sandoval Contreras, inform\u00f3 que en cumplimiento con el compromiso de atenci\u00f3n a la ciudadan\u00eda, la Coordinaci\u00f3n de Registro Civil continuar\u00e1 brindando sus servicios durante el periodo de receso comprendido del 19 de diciembre al 3 de enero de 2025.<\/p>\n\n\n\n<p>Para este periodo, las oficinas operar\u00e1n en un horario especial de 9:00 a.m. a 2:00 p.m. Se hace del conocimiento de la poblaci\u00f3n que los d\u00edas 25 de diciembre y 1 de enero de 2025, las oficinas permanecer\u00e1n cerradas.<\/p>\n\n\n\n<p>Las actividades regulares se reanudar\u00e1n el 6 de enero de 2025, en su horario habitual de 8:00 a.m. a 4:00 p.m.<\/p>\n\n\n\n<p>El Registro Civil reitera su compromiso con la comunidad al garantizar la atenci\u00f3n continua durante estas fechas importantes. Se invita a las y los usuarios a programar sus visitas de acuerdo con los horarios mencionados para asegurar la mejor experiencia en la realizaci\u00f3n de sus tr\u00e1mites.<\/p>\n","protected":false},"excerpt":{"rendered":"<p>Ciudad Victoria, Tamaulipas.- El coordinador del Registro Civil, Mauro Francisco Sandoval Contreras, inform\u00f3 que en cumplimiento con el compromiso de atenci\u00f3n a la ciudadan\u00eda, la Coordinaci\u00f3n de Registro Civil continuar\u00e1 &hellip; <a href=\"http:\/\/revistalaneta.com.mx\/?p=15188\" class=\"more-link\">Leer m\u00e1s<\/a><\/p>\n","protected":false},"author":1,"featured_media":15187,"comment_status":"open","ping_status":"open","sticky":false,"template":"","format":"standard","meta":{"footnotes":""},"categories":[7],"tags":[],"class_list":["post-15188","post","type-post","status-publish","format-standard","has-post-thumbnail","hentry","category-ciudad-victoria","entry"],"_links":{"self":[{"href":"http:\/\/revistalaneta.com.mx\/index.php?rest_route=\/wp\/v2\/posts\/15188","targetHints":{"allow":["GET"]}}],"collection":[{"href":"http:\/\/revistalaneta.com.mx\/index.php?rest_route=\/wp\/v2\/posts"}],"about":[{"href":"http:\/\/revistalaneta.com.mx\/index.php?rest_route=\/wp\/v2\/types\/post"}],"author":[{"embeddable":true,"href":"http:\/\/revistalaneta.com.mx\/index.php?rest_route=\/wp\/v2\/users\/1"}],"replies":[{"embeddable":true,"href":"http:\/\/revistalaneta.com.mx\/index.php?rest_route=%2Fwp%2Fv2%2Fcomments&post=15188"}],"version-history":[{"count":1,"href":"http:\/\/revistalaneta.com.mx\/index.php?rest_route=\/wp\/v2\/posts\/15188\/revisions"}],"predecessor-version":[{"id":15189,"href":"http:\/\/revistalaneta.com.mx\/index.php?rest_route=\/wp\/v2\/posts\/15188\/revisions\/15189"}],"wp:featuredmedia":[{"embeddable":true,"href":"http:\/\/revistalaneta.com.mx\/index.php?rest_route=\/wp\/v2\/media\/15187"}],"wp:attachment":[{"href":"http:\/\/revistalaneta.com.mx\/index.php?rest_route=%2Fwp%2Fv2%2Fmedia&parent=15188"}],"wp:term":[{"taxonomy":"category","embeddable":true,"href":"http:\/\/revistalaneta.com.mx\/index.php?rest_route=%2Fwp%2Fv2%2Fcategories&post=15188"},{"taxonomy":"post_tag","embeddable":true,"href":"http:\/\/revistalaneta.com.mx\/index.php?rest_route=%2Fwp%2Fv2%2Ftags&post=15188"}],"curies":[{"name":"wp","href":"https:\/\/api.w.org\/{rel}","templated":true}]}}