{"id":15242,"date":"2024-12-22T14:28:13","date_gmt":"2024-12-22T14:28:13","guid":{"rendered":"http:\/\/revistalaneta.com.mx\/?p=15242"},"modified":"2024-12-22T14:29:01","modified_gmt":"2024-12-22T14:29:01","slug":"reconoce-gobernador-labor-del-congreso","status":"publish","type":"post","link":"http:\/\/revistalaneta.com.mx\/?p=15242","title":{"rendered":"RECONOCE GOBERNADOR LABOR DEL CONGRESO"},"content":{"rendered":"\n<p><br>Al encabezar la ceremonia de Honores a la Bandera en el Congreso del Estado de Tamaulipas, el gobernador Am\u00e9rico Villarreal Anaya reconoci\u00f3 el trabajo realizado por la 66 Legislatura del Congreso del Estado, que asegur\u00f3 ha permitido corregir el rumbo del estado en favor de la justicia social y de una econom\u00eda moral que brinda atenci\u00f3n a los m\u00e1s necesitados. En ese mismo acto el mandatario estatal acompa\u00f1ado de legisladores y miembros de su gabinete tambi\u00e9n hizo entrega simb\u00f3licamente de las \u201cBecas Avanza por las Ni\u00f1as, los Ni\u00f1os, Adolescentes y J\u00f3venes de Tamaulipas\u201d, mismas que benefician a u total de 28 mil 883 alumnos en toda la entidad, de primaria y secundaria, y que conjuntamente ascienden a 72 millones 207 mil 500 pesos. En su mensaje el gobernador Villarreal Anaya consider\u00f3 que el trabajo legislativo a nivel federal y estatal ha ganado merecido reconocimiento por sus aportes en favor de la sociedad tamaulipeca.<\/p>\n\n\n\n<p>INSTALAN SESI\u00d3N PERMANENTE DEL CONGRESO<br \/>Por cierto que el Congreso del Estado de Tamaulipas dio por concluidas el pasado domingo sus actividades normales de este primer per\u00edodo de la 66ava Legislatura, en la cual se lograron aprobar 122 acuerdos, entre estos el del presupuesto de egreso por m\u00e1s de 77 mil millones de pesos para Tamaulipas. Por ende se instal\u00f3 la Comisi\u00f3n Permanente que atender\u00e1 todos los asuntos legislativos durante el per\u00edodo de receso, y la cual estar\u00e1 presidida por la diputada morenista Katalyna M\u00e9ndez Cepeda. En esta misma comisi\u00f3n tambi\u00e9n estar\u00e1n las Yuriria Iturbe V\u00e1zquez, de MORENA y Blanca Anzald\u00faa N\u00e1jera, del Partido Verde, como secretarias, en tanto que como vocales fueron designados el morenista Humberto Prieto Herrera; el petista, V\u00edctor Garc\u00eda Fuentes; la emecista Mayra Benavides Villafranca y la panista Patricia Sald\u00edvar Cano. A la vez como suplentes quedaron Armando Zertuche Zuani y Francisco Hern\u00e1ndez Ni\u00f1o, de MORENA y Gerardo Pe\u00f1a Flores, del PAN.<\/p>\n\n\n\n<p>VIENE NUEVA EMPRESA RECOLECTORA DE BASURA<br \/>A partir del 1 de febrero del 2025 Nuevo Laredo contar\u00e1 con una nueva empresa de servicio de limpieza, toda vez que como previamente se hab\u00eda anunciado, Veolia (mejor conocida como Setasa) ya se va, tras largos a\u00f1os de operaci\u00f3n en M\u00e9xico. Por lo tanto ya est\u00e1 la licitaci\u00f3n para una nueva empresa, y de hecho se tiene ya una fuerte candidata, pero hay que esperar a que se cumplan las legalidades correspondientes. Por mientras, y de aqu\u00ed al 31 de enero, est\u00e1 garantizada la colecta de la basura, y si bien es cierto puede que se mantengan algunos retrasos en tales acciones, el gobierno municipal que encabeza Carmen Lilia Canturosas Villarreal est\u00e1 al pendiente de ello, a fin de evitar cualquier situaci\u00f3n que afecte a la poblaci\u00f3n, esperando que a partir de febrero mejore mucho la recolecci\u00f3n de los desechos. Sea pues.<\/p>\n\n\n\n<p>NUEVA DIRIGENCIA EN LA APNL<br \/>Los integrantes de la Asociaci\u00f3n de Periodistas de Nuevo Laredo (APNL) acordaron conformar una planilla de unidad para la pr\u00f3xima directiva de dicho organismo que regir\u00e1 en el per\u00edodo 2025-2027. As\u00ed pues se design\u00f3 a Antonio Mart\u00ednez Contreras como presidente, a Mario Cervantes Mendoza como secretario y a Rosa Amelia Garc\u00eda como tesorera. A su vez un servidor Juan Rodr\u00edguez Contreras queda como vicepresidente, mientras que como prosecretaria la compa\u00f1era Esmeralda Trejo y como protesorera Lorena M\u00e1rquez. El presidente saliente Jos\u00e9 Luis Rodr\u00edguez Vargas queda como presidente de la Comisi\u00f3n de Honor y Justicia y Guadalupe S\u00e1nchez como presidenta de la Comisi\u00f3n de Vigilancia. Sea pues.<\/p>\n\n\n\n<p>SIGUEN LAS BURLAS EN EL PAN<br \/>Como una burla para el panismo tamaulipeco ha sido calificada la designaci\u00f3n de Luis Ren\u00e9 Cant\u00fa Galv\u00e1n como miembro de la Comisi\u00f3n Permanente Nacional del Partido Acci\u00f3n Nacional (PAN), toda vez que es un l\u00edder perdedor. No obstante, se habla que ese nombramiento se lo han dado como premio de consolaci\u00f3n toda vez que en breve lo sacar\u00e1n de la dirigencia estatal del blanquiazul. \u00bfSer\u00e1? Ahora s\u00ed que como dicen en misa, \u201cque as\u00ed sea\u201d.<\/p>\n\n\n\n<p>URGE PONER ALTO AL \u201cDOCTORADO BAL\u00cdN\u201d<br \/>Ya es por dem\u00e1s necesario, casi urgente, que las autoridades de la Secretar\u00eda de Educaci\u00f3n P\u00fablica (SEP) pongan un alto al exagerado otorgamiento de reconocimientos \u201cdoctor honoris causa\u201d por parte de universidades patito, que de antemano se sabe que venden dichos galardones, y con ello han rebajado la entrega de dichos premios que por lo regular se deben otorgar solo a personas realmente reconocidas por su labor social ante la comunidad, y con muchos a\u00f1os de experiencia en sus respectivos ramos, pero que dichas universidades han relajado la situaci\u00f3n y ya la entregan a cualquiera (sin ofender a los que no deben ofenderse) y eso va en detrimento de dicho premio. Y aunque es claro que no es lo mismo recibir uno de estos reconocimientos por parte de la UNAM, que de una escuela \u201cpatito\u201d, ojal\u00e1 se pueda hacer algo al respecto, por el bien de la propia comunidad, y el respeto al nombre de \u201chonoris causa\u201d.<\/p>\n\n\n\n<p>ENTREGA DE TARJETAS DE BECA \u201cRITA CETINA\u201d<br \/>A partir del 20 de enero se van a empezar a la entregar las tarjetas para las becas \u201cReta Cetina\u201d para alumnos de secundaria que previamente fueron registrados para recibir dicho est\u00edmulo econ\u00f3mico. As\u00ed lo ha dado a conocer el secretario de Educaci\u00f3n P\u00fablica, Mario Delgado Carrillo, quien ha anunciado que 4 millones 896 mil 958 ni\u00f1os que cursan la secundaria. Lo que no se ha dicho es cuando estar\u00e1 dispuesto el primer pago, pero se espera que pronto sea anunciado.<\/p>\n\n\n\n<p>CONSTANTE VIGILANCIA EN LA UAT<br \/>Bajo la premisa de salvaguardar la integridad f\u00edsica de la comunidad universitaria y brindar seguridad a sus estudiantes durante el desarrollo de sus actividades, el rector de la Universidad Aut\u00f3noma de Tamaulipas (UAT), D\u00e1maso Anaya Alvarado, realiz\u00f3 de manera reciente la entrega de una dotaci\u00f3n de veh\u00edculos y equipamiento de vigilancia y auxilio a las Unidades de Protecci\u00f3n Universitaria, mismas que operan en Victoria, Tampico y otras sedes de la zona norte donde se tiene mayor afluencia de estudiantes y trabajadores, as\u00ed como de usuarios de los servicios que se ofrecen a la comunidad. Con estos esfuerzos, la administraci\u00f3n del rector D\u00e1maso Anaya reafirma su prop\u00f3sito de garantizar la seguridad de los estudiantes, docentes y del personal de la UAT.<\/p>\n\n\n\n<p>LO \u00daLTIMO<br \/>Cuatro importantes obras de repavimentaci\u00f3n entreg\u00f3 este lunes por la tarde la alcaldesa Carmen Lilia Canturosas Villarreal en las colonias Palmares y Granjas Econ\u00f3micos. En el primer sector fueron tres obras, situadas estadas en Tuxpan y Tabasco, Chiapas y Tamaulipas, as\u00ed como en Taj\u00edn y Chiapas, mientras que en la segunda colonia fue en Jazm\u00edn entre Carretera Nacional y Gardenia. Bien por ello\u2026 Daniel Calder\u00f3n Mu\u00f1oz fue electo como nuevo secretario general del Sindicato Municipal de Trabajadores al Servicio del Gobierno Municipal de Nuevo Laredo. Lo conocemos y sabemos que habr\u00e1 de realizar una buena labor\u2026 Hasta este pr\u00f3ximo mi\u00e9rcoles se laborar\u00e1 de manera normal en el Ayuntamiento de Nuevo Laredo, pues a partir del jueves 19 de diciembre habr\u00e1 guardias, aunque solo en las dependencias donde se atiende a la gente. Las actividades volver\u00e1n a la normalidad hasta el 6 de enero.<\/p>\n","protected":false},"excerpt":{"rendered":"<p>Al encabezar la ceremonia de Honores a la Bandera en el Congreso del Estado de Tamaulipas, el gobernador Am\u00e9rico Villarreal Anaya reconoci\u00f3 el trabajo realizado por la 66 Legislatura del &hellip; <a href=\"http:\/\/revistalaneta.com.mx\/?p=15242\" class=\"more-link\">Leer m\u00e1s<\/a><\/p>\n","protected":false},"author":1,"featured_media":15241,"comment_status":"open","ping_status":"open","sticky":false,"template":"","format":"standard","meta":{"footnotes":""},"categories":[2],"tags":[],"class_list":["post-15242","post","type-post","status-publish","format-standard","has-post-thumbnail","hentry","category-chismorreo","entry"],"_links":{"self":[{"href":"http:\/\/revistalaneta.com.mx\/index.php?rest_route=\/wp\/v2\/posts\/15242","targetHints":{"allow":["GET"]}}],"collection":[{"href":"http:\/\/revistalaneta.com.mx\/index.php?rest_route=\/wp\/v2\/posts"}],"about":[{"href":"http:\/\/revistalaneta.com.mx\/index.php?rest_route=\/wp\/v2\/types\/post"}],"author":[{"embeddable":true,"href":"http:\/\/revistalaneta.com.mx\/index.php?rest_route=\/wp\/v2\/users\/1"}],"replies":[{"embeddable":true,"href":"http:\/\/revistalaneta.com.mx\/index.php?rest_route=%2Fwp%2Fv2%2Fcomments&post=15242"}],"version-history":[{"count":1,"href":"http:\/\/revistalaneta.com.mx\/index.php?rest_route=\/wp\/v2\/posts\/15242\/revisions"}],"predecessor-version":[{"id":15243,"href":"http:\/\/revistalaneta.com.mx\/index.php?rest_route=\/wp\/v2\/posts\/15242\/revisions\/15243"}],"wp:featuredmedia":[{"embeddable":true,"href":"http:\/\/revistalaneta.com.mx\/index.php?rest_route=\/wp\/v2\/media\/15241"}],"wp:attachment":[{"href":"http:\/\/revistalaneta.com.mx\/index.php?rest_route=%2Fwp%2Fv2%2Fmedia&parent=15242"}],"wp:term":[{"taxonomy":"category","embeddable":true,"href":"http:\/\/revistalaneta.com.mx\/index.php?rest_route=%2Fwp%2Fv2%2Fcategories&post=15242"},{"taxonomy":"post_tag","embeddable":true,"href":"http:\/\/revistalaneta.com.mx\/index.php?rest_route=%2Fwp%2Fv2%2Ftags&post=15242"}],"curies":[{"name":"wp","href":"https:\/\/api.w.org\/{rel}","templated":true}]}}