{"id":15248,"date":"2025-01-10T16:21:02","date_gmt":"2025-01-10T16:21:02","guid":{"rendered":"http:\/\/revistalaneta.com.mx\/?p=15248"},"modified":"2025-01-10T16:22:08","modified_gmt":"2025-01-10T16:22:08","slug":"dif-tamaulipas-pone-a-disposicion-espacios-para-albergar-a-familias-ante-bajas-temperaturas","status":"publish","type":"post","link":"http:\/\/revistalaneta.com.mx\/?p=15248","title":{"rendered":"DIF Tamaulipas pone a disposici\u00f3n espacios para albergar a familias ante bajas temperaturas"},"content":{"rendered":"\n<p><\/p>\n\n\n\n<ul class=\"wp-block-list\">\n<li>Los centros asistenciales est\u00e1n preparados para recibir a quienes lo necesiten en esta temporada, en caso de que se requiera<\/li>\n<\/ul>\n\n\n\n<p><\/p>\n\n\n\n<p>Ciudad Victoria, Tamaulipas.- Dentro de las actividades que realiza el Sistema DIF Tamaulipas que preside la doctora Mar\u00eda de Villarreal, en esta temporada invernal se encuentran abiertos los centros asistenciales para atender a personas que se encuentren en condiciones de vulnerabilidad ante las bajas temperaturas que se han estado registrando en la entidad.<\/p>\n\n\n\n<p>En estos centros se brinda asistencia social durante periodos de contingencia como es en este caso, en que se presentan frentes fr\u00edos a lo largo de todo el pa\u00eds. Ah\u00ed se proporcionan apoyos alimentarios, servicios m\u00e9dicos, asistencia social, y diferentes servicios en los centros ubicados en diferentes municipios del estado.<\/p>\n\n\n\n<p>\u201cLo m\u00e1s importante es contar con espacios en donde resguardar a las familias que demanden este apoyo, y tenemos tambi\u00e9n cobertores y chamarras de diferentes tallas para toda la familia, y estaremos dando especial atenci\u00f3n a las zonas en donde se presentan las temperaturas m\u00e1s bajas\u201d, mencion\u00f3 en entrevista la directora general del DIF estatal, Patricia Lara Ayala.<\/p>\n\n\n\n<p>De esta manera, el DIF Tamaulipas contin\u00faa al pendiente de las necesidades de la poblaci\u00f3n que m\u00e1s lo necesita, atendi\u00e9ndolas con calidad y calidez mediante el trabajo de los Mensajeros de Paz que llevan esperanza y humanismo en cada una de sus acciones.<code> * * *<\/code><\/p>\n","protected":false},"excerpt":{"rendered":"<p>Ciudad Victoria, Tamaulipas.- Dentro de las actividades que realiza el Sistema DIF Tamaulipas que preside la doctora Mar\u00eda de Villarreal, en esta temporada invernal se encuentran abiertos los centros asistenciales &hellip; <a href=\"http:\/\/revistalaneta.com.mx\/?p=15248\" class=\"more-link\">Leer m\u00e1s<\/a><\/p>\n","protected":false},"author":1,"featured_media":15247,"comment_status":"open","ping_status":"open","sticky":false,"template":"","format":"standard","meta":{"footnotes":""},"categories":[7],"tags":[],"class_list":["post-15248","post","type-post","status-publish","format-standard","has-post-thumbnail","hentry","category-ciudad-victoria","entry"],"_links":{"self":[{"href":"http:\/\/revistalaneta.com.mx\/index.php?rest_route=\/wp\/v2\/posts\/15248","targetHints":{"allow":["GET"]}}],"collection":[{"href":"http:\/\/revistalaneta.com.mx\/index.php?rest_route=\/wp\/v2\/posts"}],"about":[{"href":"http:\/\/revistalaneta.com.mx\/index.php?rest_route=\/wp\/v2\/types\/post"}],"author":[{"embeddable":true,"href":"http:\/\/revistalaneta.com.mx\/index.php?rest_route=\/wp\/v2\/users\/1"}],"replies":[{"embeddable":true,"href":"http:\/\/revistalaneta.com.mx\/index.php?rest_route=%2Fwp%2Fv2%2Fcomments&post=15248"}],"version-history":[{"count":1,"href":"http:\/\/revistalaneta.com.mx\/index.php?rest_route=\/wp\/v2\/posts\/15248\/revisions"}],"predecessor-version":[{"id":15249,"href":"http:\/\/revistalaneta.com.mx\/index.php?rest_route=\/wp\/v2\/posts\/15248\/revisions\/15249"}],"wp:featuredmedia":[{"embeddable":true,"href":"http:\/\/revistalaneta.com.mx\/index.php?rest_route=\/wp\/v2\/media\/15247"}],"wp:attachment":[{"href":"http:\/\/revistalaneta.com.mx\/index.php?rest_route=%2Fwp%2Fv2%2Fmedia&parent=15248"}],"wp:term":[{"taxonomy":"category","embeddable":true,"href":"http:\/\/revistalaneta.com.mx\/index.php?rest_route=%2Fwp%2Fv2%2Fcategories&post=15248"},{"taxonomy":"post_tag","embeddable":true,"href":"http:\/\/revistalaneta.com.mx\/index.php?rest_route=%2Fwp%2Fv2%2Ftags&post=15248"}],"curies":[{"name":"wp","href":"https:\/\/api.w.org\/{rel}","templated":true}]}}