{"id":15284,"date":"2025-01-10T23:10:58","date_gmt":"2025-01-10T23:10:58","guid":{"rendered":"http:\/\/revistalaneta.com.mx\/?p=15284"},"modified":"2025-01-10T23:11:02","modified_gmt":"2025-01-10T23:11:02","slug":"activa-gobierno-municipal-modulos-de-apoyo-para-registro-de-beca-juntos-lo-hacemos-posible","status":"publish","type":"post","link":"http:\/\/revistalaneta.com.mx\/?p=15284","title":{"rendered":"Activa Gobierno Municipal m\u00f3dulos de apoyo para registro de beca &#8220;Juntos Lo Hacemos Posible&#8221;"},"content":{"rendered":"\n<p><\/p>\n\n\n\n<p>Nuevo Laredo, Tamps.- Para ayudar a las familias neolaredenses a tramitar las Becas \u201cJuntos lo Hacemos Posible\u201d, el Gobierno Municipal activ\u00f3 tres m\u00f3dulos donde estar\u00e1n apoyando con el registro en l\u00ednea a quienes no tengan acceso a internet, la atenci\u00f3n ser\u00e1 de 9 AM a 2 PM hasta el 19 de enero.<\/p>\n\n\n\n<p>Los m\u00f3dulos estan instalados en la Direcci\u00f3n de Educaci\u00f3n ubicada en el anexo a presidencia municipal, en la Biblioteca Octavio Paz ubicada en la colonia Concordia y en la Biblioteca Emiliano Zapata ubicada en Calzada Revoluci\u00f3n 7401, colonia Buena Vista.<\/p>\n\n\n\n<p>La convocatoria para las becas municipales \u201cJuntos lo hacemos posible\u201d dirigidas a estudiantes de primaria y educaci\u00f3n especial sigue abierta en la p\u00e1gina web oficial del Gobierno Municipal.<\/p>\n\n\n\n<p>Los aspirantes a recibir la beca \u201cJuntos por la Educaci\u00f3n Primaria\u201d, son alumnos de educaci\u00f3n primaria a partir de segundo grado, tener nacionalidad mexicana, pertenecer a escuelas p\u00fablicas de la localidad incorporadas a la Secretar\u00eda de Educaci\u00f3n P\u00fablica, no deben contar con apoyo estatal por parte del Instituto Tamaulipeco de Becas, Est\u00edmulos y Cr\u00e9ditos Educativos (ITABEC) y contar con un promedio m\u00ednimo de 8.0 en el ciclo escolar 2023-2024.<\/p>\n\n\n\n<p>La convocatoria de la beca \u201cJuntos por la Educaci\u00f3n Especial\u201d para el ciclo escolar 2024- 2025 est\u00e1 dirigida a alumnos de educaci\u00f3n especial a partir de nivel preescolar hasta postgrado.<\/p>\n\n\n\n<p>En ambos programas de becas todas las solicitudes participan como nuevos ingresos y entran a concurso, no existe renovaci\u00f3n autom\u00e1tica.<\/p>\n\n\n\n<p>El registro en l\u00ednea ser\u00e1 hasta el 19 de enero del 2025 y los pasos a seguir son los siguientes; deben ingresar a la pagina web oficial www.nld.gob.mx , ir al apartado Registro en L\u00ednea, seleccionar Beca Juntos por la Educaci\u00f3n Primaria, llenar los campos con la informaci\u00f3n solicitada, subir los requisitos del estudiantes en formado PDF.<\/p>\n\n\n\n<p>Al finalizar el registro en l\u00ednea, el solicitante deber\u00e1 asegurarse de conservar la ficha de registro que le servir\u00e1 como comprobante y como forma de consultar los resultados.<\/p>\n","protected":false},"excerpt":{"rendered":"<p>Nuevo Laredo, Tamps.- Para ayudar a las familias neolaredenses a tramitar las Becas \u201cJuntos lo Hacemos Posible\u201d, el Gobierno Municipal activ\u00f3 tres m\u00f3dulos donde estar\u00e1n apoyando con el registro en &hellip; <a href=\"http:\/\/revistalaneta.com.mx\/?p=15284\" class=\"more-link\">Leer m\u00e1s<\/a><\/p>\n","protected":false},"author":1,"featured_media":15283,"comment_status":"open","ping_status":"open","sticky":false,"template":"","format":"standard","meta":{"footnotes":""},"categories":[4],"tags":[],"class_list":["post-15284","post","type-post","status-publish","format-standard","has-post-thumbnail","hentry","category-nuevo-laredo","entry"],"_links":{"self":[{"href":"http:\/\/revistalaneta.com.mx\/index.php?rest_route=\/wp\/v2\/posts\/15284","targetHints":{"allow":["GET"]}}],"collection":[{"href":"http:\/\/revistalaneta.com.mx\/index.php?rest_route=\/wp\/v2\/posts"}],"about":[{"href":"http:\/\/revistalaneta.com.mx\/index.php?rest_route=\/wp\/v2\/types\/post"}],"author":[{"embeddable":true,"href":"http:\/\/revistalaneta.com.mx\/index.php?rest_route=\/wp\/v2\/users\/1"}],"replies":[{"embeddable":true,"href":"http:\/\/revistalaneta.com.mx\/index.php?rest_route=%2Fwp%2Fv2%2Fcomments&post=15284"}],"version-history":[{"count":1,"href":"http:\/\/revistalaneta.com.mx\/index.php?rest_route=\/wp\/v2\/posts\/15284\/revisions"}],"predecessor-version":[{"id":15285,"href":"http:\/\/revistalaneta.com.mx\/index.php?rest_route=\/wp\/v2\/posts\/15284\/revisions\/15285"}],"wp:featuredmedia":[{"embeddable":true,"href":"http:\/\/revistalaneta.com.mx\/index.php?rest_route=\/wp\/v2\/media\/15283"}],"wp:attachment":[{"href":"http:\/\/revistalaneta.com.mx\/index.php?rest_route=%2Fwp%2Fv2%2Fmedia&parent=15284"}],"wp:term":[{"taxonomy":"category","embeddable":true,"href":"http:\/\/revistalaneta.com.mx\/index.php?rest_route=%2Fwp%2Fv2%2Fcategories&post=15284"},{"taxonomy":"post_tag","embeddable":true,"href":"http:\/\/revistalaneta.com.mx\/index.php?rest_route=%2Fwp%2Fv2%2Ftags&post=15284"}],"curies":[{"name":"wp","href":"https:\/\/api.w.org\/{rel}","templated":true}]}}