{"id":15287,"date":"2025-01-10T23:12:09","date_gmt":"2025-01-10T23:12:09","guid":{"rendered":"http:\/\/revistalaneta.com.mx\/?p=15287"},"modified":"2025-01-10T23:12:19","modified_gmt":"2025-01-10T23:12:19","slug":"invitan-a-primera-feria-del-empleo-2025-del-gobierno-municipal","status":"publish","type":"post","link":"http:\/\/revistalaneta.com.mx\/?p=15287","title":{"rendered":"Invitan a Primera Feria del Empleo 2025 del Gobierno Municipal"},"content":{"rendered":"\n<p><\/p>\n\n\n\n<p>Nuevo Laredo, Tamps.- El Gobierno de Nuevo Laredo, a trav\u00e9s de la Secretar\u00eda de Desarrollo Econ\u00f3mico, invita a la ciudadan\u00eda a la primera Feria del Empleo 2025 que se realizar\u00e1 el 29 de enero.<\/p>\n\n\n\n<p>El evento se llevar\u00e1 a cabo en las instalaciones del Polyforum La Fe , ubicado en Eva S\u00e1mano No, 2828 en la colonia La Fe de 9:00 de la ma\u00f1ana a 2:00 de la tarde.<\/p>\n\n\n\n<p>Se contar\u00e1 con la presencia de alrededor de 100 empresas que estar\u00e1n ofertando m\u00e1s de mil 500 vacantes de empleo.<\/p>\n","protected":false},"excerpt":{"rendered":"<p>Nuevo Laredo, Tamps.- El Gobierno de Nuevo Laredo, a trav\u00e9s de la Secretar\u00eda de Desarrollo Econ\u00f3mico, invita a la ciudadan\u00eda a la primera Feria del Empleo 2025 que se realizar\u00e1 &hellip; <a href=\"http:\/\/revistalaneta.com.mx\/?p=15287\" class=\"more-link\">Leer m\u00e1s<\/a><\/p>\n","protected":false},"author":1,"featured_media":15286,"comment_status":"open","ping_status":"open","sticky":false,"template":"","format":"standard","meta":{"footnotes":""},"categories":[4],"tags":[],"class_list":["post-15287","post","type-post","status-publish","format-standard","has-post-thumbnail","hentry","category-nuevo-laredo","entry"],"_links":{"self":[{"href":"http:\/\/revistalaneta.com.mx\/index.php?rest_route=\/wp\/v2\/posts\/15287","targetHints":{"allow":["GET"]}}],"collection":[{"href":"http:\/\/revistalaneta.com.mx\/index.php?rest_route=\/wp\/v2\/posts"}],"about":[{"href":"http:\/\/revistalaneta.com.mx\/index.php?rest_route=\/wp\/v2\/types\/post"}],"author":[{"embeddable":true,"href":"http:\/\/revistalaneta.com.mx\/index.php?rest_route=\/wp\/v2\/users\/1"}],"replies":[{"embeddable":true,"href":"http:\/\/revistalaneta.com.mx\/index.php?rest_route=%2Fwp%2Fv2%2Fcomments&post=15287"}],"version-history":[{"count":1,"href":"http:\/\/revistalaneta.com.mx\/index.php?rest_route=\/wp\/v2\/posts\/15287\/revisions"}],"predecessor-version":[{"id":15288,"href":"http:\/\/revistalaneta.com.mx\/index.php?rest_route=\/wp\/v2\/posts\/15287\/revisions\/15288"}],"wp:featuredmedia":[{"embeddable":true,"href":"http:\/\/revistalaneta.com.mx\/index.php?rest_route=\/wp\/v2\/media\/15286"}],"wp:attachment":[{"href":"http:\/\/revistalaneta.com.mx\/index.php?rest_route=%2Fwp%2Fv2%2Fmedia&parent=15287"}],"wp:term":[{"taxonomy":"category","embeddable":true,"href":"http:\/\/revistalaneta.com.mx\/index.php?rest_route=%2Fwp%2Fv2%2Fcategories&post=15287"},{"taxonomy":"post_tag","embeddable":true,"href":"http:\/\/revistalaneta.com.mx\/index.php?rest_route=%2Fwp%2Fv2%2Ftags&post=15287"}],"curies":[{"name":"wp","href":"https:\/\/api.w.org\/{rel}","templated":true}]}}