{"id":15308,"date":"2025-01-11T14:45:40","date_gmt":"2025-01-11T14:45:40","guid":{"rendered":"http:\/\/revistalaneta.com.mx\/?p=15308"},"modified":"2025-01-11T14:46:00","modified_gmt":"2025-01-11T14:46:00","slug":"agradecen-familias-de-nuevo-laredo-mega-rosca-de-reyes-en-el-viveros-magico","status":"publish","type":"post","link":"http:\/\/revistalaneta.com.mx\/?p=15308","title":{"rendered":"Agradecen familias de Nuevo Laredo Mega Rosca de Reyes en el Viveros M\u00e1gico"},"content":{"rendered":"\n<p><\/p>\n\n\n\n<p>Nuevo Laredo, Tamps.- Ni el fr\u00edo detuvo a decenas de familias que llenaron el \u201cViveros M\u00e1gico\u201d en su \u00faltimo d\u00eda, para compartir con el Gobierno Municipal, la tradicional Mega Rosca de Reyes Magos.<\/p>\n\n\n\n<p>En el lugar se repartieron 2 mil rebanadas de rosca a los asistentes que adem\u00e1s disfrutaron de un chocolate caliente, y aprovecharon para tomarse la foto del recuerdo en los adornos navide\u00f1os del lugar.<\/p>\n\n\n\n<p>Los asistentes externaron su gusto y agradecieron a la alcaldesa por mantener viva esta tradici\u00f3n tan mexicana para que contin\u00fae entre las nuevas generaciones.<\/p>\n\n\n\n<p>\u201cEsta tradici\u00f3n es hermosa y que bueno que en Nuevo Laredo se realicen estos actos, que son mexicanos y son sus tradiciones\u201d, dijo una emocionada Juanita Flores, representante de la Casa Hogar.<\/p>\n\n\n\n<p>Los j\u00f3venes son los que continuar\u00e1n la tradici\u00f3n y est\u00e1n conscientes de ello y dispuestos a tomar la estafeta, porque significa tambi\u00e9n la convivencia familiar.<\/p>\n\n\n\n<p>\u201cEs bonita, sirve para convivir en familia y cuando te toca el monito, tienes que hacer los tamales, el champurrado, as\u00ed puedes convivir en familia\u201d, dijo Renta Casanova Montes.<\/p>\n\n\n\n<p>El agradecimiento a la alcaldesa por este tipo de eventos es una constante entre los asistentes que disfrutan de su rosca y un champurrado o chocolate bien calientito.<\/p>\n\n\n\n<p>\u201cMuchas gracias a Carmen Lilia. Porque disfrutamos en familia\u201d, menciona Rosa Moreno, habitante de la colonia Las Torres.<\/p>\n","protected":false},"excerpt":{"rendered":"<p>Nuevo Laredo, Tamps.- Ni el fr\u00edo detuvo a decenas de familias que llenaron el \u201cViveros M\u00e1gico\u201d en su \u00faltimo d\u00eda, para compartir con el Gobierno Municipal, la tradicional Mega Rosca &hellip; <a href=\"http:\/\/revistalaneta.com.mx\/?p=15308\" class=\"more-link\">Leer m\u00e1s<\/a><\/p>\n","protected":false},"author":1,"featured_media":15307,"comment_status":"open","ping_status":"open","sticky":false,"template":"","format":"standard","meta":{"footnotes":""},"categories":[4],"tags":[],"class_list":["post-15308","post","type-post","status-publish","format-standard","has-post-thumbnail","hentry","category-nuevo-laredo","entry"],"_links":{"self":[{"href":"http:\/\/revistalaneta.com.mx\/index.php?rest_route=\/wp\/v2\/posts\/15308","targetHints":{"allow":["GET"]}}],"collection":[{"href":"http:\/\/revistalaneta.com.mx\/index.php?rest_route=\/wp\/v2\/posts"}],"about":[{"href":"http:\/\/revistalaneta.com.mx\/index.php?rest_route=\/wp\/v2\/types\/post"}],"author":[{"embeddable":true,"href":"http:\/\/revistalaneta.com.mx\/index.php?rest_route=\/wp\/v2\/users\/1"}],"replies":[{"embeddable":true,"href":"http:\/\/revistalaneta.com.mx\/index.php?rest_route=%2Fwp%2Fv2%2Fcomments&post=15308"}],"version-history":[{"count":1,"href":"http:\/\/revistalaneta.com.mx\/index.php?rest_route=\/wp\/v2\/posts\/15308\/revisions"}],"predecessor-version":[{"id":15309,"href":"http:\/\/revistalaneta.com.mx\/index.php?rest_route=\/wp\/v2\/posts\/15308\/revisions\/15309"}],"wp:featuredmedia":[{"embeddable":true,"href":"http:\/\/revistalaneta.com.mx\/index.php?rest_route=\/wp\/v2\/media\/15307"}],"wp:attachment":[{"href":"http:\/\/revistalaneta.com.mx\/index.php?rest_route=%2Fwp%2Fv2%2Fmedia&parent=15308"}],"wp:term":[{"taxonomy":"category","embeddable":true,"href":"http:\/\/revistalaneta.com.mx\/index.php?rest_route=%2Fwp%2Fv2%2Fcategories&post=15308"},{"taxonomy":"post_tag","embeddable":true,"href":"http:\/\/revistalaneta.com.mx\/index.php?rest_route=%2Fwp%2Fv2%2Ftags&post=15308"}],"curies":[{"name":"wp","href":"https:\/\/api.w.org\/{rel}","templated":true}]}}