{"id":15320,"date":"2025-01-11T14:51:43","date_gmt":"2025-01-11T14:51:43","guid":{"rendered":"http:\/\/revistalaneta.com.mx\/?p=15320"},"modified":"2025-01-11T14:52:18","modified_gmt":"2025-01-11T14:52:18","slug":"refrenda-americo-respeto-a-la-libertad-de-expresion","status":"publish","type":"post","link":"http:\/\/revistalaneta.com.mx\/?p=15320","title":{"rendered":"REFRENDA AM\u00c9RICO RESPETO A LA LIBERTAD DE EXPRESI\u00d3N"},"content":{"rendered":"\n<p id=\"m_-3542510280887664636docs-internal-guid-fcc9cd12-7fff-68d0-fb8e-18e9415ae27c\"><\/p>\n\n\n\n<p>En convivio con representantes de los medios de comunicaci\u00f3n de todo el estado, el gobernador Am\u00e9rico Villarreal Anaya refrend\u00f3 su compromiso con la libertad de expresi\u00f3n a la vez que ratific\u00f3 que su gobierno est\u00e1 abierto a la cr\u00edtica y no le tiene miedo a la verdad, y a la par reconoci\u00f3 la labor de los periodistas, indicando que ejercen una labor que requiere de mucho valor. En el acto, celebrado en conocido casino de la capital del estado, tambi\u00e9n hizo uso de la palabra el coordinador de Comunicaci\u00f3n Social, Francisco Cu\u00e9llar, quien resalt\u00f3 que el gobierno tamaulipeco ha sido respetuoso de la libertad de expresi\u00f3n, y prueba de ello es que no se censura ni persigue a nadie, como sucedi\u00f3 en otros gobiernos. Durante el evento se rindi\u00f3 un minuto de silencio en honor de Don Manuel Montiel Govea, ex director de Comunicaci\u00f3n Social en el gobierno del ingeniero Am\u00e9rico Villarreal Guerra, padre del actual gobernador, y tambi\u00e9n se hizo entrega de manera simb\u00f3lica de tarjetas de afiliaci\u00f3n al IMSS-Bienestar por parte de periodistas que previamente se registraron para recibir dicho beneficio. Cabe indicar que en el evento estuvieron todos los miembros del gabinete estatal, mismos que convivieron con los periodistas.<\/p>\n\n\n\n<p>SE RE\u00daNE ALCALDESA CON FUNCIONARIOS ESTATALES<\/p>\n\n\n\n<p>Bajo el firme prop\u00f3sito de garantizar una mejor calidad de vida para los ciudadanos mediante la optimizaci\u00f3n de recursos, la implementaci\u00f3n de programas conjuntos, y la atenci\u00f3n efectiva a las necesidades de la comunidad, la presidenta municipal de Nuevo Laredo, Carmen Lilia Canturosas Villarreal, celebr\u00f3 una reuni\u00f3n con funcionarios estatales a fin fortalecer la coordinaci\u00f3n entre el Gobierno Municipal de Nuevo Laredo y el Gobierno del Estado de Tamaulipas, y con ello consolidar los proyectos de transformaci\u00f3n del gobernador Am\u00e9rico Villarreal Anaya en la ciudad. En el evento denominado \u201cConversatorio Juntos Lo Hacemos Posible\u201d se discutieron estrategias conjuntas enfocadas en \u00e1reas prioritarias como seguridad p\u00fablica, desarrollo econ\u00f3mico, infraestructura, salud, educaci\u00f3n, transporte p\u00fablico y migraci\u00f3n.&nbsp;<\/p>\n\n\n\n<p>LOS PARTICIPANTES<\/p>\n\n\n\n<p>A la reuni\u00f3n asistieron C\u00e9sar Bola\u00f1os Calzado, jefe regional de Educaci\u00f3n; Gilberto Mart\u00ednez Arcega, delegado del Transporte P\u00fablico; Francisco Parra P\u00e9rez, delegado regional del Instituto Tamaulipeco para el Migrante; Horacio Seoane Yeme, delegado de Bienestar Social; Roque Hern\u00e1ndez Reyes, Jefe de la Oficina Fiscal; Hector Mu\u00f1iz Salinas, Oficial Tercero del Registro Civil; Ricardo Perez Torres, Oficial Cuarto del Registro Civil; Manlio Fabio Benavides, jefe de la Jurisdicci\u00f3n Sanitaria N\u00f9mero&nbsp; 5; Adriana L\u00f3pez Carillo, directora del Hospital Civil; Mario Perez Coss, director del Hospital General y Rosa Mar\u00eda Ruiz Gordillo, coordinadora del Servicio Nacional de Empleo, ante quienes la alcaldesa Carmen Lilia Canturosas Villarreal reiter\u00f3 su compromiso de trabajar de la mano con cada uno de ellos en beneficio de los ciudadanos.&nbsp;<\/p>\n\n\n\n<p>\u00bfSE REGRESAR\u00c1 A CLASES ESTE MI\u00c9RCOLES?<\/p>\n\n\n\n<p>Este mi\u00e9rcoles es el regreso a clases tras las vacaciones navide\u00f1as. Sin embargo es probable que muchos alumnos no acudan a las aulas, pues puede darse el caso de que sus padres no los lleven, debido al fr\u00edo que se espera para la ma\u00f1ana de este d\u00eda, que oscilar\u00e1 en alrededor de los 4 grados cent\u00edgrados. Y es que en este sentido la secretaria de Educaci\u00f3n de Tamaulipas, Luc\u00eda Aim\u00e9 Castillo Pastor, ya dijo que queda a criterio de los padres mandar a sus hijos a la escuela cuando la temperatura oscile entre los 5 y 1 grados cent\u00edgrados, y que solo se suspender\u00e1n las clases cuando el term\u00f3metro marque de cero grados hacia abajo. As\u00ed que mal estar\u00edamos empezando el 2025 en educaci\u00f3n, al no estar acudiendo los alumnos en su primer d\u00eda de clases de este nuevo a\u00f1o.<\/p>\n\n\n\n<p>CANCELADO EL VUELO NLD-VICTORIA-CDMX<\/p>\n\n\n\n<p>Lamentable sin duda la cancelaci\u00f2n del vuelo de Nuevo Laredo&#8211;Victoria-CDMX, y viceversa, que estaba ofreciendo la empresa de aviaci\u00f3n Mexicana, y lo cual es consecuencia de la baja demanda del y mismo. Y es que desde que se puso enn marcha dicho vuelo tuvo muy poca demanda, m\u00e1s que nada por la competencia que se ten\u00eda en Nuevo Laredo con Aerom\u00e9xico y Viva Aerob\u00fas, que tambi\u00e9n tienen vuelos a la capital del pa\u00eds. No obstante el que se incluyera en el recorrido una escala en Ciudad Victoria, resultaba atractivo, sobre todo para aquellos que tienen que arreglar asuntos en la capital del estado, pero la realidad es que pocos eran los que viajaban a Victoria. Aparte el tener los vuelos solo los martes, jueves y s\u00e1bado, no ayudaba mucho, menos cuando la llegada a Victoria era alrededor de las tres de la tarde, cuando ya las oficinas de la capital est\u00e1n cerradas, asi que no era muy factible que digamos. Y finalmente sucedi\u00f3 lo que ten\u00eda que suceder, el vuelo ha sido cancelado por falta de pasajeros. Ni modo.<\/p>\n\n\n\n<p>POL\u00cdTICOS QUE NO HAY QUE PERDER DE VISTA<\/p>\n\n\n\n<p>En d\u00edas pasados me encontr\u00e9 a los ex diputados locales Glafiro Salinas Mendiola y Ramiro Ramos Salinas, platicando amenamente en conocido restaurante de sur de la ciudad. Obviamente el encuentro de estos dos reconocidos personajes pol\u00edticos neolaredenses, uno del PAN, y el otro del PRI, es de llamar la atenci\u00f3n, pues es claro que su pl\u00e1tica se ha de haber centrado en el tema pol\u00edtico. \u00bfSer\u00e1 acaso que andan buscando una nueva alianza pol\u00edtica con miras al pr\u00f3ximo proceso electoral? Y sobre todo si ser\u00e1 una alianza alternativa a la que ya tienen panistas y pri\u00edstas. Ya veremos.<\/p>\n\n\n\n<p>ELECCI\u00d3N JUDICIAL AVANZA DENTRO DE LOS TIEMPOS ESTABLECIDOS<\/p>\n\n\n\n<p>En pl\u00e1tica con el presidente del Instituto Electoral de Tamaulipas (IETAM), Juan Jos\u00e9 Ramos Charre, este asegur\u00f3 que a\u00fan cuando no se le autorizar\u00e1 a dicho organismo electoral el presupuesto que ha solicitado para celebrar debidamente la elecci\u00f3n judicial, la comunidad tamaulipeca debe estar segura que dicho proceso electoral se celebrar\u00e1 sin contratiempos, aunque para ello habr\u00e1 que adoptar medidas extremas para poder cumplir con la tarea, pero de que se cumplir\u00e1, se cumplir\u00e1. Ramos Charre dijo que de hecho el proceso avanza de acuerdo a los tiempos establecidos, y en breve se dar\u00e1n a conocer los nombres de los aspirantes, mismos que por cierto van a tener que cumplir con una serie de requisitos para realizar sus campa\u00f1as, que ya m\u00e1s adelante se dar\u00e1n a conocer, pues en este sentido hay mucho que comentar, y claro que ya lo iremos comentando.<\/p>\n\n\n\n<p>HAY NUEVA SECRETARIA T\u00c9CNICA EN LA UAT<\/p>\n\n\n\n<p>La doctora Mar\u00eda Concepci\u00f3n Placencia ha sido designada como secretaria general de la Universidad Aut\u00f3noma de Tamaulipas (UAT), esto por parte del rector D\u00e1maso Anaya Alvarado, quien al anunciar el nombramiento manifest\u00f3 su confianza de con la nueva integrante de la directiva se pueda fortalecer el trabajo institucional y continuar impulsando el mejoramiento de la educaci\u00f3n, en beneficio de los universitarios y de la entidad en general. La docttora Placencia Valadez, tiene en su haber que ha realizado su formaci\u00f3n profesional en la UAT como Ingeniero Agr\u00f3nomo Especialista en Suelos, licenciada en Administraci\u00f3n, maestra en Desarrollo de Recursos Humanos y doctora en Administraci\u00f3n P\u00fablica, y viene a relevar en el cargo al Dr. Eduardo Arvizu S\u00e1nchez.<\/p>\n","protected":false},"excerpt":{"rendered":"<p>En convivio con representantes de los medios de comunicaci\u00f3n de todo el estado, el gobernador Am\u00e9rico Villarreal Anaya refrend\u00f3 su compromiso con la libertad de expresi\u00f3n a la vez que &hellip; <a href=\"http:\/\/revistalaneta.com.mx\/?p=15320\" class=\"more-link\">Leer m\u00e1s<\/a><\/p>\n","protected":false},"author":1,"featured_media":15319,"comment_status":"open","ping_status":"open","sticky":false,"template":"","format":"standard","meta":{"footnotes":""},"categories":[2],"tags":[],"class_list":["post-15320","post","type-post","status-publish","format-standard","has-post-thumbnail","hentry","category-chismorreo","entry"],"_links":{"self":[{"href":"http:\/\/revistalaneta.com.mx\/index.php?rest_route=\/wp\/v2\/posts\/15320","targetHints":{"allow":["GET"]}}],"collection":[{"href":"http:\/\/revistalaneta.com.mx\/index.php?rest_route=\/wp\/v2\/posts"}],"about":[{"href":"http:\/\/revistalaneta.com.mx\/index.php?rest_route=\/wp\/v2\/types\/post"}],"author":[{"embeddable":true,"href":"http:\/\/revistalaneta.com.mx\/index.php?rest_route=\/wp\/v2\/users\/1"}],"replies":[{"embeddable":true,"href":"http:\/\/revistalaneta.com.mx\/index.php?rest_route=%2Fwp%2Fv2%2Fcomments&post=15320"}],"version-history":[{"count":1,"href":"http:\/\/revistalaneta.com.mx\/index.php?rest_route=\/wp\/v2\/posts\/15320\/revisions"}],"predecessor-version":[{"id":15321,"href":"http:\/\/revistalaneta.com.mx\/index.php?rest_route=\/wp\/v2\/posts\/15320\/revisions\/15321"}],"wp:featuredmedia":[{"embeddable":true,"href":"http:\/\/revistalaneta.com.mx\/index.php?rest_route=\/wp\/v2\/media\/15319"}],"wp:attachment":[{"href":"http:\/\/revistalaneta.com.mx\/index.php?rest_route=%2Fwp%2Fv2%2Fmedia&parent=15320"}],"wp:term":[{"taxonomy":"category","embeddable":true,"href":"http:\/\/revistalaneta.com.mx\/index.php?rest_route=%2Fwp%2Fv2%2Fcategories&post=15320"},{"taxonomy":"post_tag","embeddable":true,"href":"http:\/\/revistalaneta.com.mx\/index.php?rest_route=%2Fwp%2Fv2%2Ftags&post=15320"}],"curies":[{"name":"wp","href":"https:\/\/api.w.org\/{rel}","templated":true}]}}