{"id":15326,"date":"2025-01-11T14:58:50","date_gmt":"2025-01-11T14:58:50","guid":{"rendered":"http:\/\/revistalaneta.com.mx\/?p=15326"},"modified":"2025-01-11T14:59:26","modified_gmt":"2025-01-11T14:59:26","slug":"se-reune-clcr-con-funcionarios-federales","status":"publish","type":"post","link":"http:\/\/revistalaneta.com.mx\/?p=15326","title":{"rendered":"SE RE\u00daNE CLCR CON FUNCIONARIOS FEDERALES"},"content":{"rendered":"\n<p><br>As\u00ed como el martes se reuni\u00f3 con funcionarios estatales, este mi\u00e9rcoles la alcaldesa neolaredense Carmen Lilia Canturosas Villarreal sostuvo un encuentro con funcionarios federales, con quienes igualmente acord\u00f3 trabajar en equipo, para generar m\u00e1s y mejores beneficios para los ciudadanos. En dicha reuni\u00f3n se abordaron temas relacionados con los programas de bienestar social, salud, migraci\u00f3n, aduana, seguridad, entre otros, donde se plantearon soluciones a las problem\u00e1ticas que se presentan, y el f\u00e9rreo compromiso de trabajar en sinergia, cumpliendo con las indicaciones de la presidenta Claudia Sheinbaum Pardo. En la reuni\u00f3n tomaron parte el Mayor An\u00edbal M\u00e9ndez Escudero, subdirector de la Aduana de Nuevo Laredo; Eduardo Garc\u00eda G\u00f3mez, Administrador \u00danico de los Inmuebles Federales de la Regi\u00f3n Tamaulipas; Graciela Pacheco Romano, gerente general de la Loter\u00eda Nacional; Diana Jim\u00e9nez Ram\u00edrez, administradora de Correos de M\u00e9xico; David Ram\u00edrez M\u00e1rquez, del Instituto Nacional de Estad\u00edsticas y Geograf\u00eda (INEGI), Manlio Fabio Benavides Sanmiguel, director del ISSSTE, Antonio Rebollo Cruz, del Instituto Nacional del Suelo Sustentable; Heriberto Cant\u00fa De\u00e1ndar, director regional de Bienestar Regi\u00f3n 4; Jos\u00e9 Mart\u00ednez Mart\u00ednez, delegado del Instituto Mexicano del Seguro Social (IMSS); Ricardo Buenabad L\u00f3pez, administrador del Aeropuerto Internacional Quetzalc\u00f3atl; Josefina Almanza Sanc\u00e9n, jefa del consejo distrital para el Desarrollo Rural Sustentable 154 Laredo; Andrea Gonz\u00e1lez Castillo, titular oficinas de Infonavit; Ram\u00f3n Meza Gonz\u00e1lez, titular de la Comisi\u00f3n Internacional de L\u00edmites y Aguas (CILA) y Esther Garc\u00eda Ancira, enlace administrativo de la oficina de representaci\u00f3n en Nuevo Laredo de la Secretar\u00eda de Econom\u00eda.<\/p>\n\n\n\n<p>OPER\u00d3 EL 90 POR CIENTO DE ESCUELAS<br \/>Durante el primer d\u00eda de clases de este nuevo a\u00f1o 2025, el 90 por ciento de las escuelas ubicadas en todo Tamaulipas abrieron sus puertas para recibir a los alumnos, pese al intenso fr\u00edo registrado casi en toda la entidad. Esto fue asegurado por la subsecretaria de Educaci\u00f3n B\u00e1sica de Tamaulipas, Marcela Ram\u00edrez Jord\u00e1n, quien dijo que el 10 por ciento de las escuelas que no abrieron no fue precisamente por el fr\u00edo, sino porque se encuentran en un proceso de rehabilitaci\u00f3n debido a las condiciones f\u00edsicas en que se encuentran. Lo que no dijo la subsecretaria fue a cuanto ascendi\u00f3 el porcentaje de ausencia escolar por el fr\u00edo en todo el estado, tomando en cuenta que ha quedado a criterio de los padres si mandan o no a sus hijos a la escuela, cuando la temperatura oscile entre los 5 grados y 1 grado cent\u00edgrado. Eso s\u00ed no se dijo.<\/p>\n\n\n\n<p>MARCADO AUSENTISMO<br \/>En lo que respecta a Nuevo Laredo la afluencia escolar en el primer d\u00eda de clases del 2025 fue por dem\u00e1s baja, seg\u00fan lo reportado por el profesor C\u00e9sar Bola\u00f1os Hern\u00e1ndez, jefe del Centro Regional de Desarrollo Educativo (CREDE). Y es que en los jardines de ni\u00f1os la asistencia fue de apenas el 5 por ciento, mientras que en primaria del 20 por ciento y en secundaria del 35 por ciento, esto en lo que respecta a la educaci\u00f3n b\u00e1sica. Nada vale que el fr\u00edo va a seguir, y es probable que muchos padres de familia opten por mantener a sus hijos alejados de los planteles. En este tenor el profesor Bola\u00f1os ha hecho el llamado para que s\u00ed los manden, aunque eso s\u00ed, bien abrigados. A la vez ha dicho que quedar\u00e1 a criterio de los directores si se permite la entrada m\u00e1s tarde, cuando la temperatura baje entre los 5 y 1 grados cent\u00edgrados, todo esto a fin de que no se pierdan tantas clases.<\/p>\n\n\n\n<p>TIEMPOS D\u00c9BILES<br \/>Y si bien es cierto que el fr\u00edo afecta la salud de los peque\u00f1os, tambi\u00e9n hay que considerar que los chamacos tienen que acostumbrarse y cumplir con su obligaci\u00f3n de ir a la escuela. Yo la verdad no recuerdo cuando fue que se empez\u00f3 a darse mucha consideraci\u00f3n a los alumnos de no ir a clases en d\u00edas g\u00e9lidos, siendo que cuando nosotros \u00e9ramos chamacos \u00edbamos a la escuela as\u00ed estuviera debajo de cero grados. Yo recuerdo, sin exagerar que avanz\u00e1bamos tres pasos y retroced\u00edamos uno, del fr\u00edazo, pero aun as\u00ed lleg\u00e1bamos a la escuela \u00a1y muchos todo el trayecto a pie! Y ni ventanas ten\u00edamos en las aulas, y si hab\u00eda quien no asistiera los \u201cprofes\u201d no se tentaban el coraz\u00f3n para ponerte falta. Hoy hacen un mitote tremendo los padres de familia por un friecillo, que si vivieran en Alaska no saldr\u00edan jam\u00e1s de sus casas. Y claro que hay quienes dicen que son otros tiempos, y s\u00ed, son otros tiempos, pero tiempos m\u00e1s d\u00e9biles que los tiempos de anta\u00f1o. Por lo que si seguimos sin llevar a los chamacos a la escuela cuando haga fr\u00edo, en 20 a\u00f1os no habr\u00e1 actividad alguna en invierno. Y todo por d\u00e9biles.<\/p>\n\n\n\n<p>CAMBIOS EN EL INFORME EL GOBERNADOR<br \/>El Congreso del Estado aprob\u00f3 reformas a la Constituci\u00f3n Pol\u00edtica del Estado para que en a\u00f1os de elecciones, se adelante para el mes de febrero, en vez de marzo, el informe anual del gobernador Am\u00e9rico Villarreal Anaya y la comparecencia de funcionarios estatales ante el pleno legislativo, en el desglose del referido informe, esto a fin de no interferir en los procesos electorales. Por lo tanto en a\u00f1os de elecciones, el informe del mandatario estatal y las comparecencias ser\u00edan en la primera quincena de febrero. Cabe indicar que ser\u00eda hasta el 2027 cuando se aplique dicha medida, pues es cuando se tienen contempladas elecciones pol\u00edticas, ya que si bien es cierto en este 2025 puede haber la elecci\u00f3n judicial, esta no entra dentro de dicho contexto, pues los partidos pol\u00edticos y funcionarios de los tres niveles de gobierno no tienen participaci\u00f3n en dicho proceso.<\/p>\n\n\n\n<p>PROMUEVE LA UAT BECAS PARA INICIO DE NUEVO CICLO ESCOLAR<br \/>La Universidad Aut\u00f3noma de Tamaulipas (UAT) se encuentra promoviendo el esquema de becas para nuevo ingreso y apoyo a estudiantes con discapacidad. En el caso de la Beca de Nuevo Ingreso esta va dirigida a egresados de nivel medio superior con promedio general m\u00ednimo de 9.5, y la Beca para Personas con Discapacidad va destinada a estudiantes con discapacidad permanente que deseen cursar estudios de bachillerato, licenciatura o posgrado. Cabe indicar que estos est\u00edmulos se suman a la Beca UAT, que se cerr\u00f3 el pasado mes, y que ha sido instituida para apoyar la inscripci\u00f3n de estudiantes que, durante el ciclo inmediato anterior, se han destacado en actividades deportivas, culturales y en programas de humanismo social. Para m\u00e1s informes sobre los programas de becas los estudiantes pueden comunicarse al tel\u00e9fono 834 318 1800, extensi\u00f3n 1952, o bien contactar las redes sociales de la Secretar\u00eda de Gesti\u00f3n Escolar, o acudir al \u00e1rea correspondiente en su facultad, unidad acad\u00e9mica o escuela preparatoria.<\/p>\n\n\n\n<p>LO \u00daLTIMO<br \/>Cobijas y calentadores llev\u00f3 la tarde de este fr\u00edo mi\u00e9rcoles la alcaldesa Carmen Lilia Canturosas Villarreal a vecinos de las colonias El Campanario y Oradel, a fin de que se guarezcan del clima g\u00e9lido, y como parte de un compromiso contra\u00eddo semanas atr\u00e1s, pues en este sentido Carmen Lilia ya hab\u00eda anunciado que har\u00eda dichas entregas, y cumpli\u00f3\u2026 La regidora Leticia Barrera Garza se perfila a dirigir al PRI de Nuevo Laredo. Al interior de dicho partido consideran que es la m\u00e1s id\u00f3nea\u2026 Por incre\u00edble que parezca se agot\u00f3 el cocido para caldo, con todo y chamberete, en la mayor\u00eda de las carnicer\u00edas de Nuevo Laredo. Y es que en corto las \u201cdo\u00f1itas\u201d se pusieron a hacer carne de res con el fr\u00edo. Por la misma raz\u00f3n se ha dado una alta demanda de producto en las panader\u00edas\u2026 Estar\u00eda bueno saber qui\u00e9n hizo la obra del portal de contenci\u00f3n situado en Anzures cruz con Carretera Aeropuerto. Y es que dicha estructura de color amarillo ahora \u201ctumb\u00f3\u201d a una moto-conformadora que intent\u00f3 pasar por debajo de la misma, y que sobrepasaba el l\u00edmite de tres metros de altura. Ya son varios los veh\u00edculos que han \u201cca\u00eddo\u201d bajo dicha estructura, de ah\u00ed que muchos quieran saber qui\u00e9n lo construy\u00f3 para proponerlo como titular de Obras P\u00fablicas, ya que ese constructor s\u00ed hace estructuras de buena calidad jejejeje.<\/p>\n","protected":false},"excerpt":{"rendered":"<p>As\u00ed como el martes se reuni\u00f3 con funcionarios estatales, este mi\u00e9rcoles la alcaldesa neolaredense Carmen Lilia Canturosas Villarreal sostuvo un encuentro con funcionarios federales, con quienes igualmente acord\u00f3 trabajar en &hellip; <a href=\"http:\/\/revistalaneta.com.mx\/?p=15326\" class=\"more-link\">Leer m\u00e1s<\/a><\/p>\n","protected":false},"author":1,"featured_media":15325,"comment_status":"open","ping_status":"open","sticky":false,"template":"","format":"standard","meta":{"footnotes":""},"categories":[2],"tags":[],"class_list":["post-15326","post","type-post","status-publish","format-standard","has-post-thumbnail","hentry","category-chismorreo","entry"],"_links":{"self":[{"href":"http:\/\/revistalaneta.com.mx\/index.php?rest_route=\/wp\/v2\/posts\/15326","targetHints":{"allow":["GET"]}}],"collection":[{"href":"http:\/\/revistalaneta.com.mx\/index.php?rest_route=\/wp\/v2\/posts"}],"about":[{"href":"http:\/\/revistalaneta.com.mx\/index.php?rest_route=\/wp\/v2\/types\/post"}],"author":[{"embeddable":true,"href":"http:\/\/revistalaneta.com.mx\/index.php?rest_route=\/wp\/v2\/users\/1"}],"replies":[{"embeddable":true,"href":"http:\/\/revistalaneta.com.mx\/index.php?rest_route=%2Fwp%2Fv2%2Fcomments&post=15326"}],"version-history":[{"count":1,"href":"http:\/\/revistalaneta.com.mx\/index.php?rest_route=\/wp\/v2\/posts\/15326\/revisions"}],"predecessor-version":[{"id":15327,"href":"http:\/\/revistalaneta.com.mx\/index.php?rest_route=\/wp\/v2\/posts\/15326\/revisions\/15327"}],"wp:featuredmedia":[{"embeddable":true,"href":"http:\/\/revistalaneta.com.mx\/index.php?rest_route=\/wp\/v2\/media\/15325"}],"wp:attachment":[{"href":"http:\/\/revistalaneta.com.mx\/index.php?rest_route=%2Fwp%2Fv2%2Fmedia&parent=15326"}],"wp:term":[{"taxonomy":"category","embeddable":true,"href":"http:\/\/revistalaneta.com.mx\/index.php?rest_route=%2Fwp%2Fv2%2Fcategories&post=15326"},{"taxonomy":"post_tag","embeddable":true,"href":"http:\/\/revistalaneta.com.mx\/index.php?rest_route=%2Fwp%2Fv2%2Ftags&post=15326"}],"curies":[{"name":"wp","href":"https:\/\/api.w.org\/{rel}","templated":true}]}}