{"id":15329,"date":"2025-01-14T19:55:39","date_gmt":"2025-01-14T19:55:39","guid":{"rendered":"http:\/\/revistalaneta.com.mx\/?p=15329"},"modified":"2025-01-14T19:56:11","modified_gmt":"2025-01-14T19:56:11","slug":"dif-nuevo-laredo-abre-inscripciones-para-clases-gratuitas-en-la-escuela-de-musica","status":"publish","type":"post","link":"http:\/\/revistalaneta.com.mx\/?p=15329","title":{"rendered":"DIF Nuevo Laredo abre inscripciones para clases gratuitas en la Escuela de M\u00fasica"},"content":{"rendered":"\n<p><\/p>\n\n\n\n<p>Nuevo Laredo, Tamps.- El Sistema DIF Nuevo Laredo abre el periodo de inscripciones para las clases gratuitas que se impartir\u00e1n en la Escuela de M\u00fasica durante el ciclo enero-junio 2025.<\/p>\n\n\n\n<p>Esta instituci\u00f3n, \u00fanica en Tamaulipas, se ha consolidado como un espacio de formaci\u00f3n art\u00edstica y cultural que beneficia a menores, personas con discapacidad y familias enteras, promoviendo el desarrollo integral de la comunidad.<\/p>\n\n\n\n<p>El registro estar\u00e1 abierto del 6 al 17 de enero en las instalaciones de la Escuela de M\u00fasica, ubicada en Eva S\u00e1mano 1511, colonia La Fe, de lunes a viernes en horario de 9:30 de la ma\u00f1ana a 2 de la tarde, y de 3 a 6 de la tarde.<\/p>\n\n\n\n<p>Para inscribirse, es necesario presentar copia del acta de nacimiento, CURP, comprobante de domicilio, credencial de elector del padre, madre o tutor en caso de menores de edad, dos fotograf\u00edas tama\u00f1o infantil y contar con instrumento propio.<\/p>\n\n\n\n<p>Viviano V\u00e1zquez Mac\u00edas, director general del DIF Nuevo Laredo, destac\u00f3 la importancia de esta iniciativa:<\/p>\n\n\n\n<p>\u201cEl DIF est\u00e1 comprometido con la formaci\u00f3n integral de los menores, personas con discapacidad y familias enteras. Por ello, impartimos de manera gratuita estas clases, contribuyendo al desarrollo art\u00edstico y cultural de nuestra comunidad\u201d.<\/p>\n\n\n\n<p>Se\u00f1al\u00f3 que la Escuela de M\u00fasica adem\u00e1s fomenta valores y habilidades que enriquecen a la comunidad.<\/p>\n\n\n\n<p>La oferta educativa incluye una amplia variedad de clases que abarcan canto y m\u00e1s de diez instrumentos, entre ellos viol\u00edn, teclado, guitarra ac\u00fastica y el\u00e9ctrica, ukelele, bater\u00eda, flauta, clarinete, saxof\u00f3n, trompeta, bugle, corno, bar\u00edtono, tromb\u00f3n y tuba. Y clases de m\u00fasica para personas con discapacidad.<\/p>\n\n\n\n<p>La edad m\u00ednima para participar depende de la materia, siendo 7 a\u00f1os el requisito general en la mayor\u00eda de los cursos.<\/p>\n\n\n\n<p>Las clases comenzar\u00e1n el pr\u00f3ximo 20 de enero y ofrecen a los estudiantes la oportunidad de explorar su talento en un entorno incluyente, de calidad y completamente gratuito.<\/p>\n","protected":false},"excerpt":{"rendered":"<p>Nuevo Laredo, Tamps.- El Sistema DIF Nuevo Laredo abre el periodo de inscripciones para las clases gratuitas que se impartir\u00e1n en la Escuela de M\u00fasica durante el ciclo enero-junio 2025. &hellip; <a href=\"http:\/\/revistalaneta.com.mx\/?p=15329\" class=\"more-link\">Leer m\u00e1s<\/a><\/p>\n","protected":false},"author":1,"featured_media":15328,"comment_status":"open","ping_status":"open","sticky":false,"template":"","format":"standard","meta":{"footnotes":""},"categories":[4],"tags":[],"class_list":["post-15329","post","type-post","status-publish","format-standard","has-post-thumbnail","hentry","category-nuevo-laredo","entry"],"_links":{"self":[{"href":"http:\/\/revistalaneta.com.mx\/index.php?rest_route=\/wp\/v2\/posts\/15329","targetHints":{"allow":["GET"]}}],"collection":[{"href":"http:\/\/revistalaneta.com.mx\/index.php?rest_route=\/wp\/v2\/posts"}],"about":[{"href":"http:\/\/revistalaneta.com.mx\/index.php?rest_route=\/wp\/v2\/types\/post"}],"author":[{"embeddable":true,"href":"http:\/\/revistalaneta.com.mx\/index.php?rest_route=\/wp\/v2\/users\/1"}],"replies":[{"embeddable":true,"href":"http:\/\/revistalaneta.com.mx\/index.php?rest_route=%2Fwp%2Fv2%2Fcomments&post=15329"}],"version-history":[{"count":1,"href":"http:\/\/revistalaneta.com.mx\/index.php?rest_route=\/wp\/v2\/posts\/15329\/revisions"}],"predecessor-version":[{"id":15330,"href":"http:\/\/revistalaneta.com.mx\/index.php?rest_route=\/wp\/v2\/posts\/15329\/revisions\/15330"}],"wp:featuredmedia":[{"embeddable":true,"href":"http:\/\/revistalaneta.com.mx\/index.php?rest_route=\/wp\/v2\/media\/15328"}],"wp:attachment":[{"href":"http:\/\/revistalaneta.com.mx\/index.php?rest_route=%2Fwp%2Fv2%2Fmedia&parent=15329"}],"wp:term":[{"taxonomy":"category","embeddable":true,"href":"http:\/\/revistalaneta.com.mx\/index.php?rest_route=%2Fwp%2Fv2%2Fcategories&post=15329"},{"taxonomy":"post_tag","embeddable":true,"href":"http:\/\/revistalaneta.com.mx\/index.php?rest_route=%2Fwp%2Fv2%2Ftags&post=15329"}],"curies":[{"name":"wp","href":"https:\/\/api.w.org\/{rel}","templated":true}]}}